{"id":108526,"date":"2017-11-24T10:54:42","date_gmt":"2017-11-24T13:54:42","guid":{"rendered":"http:\/\/senoticias.com.br\/se\/?p=108526"},"modified":"2017-11-24T11:36:27","modified_gmt":"2017-11-24T14:36:27","slug":"malhada-dos-bois-motorista-com-cnh-suspensa-e-detido-pela-prf-na-br-101","status":"publish","type":"post","link":"https:\/\/senoticias.com.br\/se\/malhada-dos-bois-motorista-com-cnh-suspensa-e-detido-pela-prf-na-br-101\/","title":{"rendered":"Motorista com CNH suspensa \u00e9 detido pela PRF na BR 101, em Malhada dos Bois"},"content":{"rendered":"<p style=\"text-align: justify;\">Policiais Rodovi\u00e1rios Federais detiveram na manh\u00e3 de ontem, 23, um motorista com a Carteira Nacional de Habilita\u00e7\u00e3o (CNH) suspensa. A a\u00e7\u00e3o aconteceu no Km 23 da BR 101, no munic\u00edpio de Malhada dos Bois\/SE.<\/p>\n<div id=\"attachment_108527\" style=\"width: 570px\" class=\"wp-caption aligncenter\"><a href=\"http:\/\/senoticias.com.br\/se\/wp-content\/uploads\/2017\/11\/prf-SENOTICIAS.jpg\"><img loading=\"lazy\" decoding=\"async\" aria-describedby=\"caption-attachment-108527\" class=\"size-full wp-image-108527\" src=\"http:\/\/senoticias.com.br\/se\/wp-content\/uploads\/2017\/11\/prf-SENOTICIAS.jpg\" alt=\"(Foto: Ascom)\" width=\"560\" height=\"420\" srcset=\"https:\/\/senoticias.com.br\/se\/wp-content\/uploads\/2017\/11\/prf-SENOTICIAS.jpg 560w, https:\/\/senoticias.com.br\/se\/wp-content\/uploads\/2017\/11\/prf-SENOTICIAS-300x225.jpg 300w, https:\/\/senoticias.com.br\/se\/wp-content\/uploads\/2017\/11\/prf-SENOTICIAS-45x35.jpg 45w\" sizes=\"(max-width: 560px) 100vw, 560px\" \/><\/a><p id=\"caption-attachment-108527\" class=\"wp-caption-text\">(Foto: Ascom)<\/p><\/div>\n<p style=\"text-align: justify;\">Os agentes federais realizavam trabalho de fiscaliza\u00e7\u00e3o quando abordaram o condutor de um ve\u00edculo VW\/Saveiro, com placas de Sergipe, e solicitaram a documenta\u00e7\u00e3o dele. Ele informou aos policiais que estava com a CNH suspensa e que entregou a habilita\u00e7\u00e3o ao Detran. Ap\u00f3s consulta ao banco de dados utilizado pela PRF, os agentes confirmaram que a CNH do condutor, de 40 anos, estava suspensa desde o in\u00edcio deste m\u00eas.<\/p>\n<p style=\"text-align: justify;\">O ve\u00edculo ficou retido at\u00e9 que um condutor habilitado comparecesse ao local e o motorista infrator assinou um Termo Circunstanciado de Ocorr\u00eancia (TCO).<\/p>\n<p style=\"text-align: justify;\"><strong>N\u00famero elevado<\/strong><\/p>\n<p style=\"text-align: justify;\">Somente este m\u00eas, cinquenta CNHs foram recolhidas pela PRF por irregularidades como embriaguez ao volante, suspeita de falsifica\u00e7\u00e3o, vencidas h\u00e1 mais de 30 dias e\/ou suspensas pela pontua\u00e7\u00e3o no prontu\u00e1rio do condutor infrator.<\/p>\n<p><em><strong>Acompanhe tamb\u00e9m o SE Not\u00edcias no\u00a0<a href=\"https:\/\/twitter.com\/Senoticias\" target=\"_blank\">Twitter<\/a>,\u00a0<a href=\"https:\/\/www.facebook.com\/senoticias1\" target=\"_blank\">Facebook<\/a>\u00a0e no\u00a0<a href=\"https:\/\/www.instagram.com\/senoticias\/\" target=\"_blank\">Instagram<\/a>\u00a0\u00a0<\/strong><\/em><\/p>\n<p><a href=\"http:\/\/senoticias.com.br\/se\/wp-content\/uploads\/2017\/11\/Logomarca-fone-SE-2.jpg\"><img loading=\"lazy\" decoding=\"async\" class=\"aligncenter size-full wp-image-108520\" src=\"http:\/\/senoticias.com.br\/se\/wp-content\/uploads\/2017\/11\/Logomarca-fone-SE-2.jpg\" alt=\"Logomarca fone SE\" width=\"599\" height=\"78\" srcset=\"https:\/\/senoticias.com.br\/se\/wp-content\/uploads\/2017\/11\/Logomarca-fone-SE-2.jpg 599w, https:\/\/senoticias.com.br\/se\/wp-content\/uploads\/2017\/11\/Logomarca-fone-SE-2-300x39.jpg 300w\" sizes=\"(max-width: 599px) 100vw, 599px\" \/><\/a><\/p>\n<p>&nbsp;<\/p>\n<p><em>Da Assessoria da PRF\/SE<\/em><\/p>\n","protected":false},"excerpt":{"rendered":"<p>Policiais Rodovi\u00e1rios Federais detiveram na manh\u00e3 de ontem, 23, um motorista com a Carteira Nacional de Habilita\u00e7\u00e3o (CNH) suspensa. A a\u00e7\u00e3o aconteceu no Km 23 da BR 101, no munic\u00edpio de Malhada dos Bois\/SE. Os agentes federais realizavam trabalho de fiscaliza\u00e7\u00e3o quando abordaram o condutor de um ve\u00edculo VW\/Saveiro, com placas de Sergipe, e solicitaram [&hellip;]<\/p>\n","protected":false},"author":2,"featured_media":0,"comment_status":"closed","ping_status":"closed","sticky":false,"template":"","format":"standard","meta":{"footnotes":""},"categories":[7],"tags":[7280,4928,7279,7278,4155,5154],"class_list":{"0":"post-108526","1":"post","2":"type-post","3":"status-publish","4":"format-standard","6":"category-policia","7":"tag-carteira-nacional-de-habilitacao","8":"tag-cnh","9":"tag-cnh-suspensa","10":"tag-malhada-dos-bois","11":"tag-policia-rodoviaria-federal","12":"tag-prf-sergipe"},"_links":{"self":[{"href":"https:\/\/senoticias.com.br\/se\/wp-json\/wp\/v2\/posts\/108526"}],"collection":[{"href":"https:\/\/senoticias.com.br\/se\/wp-json\/wp\/v2\/posts"}],"about":[{"href":"https:\/\/senoticias.com.br\/se\/wp-json\/wp\/v2\/types\/post"}],"author":[{"embeddable":true,"href":"https:\/\/senoticias.com.br\/se\/wp-json\/wp\/v2\/users\/2"}],"replies":[{"embeddable":true,"href":"https:\/\/senoticias.com.br\/se\/wp-json\/wp\/v2\/comments?post=108526"}],"version-history":[{"count":0,"href":"https:\/\/senoticias.com.br\/se\/wp-json\/wp\/v2\/posts\/108526\/revisions"}],"wp:attachment":[{"href":"https:\/\/senoticias.com.br\/se\/wp-json\/wp\/v2\/media?parent=108526"}],"wp:term":[{"taxonomy":"category","embeddable":true,"href":"https:\/\/senoticias.com.br\/se\/wp-json\/wp\/v2\/categories?post=108526"},{"taxonomy":"post_tag","embeddable":true,"href":"https:\/\/senoticias.com.br\/se\/wp-json\/wp\/v2\/tags?post=108526"}],"curies":[{"name":"wp","href":"https:\/\/api.w.org\/{rel}","templated":true}]}}