{"id":108507,"date":"2017-11-24T05:26:41","date_gmt":"2017-11-24T08:26:41","guid":{"rendered":"http:\/\/senoticias.com.br\/se\/?p=108507"},"modified":"2017-11-24T05:26:41","modified_gmt":"2017-11-24T08:26:41","slug":"prefeitura-de-lagarto-entra-com-acao-contra-o-governo-por-repasse-irregular-do-icms","status":"publish","type":"post","link":"https:\/\/senoticias.com.br\/se\/prefeitura-de-lagarto-entra-com-acao-contra-o-governo-por-repasse-irregular-do-icms\/","title":{"rendered":"Prefeitura de Lagarto entra com a\u00e7\u00e3o contra o Governo por repasse irregular do ICMS"},"content":{"rendered":"<p style=\"text-align: justify;\">O prefeito de Lagarto, Valmir Monteiro (PSC), decidiu processar o governador Jackson Barreto (PMDB) por n\u00e3o repassar completamente recursos do ICMS.<\/p>\n<div id=\"attachment_108508\" style=\"width: 609px\" class=\"wp-caption aligncenter\"><a href=\"http:\/\/senoticias.com.br\/se\/wp-content\/uploads\/2017\/11\/Acao-contra-o-governo-de-Sergipe-SE-NOTICIAS-e1511471596283.jpeg\"><img loading=\"lazy\" decoding=\"async\" aria-describedby=\"caption-attachment-108508\" class=\"size-full wp-image-108508\" src=\"http:\/\/senoticias.com.br\/se\/wp-content\/uploads\/2017\/11\/Acao-contra-o-governo-de-Sergipe-SE-NOTICIAS-e1511471596283.jpeg\" alt=\"Prefeitura de Lagarto entra com a\u00e7\u00e3o contra o Governo por repasse irregular do ICMS\" width=\"599\" height=\"1065\" \/><\/a><p id=\"caption-attachment-108508\" class=\"wp-caption-text\">Prefeitura de Lagarto entra com a\u00e7\u00e3o contra o Governo por repasse irregular do ICMS<\/p><\/div>\n<p style=\"text-align: justify;\">De acordo com o procurador-geral do munic\u00edpio, Bruno Lima, Lagarto deixou de receber do Estado, entre 2016 e agosto deste ano, mais de R$ 19,2 milh\u00f5es.<\/p>\n<p style=\"text-align: justify;\">Ainda segundo o procurador, o Estado n\u00e3o est\u00e1 repassando mensalmente 25% do ICMS, como determina a Carta Magna.<\/p>\n<p>No \u00faltimo m\u00eas de agosto, o governo repassou para o munic\u00edpio apenas 22,67%<\/p>\n<p><a href=\"http:\/\/senoticias.com.br\/se\/wp-content\/uploads\/2017\/11\/Logomarca-fone-SE-1.jpg\"><img loading=\"lazy\" decoding=\"async\" class=\"aligncenter size-full wp-image-108398\" src=\"http:\/\/senoticias.com.br\/se\/wp-content\/uploads\/2017\/11\/Logomarca-fone-SE-1.jpg\" alt=\"Logomarca fone SE\" width=\"599\" height=\"78\" srcset=\"https:\/\/senoticias.com.br\/se\/wp-content\/uploads\/2017\/11\/Logomarca-fone-SE-1.jpg 599w, https:\/\/senoticias.com.br\/se\/wp-content\/uploads\/2017\/11\/Logomarca-fone-SE-1-300x39.jpg 300w\" sizes=\"(max-width: 599px) 100vw, 599px\" \/><\/a><\/p>\n<p>&nbsp;<\/p>\n<p><em><strong>Acompanhe tamb\u00e9m o SE Not\u00edcias no\u00a0<a href=\"https:\/\/twitter.com\/Senoticias\" target=\"_blank\">Twitter<\/a>,\u00a0<a href=\"https:\/\/www.facebook.com\/senoticias1\" target=\"_blank\">Facebook<\/a>\u00a0e no\u00a0<a href=\"https:\/\/www.instagram.com\/senoticias\/\" target=\"_blank\">Instagram<\/a>\u00a0<\/strong><\/em><\/p>\n<p><em>Com informa\u00e7\u00f5es do jornalista Gilmar Carvalho, do NE Not\u00edcias<\/em><\/p>\n","protected":false},"excerpt":{"rendered":"<p>O prefeito de Lagarto, Valmir Monteiro (PSC), decidiu processar o governador Jackson Barreto (PMDB) por n\u00e3o repassar completamente recursos do ICMS. De acordo com o procurador-geral do munic\u00edpio, Bruno Lima, Lagarto deixou de receber do Estado, entre 2016 e agosto deste ano, mais de R$ 19,2 milh\u00f5es. Ainda segundo o procurador, o Estado n\u00e3o est\u00e1 [&hellip;]<\/p>\n","protected":false},"author":2,"featured_media":108508,"comment_status":"closed","ping_status":"closed","sticky":false,"template":"","format":"standard","meta":{"footnotes":""},"categories":[6],"tags":[],"class_list":{"0":"post-108507","1":"post","2":"type-post","3":"status-publish","4":"format-standard","5":"has-post-thumbnail","7":"category-politica"},"_links":{"self":[{"href":"https:\/\/senoticias.com.br\/se\/wp-json\/wp\/v2\/posts\/108507"}],"collection":[{"href":"https:\/\/senoticias.com.br\/se\/wp-json\/wp\/v2\/posts"}],"about":[{"href":"https:\/\/senoticias.com.br\/se\/wp-json\/wp\/v2\/types\/post"}],"author":[{"embeddable":true,"href":"https:\/\/senoticias.com.br\/se\/wp-json\/wp\/v2\/users\/2"}],"replies":[{"embeddable":true,"href":"https:\/\/senoticias.com.br\/se\/wp-json\/wp\/v2\/comments?post=108507"}],"version-history":[{"count":0,"href":"https:\/\/senoticias.com.br\/se\/wp-json\/wp\/v2\/posts\/108507\/revisions"}],"wp:featuredmedia":[{"embeddable":true,"href":"https:\/\/senoticias.com.br\/se\/wp-json\/wp\/v2\/media\/108508"}],"wp:attachment":[{"href":"https:\/\/senoticias.com.br\/se\/wp-json\/wp\/v2\/media?parent=108507"}],"wp:term":[{"taxonomy":"category","embeddable":true,"href":"https:\/\/senoticias.com.br\/se\/wp-json\/wp\/v2\/categories?post=108507"},{"taxonomy":"post_tag","embeddable":true,"href":"https:\/\/senoticias.com.br\/se\/wp-json\/wp\/v2\/tags?post=108507"}],"curies":[{"name":"wp","href":"https:\/\/api.w.org\/{rel}","templated":true}]}}