{"id":108502,"date":"2017-11-23T17:05:25","date_gmt":"2017-11-23T20:05:25","guid":{"rendered":"http:\/\/senoticias.com.br\/se\/?p=108502"},"modified":"2017-11-23T17:05:25","modified_gmt":"2017-11-23T20:05:25","slug":"dupla-e-presa-com-armas-e-drogas-no-conjunto-marcos-freire-ii","status":"publish","type":"post","link":"https:\/\/senoticias.com.br\/se\/dupla-e-presa-com-armas-e-drogas-no-conjunto-marcos-freire-ii\/","title":{"rendered":"Dupla \u00e9 presa com armas e drogas no conjunto Marcos Freire II"},"content":{"rendered":"<p style=\"text-align: justify;\"><span style=\"color: #000000;\">Uma informa\u00e7\u00e3o passada atrav\u00e9s do n\u00famero 181 (Disque Den\u00fancia) levou a equipe do Departamento de Narc\u00f3ticos (Denarc) a prender o ex-presidi\u00e1rio Roque Matheus Andrade Nascimento, 19, e J\u00falio de Melo Concei\u00e7\u00e3o, 29. A a\u00e7\u00e3o aconteceu na tarde desta quinta-feira (23) em um im\u00f3vel no conjunto Marcos Freire II, em Nossa Senhora do Socorro. <\/span><\/p>\n<p style=\"text-align: justify;\"><span style=\"color: #000000;\">Com os acusados foram apreendidos uma pistola calibre ponto 40 &#8211; de armamento do uso restrito &#8211; e um rev\u00f3lver calibre 38. No local ainda foram apreendidos 1kg de maconha prensada e um simulacro de pistola e o documento de um ve\u00edculo que foi roubado no dia 18, mas j\u00e1 recuperado pela pol\u00edcia.<\/span><\/p>\n<div id=\"attachment_108503\" style=\"width: 609px\" class=\"wp-caption aligncenter\"><a href=\"http:\/\/senoticias.com.br\/se\/wp-content\/uploads\/2017\/11\/apreensao-no-marcos-freire-SENOTICIAS-e1511467508707.png\"><img loading=\"lazy\" decoding=\"async\" aria-describedby=\"caption-attachment-108503\" class=\"size-full wp-image-108503\" src=\"http:\/\/senoticias.com.br\/se\/wp-content\/uploads\/2017\/11\/apreensao-no-marcos-freire-SENOTICIAS-e1511467508707.png\" alt=\"Foto: SSP\" width=\"599\" height=\"355\" \/><\/a><p id=\"caption-attachment-108503\" class=\"wp-caption-text\">Foto: SSP<\/p><\/div>\n<p style=\"text-align: justify;\"><span style=\"color: #000000;\">De acordo com o delegado Andr\u00e9 Baronto, a den\u00fancia indicava que dois homens estariam mantendo um ponto de tr\u00e1fico em um condom\u00ednio no conjunto Marcos Freire II, em Socorro. A partir da\u00ed a equipe do Denarc passou a realizar levantamentos na localidade at\u00e9 que confirmou a informa\u00e7\u00e3o. <\/span><\/p>\n<p style=\"text-align: justify;\"><span style=\"color: #000000;\">Na tarde de hoje, quando Roque e J\u00falio estavam no im\u00f3vel, os policiais fizeram a abordagem. Com a dupla foi apreendida duas armas, enquanto no im\u00f3vel foram encontrados um simulacro pistola e maconha, dentre outros objetos. Os acusados foram encaminhados at\u00e9 a sede do Departamento, onde foram autuados em flagrante.<\/span><\/p>\n<p style=\"text-align: justify;\"><span style=\"color: #000000;\">O delegado Andr\u00e9 Baronto lembrou que no in\u00edcio do ano Roque foi preso por tr\u00e1fico, enquanto J\u00falio, que tamb\u00e9m responde a processo por tr\u00e1fico, chegou a ser preso por duas vezes em 2012. \u201cA popula\u00e7\u00e3o vem colaborando efetivamente com o trabalho da pol\u00edcia, principalmente atrav\u00e9s do disque den\u00fancia (181), mas \u00e9 necess\u00e1ria uma revis\u00e3o urgente da legisla\u00e7\u00e3o processual penal e de execu\u00e7\u00e3o penal, para que criminosos fiquem rigorosamente afastados do seio da sociedade\u201d, finalizou Baronto.<\/span><\/p>\n<p style=\"text-align: justify;\">\n<p style=\"text-align: justify;\"><a href=\"http:\/\/senoticias.com.br\/se\/wp-content\/uploads\/2017\/11\/Logomarca-fone-SE-1.jpg\"><img loading=\"lazy\" decoding=\"async\" class=\"aligncenter size-full wp-image-108398\" src=\"http:\/\/senoticias.com.br\/se\/wp-content\/uploads\/2017\/11\/Logomarca-fone-SE-1.jpg\" alt=\"Logomarca fone SE\" width=\"599\" height=\"78\" srcset=\"https:\/\/senoticias.com.br\/se\/wp-content\/uploads\/2017\/11\/Logomarca-fone-SE-1.jpg 599w, https:\/\/senoticias.com.br\/se\/wp-content\/uploads\/2017\/11\/Logomarca-fone-SE-1-300x39.jpg 300w\" sizes=\"(max-width: 599px) 100vw, 599px\" \/><\/a><\/p>\n<p style=\"text-align: justify;\"><em><strong>Acompanhe tamb\u00e9m o SE Not\u00edcias no\u00a0<a href=\"https:\/\/twitter.com\/Senoticias\" target=\"_blank\">Twitter<\/a>,\u00a0<a href=\"https:\/\/www.facebook.com\/senoticias1\" target=\"_blank\">Facebook<\/a>\u00a0e no\u00a0<a href=\"https:\/\/www.instagram.com\/senoticias\/\" target=\"_blank\">Instagram<\/a>\u00a0<\/strong><\/em><\/p>\n<p style=\"text-align: justify;\">Por SSP<\/p>\n","protected":false},"excerpt":{"rendered":"<p>Uma informa\u00e7\u00e3o passada atrav\u00e9s do n\u00famero 181 (Disque Den\u00fancia) levou a equipe do Departamento de Narc\u00f3ticos (Denarc) a prender o ex-presidi\u00e1rio Roque Matheus Andrade Nascimento, 19, e J\u00falio de Melo Concei\u00e7\u00e3o, 29. A a\u00e7\u00e3o aconteceu na tarde desta quinta-feira (23) em um im\u00f3vel no conjunto Marcos Freire II, em Nossa Senhora do Socorro. Com os [&hellip;]<\/p>\n","protected":false},"author":2,"featured_media":0,"comment_status":"closed","ping_status":"closed","sticky":false,"template":"","format":"standard","meta":{"footnotes":""},"categories":[15,7],"tags":[7262,7261,1303,2746,3901],"class_list":{"0":"post-108502","1":"post","2":"type-post","3":"status-publish","4":"format-standard","6":"category-destaques","7":"category-policia","8":"tag-marcosfreireii","9":"tag-narcorticos","10":"tag-policia","11":"tag-socorro","12":"tag-ssp"},"_links":{"self":[{"href":"https:\/\/senoticias.com.br\/se\/wp-json\/wp\/v2\/posts\/108502"}],"collection":[{"href":"https:\/\/senoticias.com.br\/se\/wp-json\/wp\/v2\/posts"}],"about":[{"href":"https:\/\/senoticias.com.br\/se\/wp-json\/wp\/v2\/types\/post"}],"author":[{"embeddable":true,"href":"https:\/\/senoticias.com.br\/se\/wp-json\/wp\/v2\/users\/2"}],"replies":[{"embeddable":true,"href":"https:\/\/senoticias.com.br\/se\/wp-json\/wp\/v2\/comments?post=108502"}],"version-history":[{"count":0,"href":"https:\/\/senoticias.com.br\/se\/wp-json\/wp\/v2\/posts\/108502\/revisions"}],"wp:attachment":[{"href":"https:\/\/senoticias.com.br\/se\/wp-json\/wp\/v2\/media?parent=108502"}],"wp:term":[{"taxonomy":"category","embeddable":true,"href":"https:\/\/senoticias.com.br\/se\/wp-json\/wp\/v2\/categories?post=108502"},{"taxonomy":"post_tag","embeddable":true,"href":"https:\/\/senoticias.com.br\/se\/wp-json\/wp\/v2\/tags?post=108502"}],"curies":[{"name":"wp","href":"https:\/\/api.w.org\/{rel}","templated":true}]}}