{"id":108468,"date":"2017-11-22T15:26:17","date_gmt":"2017-11-22T18:26:17","guid":{"rendered":"http:\/\/senoticias.com.br\/se\/?p=108468"},"modified":"2017-11-22T15:26:17","modified_gmt":"2017-11-22T18:26:17","slug":"detran-realiza-segunda-parte-do-leilao-de-veiculos-neste-sabado-25","status":"publish","type":"post","link":"https:\/\/senoticias.com.br\/se\/detran-realiza-segunda-parte-do-leilao-de-veiculos-neste-sabado-25\/","title":{"rendered":"Detran realiza segunda parte do leil\u00e3o de ve\u00edculos neste s\u00e1bado, 25"},"content":{"rendered":"<p style=\"text-align: justify;\"><span style=\"color: #000000;\">A segunda parte do 43\u00ba Leil\u00e3o de Ve\u00edculos do Departamento Estadual de Tr\u00e2nsito (Detran\/SE) acontece neste s\u00e1bado, 25, a partir das 9 horas. O evento ser\u00e1 realizado no p\u00e1tio da empresa Barradas e Queiroz, concession\u00e1ria da autarquia, localizado na BR-101, KM-94, munic\u00edpio de Nossa Senhora do Socorro, e on-line, pelo site www.barradasequeiroz.com.br. Estar\u00e3o \u00e0 disposi\u00e7\u00e3o para serem arrematados 149 lotes, entre carros e motos.<\/span>\n<\/p>\n<div id=\"attachment_105147\" style=\"width: 609px\" class=\"wp-caption aligncenter\"><a href=\"http:\/\/senoticias.com.br\/se\/wp-content\/uploads\/2017\/07\/leilao-SENOTICIAS-e1501007942273.jpeg\"><img loading=\"lazy\" decoding=\"async\" aria-describedby=\"caption-attachment-105147\" class=\"size-full wp-image-105147\" src=\"http:\/\/senoticias.com.br\/se\/wp-content\/uploads\/2017\/07\/leilao-SENOTICIAS-e1501007942273.jpeg\" alt=\"Foto: Ascom\/Detran\" width=\"599\" height=\"337\" \/><\/a><p id=\"caption-attachment-105147\" class=\"wp-caption-text\">Foto: Ascom\/Detran<\/p><\/div>\n<p style=\"text-align: justify;\"><span style=\"color: #000000;\">Os interessados em arrematar um desses bens podem visit\u00e1-los de 9h30 \u00e0s 17 horas, entre os dias 21 e 24 de novembro, no pr\u00f3prio galp\u00e3o da empresa Barradas e Queiroz, respons\u00e1vel pela cust\u00f3dia e leil\u00e3o dos ve\u00edculos apreendidos em fiscaliza\u00e7\u00f5es de tr\u00e2nsito do Detran\/SE. As fotos estar\u00e3o tamb\u00e9m dispon\u00edveis no site da concession\u00e1ria.<\/span><\/p>\n<p><span style=\"color: #000000;\">Para as duas modalidades do leil\u00e3o \u2013 presencial e eletr\u00f4nica \u2013, \u00e9 necess\u00e1rio que a pessoa realize o cadastro no site da organizadora do evento (www.barradasequeiroz.com.br). Depois de conclu\u00eddo o cadastramento, ser\u00e1 enviado um e-mail de confirma\u00e7\u00e3o, acompanhado de uma senha de acesso ao sistema on-line da empresa.<\/span><\/p>\n<p><span style=\"color: #000000;\">A libera\u00e7\u00e3o definitiva do cadastro para participa\u00e7\u00e3o nos leil\u00f5es somente ser\u00e1 efetivada ap\u00f3s o envio dos seguintes documentos: para pessoa f\u00edsica \u2013 RG, CPF ou CNH e comprovante de resid\u00eancia atual; para pessoa jur\u00eddica \u2013 CNPJ, contrato social e \u00faltima altera\u00e7\u00e3o, RG, CPF ou CNH dos s\u00f3cios e comprovante de resid\u00eancia.<\/span><\/p>\n<p style=\"text-align: justify;\">\n<p style=\"text-align: justify;\"><a href=\"http:\/\/senoticias.com.br\/se\/wp-content\/uploads\/2017\/11\/Logomarca-fone-SE-1.jpg\"><img loading=\"lazy\" decoding=\"async\" class=\"aligncenter size-full wp-image-108398\" src=\"http:\/\/senoticias.com.br\/se\/wp-content\/uploads\/2017\/11\/Logomarca-fone-SE-1.jpg\" alt=\"Logomarca fone SE\" width=\"599\" height=\"78\" srcset=\"https:\/\/senoticias.com.br\/se\/wp-content\/uploads\/2017\/11\/Logomarca-fone-SE-1.jpg 599w, https:\/\/senoticias.com.br\/se\/wp-content\/uploads\/2017\/11\/Logomarca-fone-SE-1-300x39.jpg 300w\" sizes=\"(max-width: 599px) 100vw, 599px\" \/><\/a><\/p>\n<p style=\"text-align: justify;\"><em><strong>Acompanhe tamb\u00e9m o SE Not\u00edcias no\u00a0<a href=\"https:\/\/twitter.com\/Senoticias\" target=\"_blank\">Twitter<\/a>,\u00a0<a href=\"https:\/\/www.facebook.com\/senoticias1\" target=\"_blank\">Facebook<\/a>\u00a0e no\u00a0<a href=\"https:\/\/www.instagram.com\/senoticias\/\" target=\"_blank\">Instagram<\/a>\u00a0<\/strong><\/em><\/p>\n<p style=\"text-align: justify;\">Por ASN<\/p>\n<p style=\"text-align: justify;\">\n<p style=\"text-align: justify;\">\n","protected":false},"excerpt":{"rendered":"<p>A segunda parte do 43\u00ba Leil\u00e3o de Ve\u00edculos do Departamento Estadual de Tr\u00e2nsito (Detran\/SE) acontece neste s\u00e1bado, 25, a partir das 9 horas. O evento ser\u00e1 realizado no p\u00e1tio da empresa Barradas e Queiroz, concession\u00e1ria da autarquia, localizado na BR-101, KM-94, munic\u00edpio de Nossa Senhora do Socorro, e on-line, pelo site www.barradasequeiroz.com.br. Estar\u00e3o \u00e0 disposi\u00e7\u00e3o [&hellip;]<\/p>\n","protected":false},"author":2,"featured_media":0,"comment_status":"closed","ping_status":"closed","sticky":false,"template":"","format":"standard","meta":{"footnotes":""},"categories":[15,38],"tags":[2777,1828,2559,223,460],"class_list":{"0":"post-108468","1":"post","2":"type-post","3":"status-publish","4":"format-standard","6":"category-destaques","7":"category-municipios","8":"tag-carro","9":"tag-detran","10":"tag-leilao","11":"tag-sergipe","12":"tag-sucatas"},"_links":{"self":[{"href":"https:\/\/senoticias.com.br\/se\/wp-json\/wp\/v2\/posts\/108468"}],"collection":[{"href":"https:\/\/senoticias.com.br\/se\/wp-json\/wp\/v2\/posts"}],"about":[{"href":"https:\/\/senoticias.com.br\/se\/wp-json\/wp\/v2\/types\/post"}],"author":[{"embeddable":true,"href":"https:\/\/senoticias.com.br\/se\/wp-json\/wp\/v2\/users\/2"}],"replies":[{"embeddable":true,"href":"https:\/\/senoticias.com.br\/se\/wp-json\/wp\/v2\/comments?post=108468"}],"version-history":[{"count":0,"href":"https:\/\/senoticias.com.br\/se\/wp-json\/wp\/v2\/posts\/108468\/revisions"}],"wp:attachment":[{"href":"https:\/\/senoticias.com.br\/se\/wp-json\/wp\/v2\/media?parent=108468"}],"wp:term":[{"taxonomy":"category","embeddable":true,"href":"https:\/\/senoticias.com.br\/se\/wp-json\/wp\/v2\/categories?post=108468"},{"taxonomy":"post_tag","embeddable":true,"href":"https:\/\/senoticias.com.br\/se\/wp-json\/wp\/v2\/tags?post=108468"}],"curies":[{"name":"wp","href":"https:\/\/api.w.org\/{rel}","templated":true}]}}