{"id":108466,"date":"2017-11-22T15:06:10","date_gmt":"2017-11-22T18:06:10","guid":{"rendered":"http:\/\/senoticias.com.br\/se\/?p=108466"},"modified":"2017-11-22T15:06:10","modified_gmt":"2017-11-22T18:06:10","slug":"o-uso-das-faixas-exclusivas-traz-beneficios-para-a-mobilidade-urbana-diz-o-vereador-juvencio-oliveira","status":"publish","type":"post","link":"https:\/\/senoticias.com.br\/se\/o-uso-das-faixas-exclusivas-traz-beneficios-para-a-mobilidade-urbana-diz-o-vereador-juvencio-oliveira\/","title":{"rendered":"\u201cO uso das faixas exclusivas traz benef\u00edcios para a mobilidade urbana\u201d, diz o vereador Juv\u00eancio Oliveira"},"content":{"rendered":"<p style=\"text-align: justify;\"><span style=\"color: #000000;\">Em discurso na C\u00e2mara Municipal de Aracaju (CMA), nesta quarta-feira, 22, o vereador Juv\u00eancio Oliveira (DEM) apresentou dados sobre o uso das faixas exclusivas no tr\u00e2nsito de Aracaju.<\/span><\/p>\n<div id=\"attachment_108467\" style=\"width: 609px\" class=\"wp-caption aligncenter\"><a href=\"http:\/\/senoticias.com.br\/se\/wp-content\/uploads\/2017\/11\/juvencio-oliveria-SENOTICIAS-e1511373920465.jpg\"><img loading=\"lazy\" decoding=\"async\" aria-describedby=\"caption-attachment-108467\" class=\"size-full wp-image-108467\" src=\"http:\/\/senoticias.com.br\/se\/wp-content\/uploads\/2017\/11\/juvencio-oliveria-SENOTICIAS-e1511373920465.jpg\" alt=\"Foto: Sergipe em Pauta\" width=\"599\" height=\"399\" \/><\/a><p id=\"caption-attachment-108467\" class=\"wp-caption-text\">Foto: Sergipe em Pauta<\/p><\/div>\n<p style=\"text-align: justify;\"><span style=\"color: #000000;\">\u201cDevo ser justo ao concordar que algumas mudan\u00e7as dificultaram a pol\u00edtica da mobilidade urbana, mas, tamb\u00e9m acredito que nada foi em v\u00e3o, uma vez que toda e qualquer melhoria passa por etapas. Entretanto, os investimentos realizados, s\u00f3 nos mostram o quanto o transporte p\u00fablico est\u00e1 sendo priorizado. As faixas azuis, assim como s\u00e3o popularmente conhecidas, trazem benef\u00edcios para a popula\u00e7\u00e3o que depende do transporte p\u00fablico, como tamb\u00e9m reduzem o n\u00famero de ve\u00edculos nas ruas, melhorando o tr\u00e2nsito das avenidas e interligando os principais trechos comerciais. Isso representa praticidade para a sociedade, ganho de tempo e avan\u00e7o da cidade, por isso acredito que retirar as faixas seria retroceder\u201d, declarou o vereador.<\/span><\/p>\n<p style=\"text-align: justify;\"><span style=\"color: #000000;\">A partir dos dados divulgados pela Superintend\u00eancia Municipal de Transporte e Tr\u00e2nsito de Aracaju (SMTT), junto ao Sindicato das Empresas de Transporte de Passageiros de Aracaju (Setransp), os \u00f4nibus utilizam 20% das vias, enquanto transportam 70% da popula\u00e7\u00e3o. \u201cEsses dados mostram que mais de 230 mil pessoas chegam ao seu destino de maneira mais r\u00e1pida e, com o trabalho adequado, a qualidade far\u00e1 jus ao que se est\u00e1 propondo\u201d, finalizou.<\/span><\/p>\n<p style=\"text-align: justify;\">\n<p style=\"text-align: justify;\"><a href=\"http:\/\/senoticias.com.br\/se\/wp-content\/uploads\/2017\/11\/Logomarca-fone-SE-1.jpg\"><img loading=\"lazy\" decoding=\"async\" class=\"aligncenter size-full wp-image-108398\" src=\"http:\/\/senoticias.com.br\/se\/wp-content\/uploads\/2017\/11\/Logomarca-fone-SE-1.jpg\" alt=\"Logomarca fone SE\" width=\"599\" height=\"78\" srcset=\"https:\/\/senoticias.com.br\/se\/wp-content\/uploads\/2017\/11\/Logomarca-fone-SE-1.jpg 599w, https:\/\/senoticias.com.br\/se\/wp-content\/uploads\/2017\/11\/Logomarca-fone-SE-1-300x39.jpg 300w\" sizes=\"(max-width: 599px) 100vw, 599px\" \/><\/a><\/p>\n<p style=\"text-align: justify;\"><em><strong>Acompanhe tamb\u00e9m o SE Not\u00edcias no\u00a0<a href=\"https:\/\/twitter.com\/Senoticias\" target=\"_blank\">Twitter<\/a>,\u00a0<a href=\"https:\/\/www.facebook.com\/senoticias1\" target=\"_blank\">Facebook<\/a>\u00a0e no\u00a0<a href=\"https:\/\/www.instagram.com\/senoticias\/\" target=\"_blank\">Instagram<\/a>\u00a0<\/strong><\/em><\/p>\n<p style=\"text-align: justify;\">Fonte: CMA<\/p>\n","protected":false},"excerpt":{"rendered":"<p>Em discurso na C\u00e2mara Municipal de Aracaju (CMA), nesta quarta-feira, 22, o vereador Juv\u00eancio Oliveira (DEM) apresentou dados sobre o uso das faixas exclusivas no tr\u00e2nsito de Aracaju. \u201cDevo ser justo ao concordar que algumas mudan\u00e7as dificultaram a pol\u00edtica da mobilidade urbana, mas, tamb\u00e9m acredito que nada foi em v\u00e3o, uma vez que toda e [&hellip;]<\/p>\n","protected":false},"author":2,"featured_media":0,"comment_status":"closed","ping_status":"closed","sticky":false,"template":"","format":"standard","meta":{"footnotes":""},"categories":[6],"tags":[339,3444,7239,7238,2168,2979,699],"class_list":{"0":"post-108466","1":"post","2":"type-post","3":"status-publish","4":"format-standard","6":"category-politica","7":"tag-aracaju","8":"tag-camara","9":"tag-faixas-azuis","10":"tag-juvenciooliveira","11":"tag-politica","12":"tag-smtt","13":"tag-vereador"},"_links":{"self":[{"href":"https:\/\/senoticias.com.br\/se\/wp-json\/wp\/v2\/posts\/108466"}],"collection":[{"href":"https:\/\/senoticias.com.br\/se\/wp-json\/wp\/v2\/posts"}],"about":[{"href":"https:\/\/senoticias.com.br\/se\/wp-json\/wp\/v2\/types\/post"}],"author":[{"embeddable":true,"href":"https:\/\/senoticias.com.br\/se\/wp-json\/wp\/v2\/users\/2"}],"replies":[{"embeddable":true,"href":"https:\/\/senoticias.com.br\/se\/wp-json\/wp\/v2\/comments?post=108466"}],"version-history":[{"count":0,"href":"https:\/\/senoticias.com.br\/se\/wp-json\/wp\/v2\/posts\/108466\/revisions"}],"wp:attachment":[{"href":"https:\/\/senoticias.com.br\/se\/wp-json\/wp\/v2\/media?parent=108466"}],"wp:term":[{"taxonomy":"category","embeddable":true,"href":"https:\/\/senoticias.com.br\/se\/wp-json\/wp\/v2\/categories?post=108466"},{"taxonomy":"post_tag","embeddable":true,"href":"https:\/\/senoticias.com.br\/se\/wp-json\/wp\/v2\/tags?post=108466"}],"curies":[{"name":"wp","href":"https:\/\/api.w.org\/{rel}","templated":true}]}}