{"id":108464,"date":"2017-11-22T14:57:13","date_gmt":"2017-11-22T17:57:13","guid":{"rendered":"http:\/\/senoticias.com.br\/se\/?p=108464"},"modified":"2017-11-22T14:57:13","modified_gmt":"2017-11-22T17:57:13","slug":"central-de-interpretacao-de-libras-volta-a-funcionar-nesta-quarta-feira-22","status":"publish","type":"post","link":"https:\/\/senoticias.com.br\/se\/central-de-interpretacao-de-libras-volta-a-funcionar-nesta-quarta-feira-22\/","title":{"rendered":"Central de Interpreta\u00e7\u00e3o de Libras volta a funcionar nesta quarta-feira, 22"},"content":{"rendered":"<p style=\"text-align: justify;\"><span style=\"color: #000000;\">A partir desta quarta-feira, 22 de novembro, volta a funcionar a Central de Interpreta\u00e7\u00e3o de Libras (CIL). A secretaria de Estado da Inclus\u00e3o Social (Seidh) reabre o servi\u00e7o de forma definitiva, ap\u00f3s realizar o preg\u00e3o eletr\u00f4nico n\u00ba 275\/2017, disponibilizando int\u00e9rpretes especializados na L\u00edngua Brasileira de Sinais, para atender gratuitamente no Ceac da Rua do Turista. O servi\u00e7o \u00e9 destinado a cerca de 12 mil pessoas surdas existentes em Sergipe, facilitando sua comunica\u00e7\u00e3o, propiciando o seu acesso a servi\u00e7os p\u00fablicos e informa\u00e7\u00f5es diversas e favorecendo, por consequ\u00eancia, sua inclus\u00e3o social.<\/span><\/p>\n<div id=\"attachment_108465\" style=\"width: 609px\" class=\"wp-caption aligncenter\"><a href=\"http:\/\/senoticias.com.br\/se\/wp-content\/uploads\/2017\/11\/libras-SENOTICIAS-e1511373415390.jpg\"><img loading=\"lazy\" decoding=\"async\" aria-describedby=\"caption-attachment-108465\" class=\"size-full wp-image-108465\" src=\"http:\/\/senoticias.com.br\/se\/wp-content\/uploads\/2017\/11\/libras-SENOTICIAS-e1511373415390.jpg\" alt=\"Foto: Ascom\/ Seidh\" width=\"599\" height=\"337\" \/><\/a><p id=\"caption-attachment-108465\" class=\"wp-caption-text\">Foto: Ascom\/ Seidh<\/p><\/div>\n<p style=\"text-align: justify;\"><span style=\"color: #000000;\">Dispon\u00edvel de segunda a sexta-feira, das 07h45 \u00e0s 17h45, o atendimento ofertado no local poder\u00e1 ser de tr\u00eas tipos, a depender da necessidade do usu\u00e1rio: presencial, virtual e \u201cin loco\u201d. Presencialmente, o atendimento ser\u00e1 prestado no local onde funcionar\u00e1 a CIL, por meio da tradu\u00e7\u00e3o\/interpreta\u00e7\u00e3o em Libras\/L\u00edngua Portuguesa. Por meio virtual, ser\u00e3o prestadas informa\u00e7\u00f5es atrav\u00e9s da transfer\u00eancia de imagem em tempo real entre os int\u00e9rpretes da Central e os usu\u00e1rios. A Central tamb\u00e9m disponibilizar\u00e1 int\u00e9rprete \u201cin loco\u201d, em hor\u00e1rio previamente agendado, para acompanhamento de pessoas surdas a bibliotecas, hospitais, delegacias, tribunais e outros locais de atendimento ao p\u00fablico.<\/span><\/p>\n<p style=\"text-align: justify;\"><span style=\"color: #000000;\">Para o presidente do Conselho Estadual dos Direitos da Pessoa com Defici\u00eancia (CEDPcD), Claudio Brito, a reabertura do servi\u00e7o \u00e9 uma grande conquista. \u201cAs pessoas surdas ter\u00e3o um local que possam procurar para fazer a tradu\u00e7\u00e3o para Libras, que \u00e9 a segunda l\u00edngua oficial do Brasil. Para qualquer problema ou necessidade que tenham, v\u00e3o ter um int\u00e9rprete ao lado, fornecido pelo Estado. O Conselho, que tem a atribui\u00e7\u00e3o de fiscalizar, est\u00e1 atento e acompanhou de perto o esfor\u00e7o do secret\u00e1rio Zezinho Sobral para resolver essa quest\u00e3o contratual para reabrir a Central. O processo foi totalmente transparente. \u00c9 um marco para n\u00f3s\u201d, afirmou.<\/span><\/p>\n<p style=\"text-align: justify;\"><span style=\"color: #000000;\">Segundo o secret\u00e1rio Zezinho Sobral, todas as medidas foram tomadas no sentido de garantir a continuidade do servi\u00e7o. \u201cQuando o contrato emergencial anteriormente firmado se encerrou, partimos para buscar uma solu\u00e7\u00e3o definitiva para a quest\u00e3o, a fim de que o servi\u00e7o ocorra de forma cont\u00ednua, tendo em vista a sua imensa import\u00e2ncia para a inclus\u00e3o social das pessoas surdas do nosso estado. A comunica\u00e7\u00e3o \u00e9 uma necessidade b\u00e1sica para o acesso de qualquer tipo de servi\u00e7o. Ent\u00e3o a Central \u00e9 fundamental para auxiliar na garantia desse direito. Ficamos muito felizes em devolv\u00ea-la \u00e0 sociedade de forma definitiva\u201d, pontuou o gestor.<\/span><\/p>\n<p style=\"text-align: justify;\"><strong><span style=\"color: #000000;\">Sobre a CIL<\/span><\/strong><\/p>\n<p style=\"text-align: justify;\"><span style=\"color: #000000;\">A implanta\u00e7\u00e3o da CIL em Sergipe foi possibilitada atrav\u00e9s de conv\u00eanio celebrado com o Governo Federal. A Secretaria Especial de Direitos Humanos do Minist\u00e9rio da Justi\u00e7a e Cidadania forneceu ve\u00edculo, equipamentos de inform\u00e1tica e mobili\u00e1rio. Ao Governo de Sergipe coube a cess\u00e3o do espa\u00e7o, garantida atrav\u00e9s de Termo de Coopera\u00e7\u00e3o T\u00e9cnica celebrado entre a Seidh e a Secretaria de Estado do Planejamento, Or\u00e7amento e Gest\u00e3o (Seplag); a aloca\u00e7\u00e3o de recursos para manuten\u00e7\u00e3o da Central; al\u00e9m da contrata\u00e7\u00e3o de pessoal; perfazendo um investimento anual de cerca de R$ 200.000,00 do Governo de Sergipe. Os interessados no servi\u00e7o podem obter mais informa\u00e7\u00f5es atrav\u00e9s do telefone (79)3222-9447.<\/span><\/p>\n<p style=\"text-align: justify;\">\n<p style=\"text-align: justify;\"><a href=\"http:\/\/senoticias.com.br\/se\/wp-content\/uploads\/2017\/11\/Logomarca-fone-SE-1.jpg\"><img loading=\"lazy\" decoding=\"async\" class=\"aligncenter size-full wp-image-108398\" src=\"http:\/\/senoticias.com.br\/se\/wp-content\/uploads\/2017\/11\/Logomarca-fone-SE-1.jpg\" alt=\"Logomarca fone SE\" width=\"599\" height=\"78\" srcset=\"https:\/\/senoticias.com.br\/se\/wp-content\/uploads\/2017\/11\/Logomarca-fone-SE-1.jpg 599w, https:\/\/senoticias.com.br\/se\/wp-content\/uploads\/2017\/11\/Logomarca-fone-SE-1-300x39.jpg 300w\" sizes=\"(max-width: 599px) 100vw, 599px\" \/><\/a><\/p>\n<p style=\"text-align: justify;\"><em><strong>Acompanhe tamb\u00e9m o SE Not\u00edcias no\u00a0<a href=\"https:\/\/twitter.com\/Senoticias\" target=\"_blank\">Twitter<\/a>,\u00a0<a href=\"https:\/\/www.facebook.com\/senoticias1\" target=\"_blank\">Facebook<\/a>\u00a0e no\u00a0<a href=\"https:\/\/www.instagram.com\/senoticias\/\" target=\"_blank\">Instagram<\/a>\u00a0<\/strong><\/em><\/p>\n<p style=\"text-align: justify;\">Por ASN<\/p>\n","protected":false},"excerpt":{"rendered":"<p>A partir desta quarta-feira, 22 de novembro, volta a funcionar a Central de Interpreta\u00e7\u00e3o de Libras (CIL). A secretaria de Estado da Inclus\u00e3o Social (Seidh) reabre o servi\u00e7o de forma definitiva, ap\u00f3s realizar o preg\u00e3o eletr\u00f4nico n\u00ba 275\/2017, disponibilizando int\u00e9rpretes especializados na L\u00edngua Brasileira de Sinais, para atender gratuitamente no Ceac da Rua do Turista. [&hellip;]<\/p>\n","protected":false},"author":2,"featured_media":0,"comment_status":"closed","ping_status":"closed","sticky":false,"template":"","format":"standard","meta":{"footnotes":""},"categories":[8],"tags":[7237,7236,7235,6594,223],"class_list":{"0":"post-108464","1":"post","2":"type-post","3":"status-publish","4":"format-standard","6":"category-esporte-e-cultura","7":"tag-cil","8":"tag-inclusaosocial","9":"tag-interpretacao","10":"tag-libras","11":"tag-sergipe"},"_links":{"self":[{"href":"https:\/\/senoticias.com.br\/se\/wp-json\/wp\/v2\/posts\/108464"}],"collection":[{"href":"https:\/\/senoticias.com.br\/se\/wp-json\/wp\/v2\/posts"}],"about":[{"href":"https:\/\/senoticias.com.br\/se\/wp-json\/wp\/v2\/types\/post"}],"author":[{"embeddable":true,"href":"https:\/\/senoticias.com.br\/se\/wp-json\/wp\/v2\/users\/2"}],"replies":[{"embeddable":true,"href":"https:\/\/senoticias.com.br\/se\/wp-json\/wp\/v2\/comments?post=108464"}],"version-history":[{"count":0,"href":"https:\/\/senoticias.com.br\/se\/wp-json\/wp\/v2\/posts\/108464\/revisions"}],"wp:attachment":[{"href":"https:\/\/senoticias.com.br\/se\/wp-json\/wp\/v2\/media?parent=108464"}],"wp:term":[{"taxonomy":"category","embeddable":true,"href":"https:\/\/senoticias.com.br\/se\/wp-json\/wp\/v2\/categories?post=108464"},{"taxonomy":"post_tag","embeddable":true,"href":"https:\/\/senoticias.com.br\/se\/wp-json\/wp\/v2\/tags?post=108464"}],"curies":[{"name":"wp","href":"https:\/\/api.w.org\/{rel}","templated":true}]}}