{"id":108421,"date":"2017-11-21T12:12:30","date_gmt":"2017-11-21T15:12:30","guid":{"rendered":"http:\/\/senoticias.com.br\/se\/?p=108421"},"modified":"2017-11-27T06:31:13","modified_gmt":"2017-11-27T09:31:13","slug":"comissao-estadual-da-verdade-e-ifs-promovem-oficina-pedagogica","status":"publish","type":"post","link":"https:\/\/senoticias.com.br\/se\/comissao-estadual-da-verdade-e-ifs-promovem-oficina-pedagogica\/","title":{"rendered":"Comiss\u00e3o Estadual da Verdade e IFS promovem Oficina Pedag\u00f3gica"},"content":{"rendered":"<p style=\"text-align: justify;\">A Comiss\u00e3o Estadual da Verdade \u201cPaulo Barbosa de Ara\u00fajo\u201d, em parceria com o Instituto Federal de Sergipe e Arquivo Nacional realizar\u00e3o nesta ter\u00e7a-feira (21), e quarta-feira (22), uma OFICINA PEDAG\u00d3GICA, sobre o tema central \u201cMem\u00f3rias Reveladas na Sala de Aula\u201d.<a href=\"http:\/\/senoticias.com.br\/se\/wp-content\/uploads\/2017\/11\/comiss\u00e3o-e1511277671930.jpg\"><img loading=\"lazy\" decoding=\"async\" class=\"aligncenter size-full wp-image-108422\" src=\"http:\/\/senoticias.com.br\/se\/wp-content\/uploads\/2017\/11\/comiss\u00e3o-e1511277671930.jpg\" alt=\"Comissao Estadual da Verdade\" width=\"599\" height=\"353\" \/><\/a><\/p>\n<p style=\"text-align: justify;\">A Oficina Pedag\u00f3gica ter\u00e1 lugar no audit\u00f3rio do PRONATEC do Instituto Federal de Educa\u00e7\u00e3o (IFS), localizado na rua Francisco Portugal, n\u00ba 150, bairro Salgado Filho, em Aracaju; e ter\u00e1 como instrutora a professora Carla Lopes.<\/p>\n<p style=\"text-align: justify;\">Carla Lopes \u00e9 graduada e licenciada em Hist\u00f3ria, mestre em educa\u00e7\u00e3o e doutoranda do Instituto de artes da UERJ. Atualmente \u00e9 pesquisadora do Centro de Refer\u00eancia das Lutas Pol\u00edticas no Brasil (1964-1985- Mem\u00f3rias Reveladas.<\/p>\n<p style=\"text-align: justify;\">Segundo o professor Gilson Reis, membro da Comiss\u00e3o Estadual da Verdade \u201cPaulo Barbosa de Ara\u00fajo\u201d, a Oficina Pedag\u00f3gica tem como objetivo principal estimular o desenvolvimento de a\u00e7\u00f5es educativas (formais e n\u00e3o-formais), na institui\u00e7\u00f5es de arquivos e \u00e1reas afins, utilizando documenta\u00e7\u00e3o referente ao per\u00edodo hist\u00f3rico da ditadura civil-militar no Brasil, de 1961 a 1985.<\/p>\n<p>O evento ser\u00e1 aberto aos estudantes, professores, historiadores, pesquisadores e ao p\u00fablico em geral interessado. As inscri\u00e7\u00f5es ser\u00e3o gratuitas e poder\u00e3o ser feitas atrav\u00e9s do <a href=\"http:\/\/publicacoes.ifs.edu.br\/index.php\/eventos\"><strong>site<\/strong> <\/a>do IFS.\u00a0 Ser\u00e3o disponibilizadas apenas 25 vagas. No dia 21 (ter\u00e7a-feira), a oficina acontecer\u00e1 das 14 \u00e0s 18 horas; e durante todo o dia 22 (quarta-feira).<\/p>\n<p><em>Por\u00a0Elito Vasconcelos, assessor Especial da\u00a0Estadual da Verdade.<\/em><\/p>\n<p><a href=\"http:\/\/senoticias.com.br\/se\/wp-content\/uploads\/2017\/11\/Logomarca-fone-SE-1.jpg\"><img loading=\"lazy\" decoding=\"async\" class=\"aligncenter size-full wp-image-108398\" src=\"http:\/\/senoticias.com.br\/se\/wp-content\/uploads\/2017\/11\/Logomarca-fone-SE-1.jpg\" alt=\"Logomarca fone SE\" width=\"599\" height=\"78\" srcset=\"https:\/\/senoticias.com.br\/se\/wp-content\/uploads\/2017\/11\/Logomarca-fone-SE-1.jpg 599w, https:\/\/senoticias.com.br\/se\/wp-content\/uploads\/2017\/11\/Logomarca-fone-SE-1-300x39.jpg 300w\" sizes=\"(max-width: 599px) 100vw, 599px\" \/><\/a><\/p>\n<p>&nbsp;<\/p>\n<p><em><strong>Acompanhe tamb\u00e9m o SE Not\u00edcias no\u00a0<a href=\"https:\/\/twitter.com\/Senoticias\" target=\"_blank\">Twitter<\/a>,\u00a0<a href=\"https:\/\/www.facebook.com\/senoticias1\" target=\"_blank\">Facebook<\/a>\u00a0e no\u00a0<a href=\"https:\/\/www.instagram.com\/senoticias\/\" target=\"_blank\">Instagram<\/a>\u00a0\u00a0<\/strong><\/em><\/p>\n","protected":false},"excerpt":{"rendered":"<p>A Comiss\u00e3o Estadual da Verdade \u201cPaulo Barbosa de Ara\u00fajo\u201d, em parceria com o Instituto Federal de Sergipe e Arquivo Nacional realizar\u00e3o nesta ter\u00e7a-feira (21), e quarta-feira (22), uma OFICINA PEDAG\u00d3GICA, sobre o tema central \u201cMem\u00f3rias Reveladas na Sala de Aula\u201d. A Oficina Pedag\u00f3gica ter\u00e1 lugar no audit\u00f3rio do PRONATEC do Instituto Federal de Educa\u00e7\u00e3o (IFS), [&hellip;]<\/p>\n","protected":false},"author":2,"featured_media":108422,"comment_status":"closed","ping_status":"closed","sticky":false,"template":"","format":"standard","meta":{"footnotes":""},"categories":[15,6],"tags":[],"class_list":{"0":"post-108421","1":"post","2":"type-post","3":"status-publish","4":"format-standard","5":"has-post-thumbnail","7":"category-destaques","8":"category-politica"},"_links":{"self":[{"href":"https:\/\/senoticias.com.br\/se\/wp-json\/wp\/v2\/posts\/108421"}],"collection":[{"href":"https:\/\/senoticias.com.br\/se\/wp-json\/wp\/v2\/posts"}],"about":[{"href":"https:\/\/senoticias.com.br\/se\/wp-json\/wp\/v2\/types\/post"}],"author":[{"embeddable":true,"href":"https:\/\/senoticias.com.br\/se\/wp-json\/wp\/v2\/users\/2"}],"replies":[{"embeddable":true,"href":"https:\/\/senoticias.com.br\/se\/wp-json\/wp\/v2\/comments?post=108421"}],"version-history":[{"count":0,"href":"https:\/\/senoticias.com.br\/se\/wp-json\/wp\/v2\/posts\/108421\/revisions"}],"wp:featuredmedia":[{"embeddable":true,"href":"https:\/\/senoticias.com.br\/se\/wp-json\/wp\/v2\/media\/108422"}],"wp:attachment":[{"href":"https:\/\/senoticias.com.br\/se\/wp-json\/wp\/v2\/media?parent=108421"}],"wp:term":[{"taxonomy":"category","embeddable":true,"href":"https:\/\/senoticias.com.br\/se\/wp-json\/wp\/v2\/categories?post=108421"},{"taxonomy":"post_tag","embeddable":true,"href":"https:\/\/senoticias.com.br\/se\/wp-json\/wp\/v2\/tags?post=108421"}],"curies":[{"name":"wp","href":"https:\/\/api.w.org\/{rel}","templated":true}]}}