{"id":108370,"date":"2017-11-20T14:29:35","date_gmt":"2017-11-20T17:29:35","guid":{"rendered":"http:\/\/senoticias.com.br\/se\/?p=108370"},"modified":"2017-11-20T14:29:35","modified_gmt":"2017-11-20T17:29:35","slug":"45-prisoes-foram-registradas-no-final-de-semana","status":"publish","type":"post","link":"https:\/\/senoticias.com.br\/se\/45-prisoes-foram-registradas-no-final-de-semana\/","title":{"rendered":"45 pris\u00f5es foram registradas no final de semana"},"content":{"rendered":"<p style=\"text-align: justify;\"><span style=\"color: #000000;\">Neste fim de semana, da noite de sexta-feira, 17, at\u00e9 a madrugada de segunda-feira, 20, foram registradas 45 pris\u00f5es nas Delegacias Plantonistas da capital e do interior. Ao total, foram registradas 30 pris\u00f5es na capital e 15 no interior sergipano.<\/span><\/p>\n<p style=\"text-align: justify;\"><span style=\"color: #000000;\">Entre os crimes cometidos nessas ocorr\u00eancias, est\u00e3o viol\u00eancia dom\u00e9stica, porte ilegal de arma de fogo, roubo majorado, tentativa de homic\u00eddio, tr\u00e1fico de drogas, les\u00e3o corporal, embriaguez ao volante e adultera\u00e7\u00e3o de sinal de identificador de ve\u00edculo automotor.<\/span><\/p>\n<div id=\"attachment_107197\" style=\"width: 609px\" class=\"wp-caption aligncenter\"><a href=\"http:\/\/senoticias.com.br\/se\/wp-content\/uploads\/2017\/10\/pm-SENOTICIAS-e1507314143732.png\"><img loading=\"lazy\" decoding=\"async\" aria-describedby=\"caption-attachment-107197\" class=\"size-full wp-image-107197\" src=\"http:\/\/senoticias.com.br\/se\/wp-content\/uploads\/2017\/10\/pm-SENOTICIAS-e1507314143732.png\" alt=\"Foto: SSP\" width=\"599\" height=\"399\" \/><\/a><p id=\"caption-attachment-107197\" class=\"wp-caption-text\">Foto: SSP<\/p><\/div>\n<p style=\"text-align: justify;\"><span style=\"color: #000000;\"><strong>Tr\u00e1fico na Coroa do Meio<\/strong><\/span><\/p>\n<p style=\"text-align: justify;\"><span style=\"color: #000000;\">Uma das pris\u00f5es ocorreu no \u00faltimo s\u00e1bado, 18, no bairro Coroa do Meio, zona sul de Aracaju. Uma guarni\u00e7\u00e3o da Pol\u00edcia Militar apreendeu cerca de 13 papelotes de maconha prontos para venda em posse de Tiago Lucas Teles.<\/span><\/p>\n<p style=\"text-align: justify;\"><span style=\"color: #000000;\">Segundo informa\u00e7\u00f5es policiais, dois homens foram abordados por um grupo de seis homens anunciando o assalto. Na ocasi\u00e3o, os criminosos levaram telefone celular, um bon\u00e9 e rel\u00f3gio das v\u00edtimas. Ap\u00f3s o fato, as v\u00edtimas avistaram uma guarni\u00e7\u00e3o da Pol\u00edcia Militar que realizava rondas de rotina pela regi\u00e3o e informaram o ocorrido.<\/span><\/p>\n<p style=\"text-align: justify;\"><span style=\"color: #000000;\">Como o grupo respons\u00e1vel pelo roubo encontrava-se pr\u00f3ximo ao local do fato, os policiais iniciaram uma aproxima\u00e7\u00e3o aos suspeitos que empreenderam fuga, sendo contido apenas Tiago Lucas. Durante revista pessoal, os militares encontraram 13 trouxas de maconha e uma c\u00e1psula vazia com vest\u00edgios de subst\u00e2ncia semelhante \u00e0 coca\u00edna.<\/span><\/p>\n<p style=\"text-align: justify;\"><span style=\"color: #000000;\">Diante dos fatos, Tiago Lucas Teles de Lima foi encaminhado \u00e0 Delegacia Plantonista Sul, onde foi autuado em flagrante pelo crime de tr\u00e1fico de drogas e encontra-se a disposi\u00e7\u00e3o da justi\u00e7a para ado\u00e7\u00e3o das medidas necess\u00e1rias ao caso.<\/span><\/p>\n<p style=\"text-align: justify;\">\n<p style=\"text-align: justify;\"><a href=\"http:\/\/senoticias.com.br\/se\/wp-content\/uploads\/2017\/11\/Logomarca-fone-SE.jpg\"><img loading=\"lazy\" decoding=\"async\" class=\"aligncenter size-full wp-image-108251\" src=\"http:\/\/senoticias.com.br\/se\/wp-content\/uploads\/2017\/11\/Logomarca-fone-SE.jpg\" alt=\"Logomarca fone SE\" width=\"599\" height=\"78\" srcset=\"https:\/\/senoticias.com.br\/se\/wp-content\/uploads\/2017\/11\/Logomarca-fone-SE.jpg 599w, https:\/\/senoticias.com.br\/se\/wp-content\/uploads\/2017\/11\/Logomarca-fone-SE-300x39.jpg 300w\" sizes=\"(max-width: 599px) 100vw, 599px\" \/><\/a><\/p>\n<p style=\"text-align: justify;\"><em><strong>Acompanhe tamb\u00e9m o SE Not\u00edcias no\u00a0<a href=\"https:\/\/twitter.com\/Senoticias\" target=\"_blank\">Twitter<\/a>,\u00a0<a href=\"https:\/\/www.facebook.com\/senoticias1\" target=\"_blank\">Facebook<\/a>\u00a0e no\u00a0<a href=\"https:\/\/www.instagram.com\/senoticias\/\" target=\"_blank\">Instagram<\/a>\u00a0<\/strong><\/em><\/p>\n<p style=\"text-align: justify;\">Por SSP\/SE<\/p>\n","protected":false},"excerpt":{"rendered":"<p>Neste fim de semana, da noite de sexta-feira, 17, at\u00e9 a madrugada de segunda-feira, 20, foram registradas 45 pris\u00f5es nas Delegacias Plantonistas da capital e do interior. Ao total, foram registradas 30 pris\u00f5es na capital e 15 no interior sergipano. Entre os crimes cometidos nessas ocorr\u00eancias, est\u00e3o viol\u00eancia dom\u00e9stica, porte ilegal de arma de fogo, [&hellip;]<\/p>\n","protected":false},"author":2,"featured_media":0,"comment_status":"closed","ping_status":"closed","sticky":false,"template":"","format":"standard","meta":{"footnotes":""},"categories":[15,7],"tags":[7178,4809,2916,1303,2914,223,3901],"class_list":{"0":"post-108370","1":"post","2":"type-post","3":"status-publish","4":"format-standard","6":"category-destaques","7":"category-policia","8":"tag-capital","9":"tag-interior","10":"tag-plantonistas","11":"tag-policia","12":"tag-prisoes","13":"tag-sergipe","14":"tag-ssp"},"_links":{"self":[{"href":"https:\/\/senoticias.com.br\/se\/wp-json\/wp\/v2\/posts\/108370"}],"collection":[{"href":"https:\/\/senoticias.com.br\/se\/wp-json\/wp\/v2\/posts"}],"about":[{"href":"https:\/\/senoticias.com.br\/se\/wp-json\/wp\/v2\/types\/post"}],"author":[{"embeddable":true,"href":"https:\/\/senoticias.com.br\/se\/wp-json\/wp\/v2\/users\/2"}],"replies":[{"embeddable":true,"href":"https:\/\/senoticias.com.br\/se\/wp-json\/wp\/v2\/comments?post=108370"}],"version-history":[{"count":0,"href":"https:\/\/senoticias.com.br\/se\/wp-json\/wp\/v2\/posts\/108370\/revisions"}],"wp:attachment":[{"href":"https:\/\/senoticias.com.br\/se\/wp-json\/wp\/v2\/media?parent=108370"}],"wp:term":[{"taxonomy":"category","embeddable":true,"href":"https:\/\/senoticias.com.br\/se\/wp-json\/wp\/v2\/categories?post=108370"},{"taxonomy":"post_tag","embeddable":true,"href":"https:\/\/senoticias.com.br\/se\/wp-json\/wp\/v2\/tags?post=108370"}],"curies":[{"name":"wp","href":"https:\/\/api.w.org\/{rel}","templated":true}]}}