{"id":108355,"date":"2017-11-20T08:07:28","date_gmt":"2017-11-20T11:07:28","guid":{"rendered":"http:\/\/senoticias.com.br\/se\/?p=108355"},"modified":"2017-11-20T08:07:28","modified_gmt":"2017-11-20T11:07:28","slug":"incra-reconhece-familias-quilombolas-de-comunidade-em-sergipe","status":"publish","type":"post","link":"https:\/\/senoticias.com.br\/se\/incra-reconhece-familias-quilombolas-de-comunidade-em-sergipe\/","title":{"rendered":"Incra reconhece fam\u00edlias quilombolas de comunidade em Sergipe"},"content":{"rendered":"<p style=\"text-align: justify;\">O Dia da Consci\u00eancia Negra, comemorado hoje (20) em todo o pa\u00eds, em alguns estados, inclusive, com feriado, ser\u00e1 de festa para 185 fam\u00edlias da comunidade Mocambo, no munic\u00edpio de Porto da Folha, em Sergipe.<\/p>\n<div id=\"attachment_108356\" style=\"width: 226px\" class=\"wp-caption aligncenter\"><a href=\"http:\/\/senoticias.com.br\/se\/wp-content\/uploads\/2017\/11\/Quilombola-SE-NOTICIAS-e1511175867628.jpg\"><img loading=\"lazy\" decoding=\"async\" aria-describedby=\"caption-attachment-108356\" class=\"size-full wp-image-108356\" src=\"http:\/\/senoticias.com.br\/se\/wp-content\/uploads\/2017\/11\/Quilombola-SE-NOTICIAS-e1511175867628.jpg\" alt=\"(Foto: Ag\u00eancia Brasil)\" width=\"216\" height=\"162\" \/><\/a><p id=\"caption-attachment-108356\" class=\"wp-caption-text\">(Foto: Ag\u00eancia Brasil)<\/p><\/div>\n<p style=\"text-align: justify;\">Hoje (20), portaria do Instituto Nacional de Coloniza\u00e7\u00e3o e Reforma Agr\u00e1ria, publicada no Di\u00e1rio Oficial da Uni\u00e3o, reconhece as fam\u00edlias como pertencentes ao Territ\u00f3rio Quilombola Mocambo.<\/p>\n<p style=\"text-align: justify;\">De acordo com a portaria, o reconhecimento permite que elas tenham acesso \u00e0s pol\u00edticas do Plano Nacional de Reforma Agr\u00e1ria (PNRA), que prev\u00ea \u201cmelhor distribui\u00e7\u00e3o de terra mediante modifica\u00e7\u00f5es no regime de posse e uso, a fim de atender aos princ\u00edpios de justi\u00e7a social, desenvolvimento rural sustent\u00e1vel, aumento de produ\u00e7\u00e3o e promo\u00e7\u00e3o social, conforme preconiza o PNRA\u201d.<\/p>\n<p style=\"text-align: justify;\"><em><strong>Acompanhe tamb\u00e9m o SE Not\u00edcias no<\/strong><span class=\"apple-converted-space\"><b>\u00a0<\/b><\/span><a href=\"https:\/\/twitter.com\/Senoticias\" target=\"_blank\"><b>Twitter<\/b><\/a><strong>,<\/strong><span class=\"apple-converted-space\"><b>\u00a0<\/b><\/span><a href=\"https:\/\/www.facebook.com\/senoticias1\" target=\"_blank\"><b>Facebook<\/b><span class=\"apple-converted-space\"><b>\u00a0<\/b><\/span><\/a><strong>e no<\/strong><span class=\"apple-converted-space\"><b>\u00a0<\/b><\/span><a href=\"https:\/\/www.instagram.com\/senoticias\/\" target=\"_blank\"><b>Instagram<\/b><\/a><\/em><\/p>\n<p style=\"text-align: justify;\"><a href=\"http:\/\/senoticias.com.br\/se\/wp-content\/uploads\/2017\/11\/Logomarca-fone-SE.jpg\"><img loading=\"lazy\" decoding=\"async\" class=\"aligncenter size-full wp-image-108251\" src=\"http:\/\/senoticias.com.br\/se\/wp-content\/uploads\/2017\/11\/Logomarca-fone-SE.jpg\" alt=\"Logomarca fone SE\" width=\"599\" height=\"78\" srcset=\"https:\/\/senoticias.com.br\/se\/wp-content\/uploads\/2017\/11\/Logomarca-fone-SE.jpg 599w, https:\/\/senoticias.com.br\/se\/wp-content\/uploads\/2017\/11\/Logomarca-fone-SE-300x39.jpg 300w\" sizes=\"(max-width: 599px) 100vw, 599px\" \/><\/a><\/p>\n<p style=\"text-align: justify;\">\n<p style=\"text-align: justify;\"><em>Da Ag\u00eancia Brasil<\/em><\/p>\n","protected":false},"excerpt":{"rendered":"<p>O Dia da Consci\u00eancia Negra, comemorado hoje (20) em todo o pa\u00eds, em alguns estados, inclusive, com feriado, ser\u00e1 de festa para 185 fam\u00edlias da comunidade Mocambo, no munic\u00edpio de Porto da Folha, em Sergipe. Hoje (20), portaria do Instituto Nacional de Coloniza\u00e7\u00e3o e Reforma Agr\u00e1ria, publicada no Di\u00e1rio Oficial da Uni\u00e3o, reconhece as fam\u00edlias [&hellip;]<\/p>\n","protected":false},"author":2,"featured_media":0,"comment_status":"closed","ping_status":"closed","sticky":false,"template":"","format":"standard","meta":{"footnotes":""},"categories":[15],"tags":[7174,1604,223,7173],"class_list":{"0":"post-108355","1":"post","2":"type-post","3":"status-publish","4":"format-standard","6":"category-destaques","7":"tag-desenvolvimento-rural","8":"tag-dia-da-consciencia-negra","9":"tag-sergipe","10":"tag-territorio-quilombola"},"_links":{"self":[{"href":"https:\/\/senoticias.com.br\/se\/wp-json\/wp\/v2\/posts\/108355"}],"collection":[{"href":"https:\/\/senoticias.com.br\/se\/wp-json\/wp\/v2\/posts"}],"about":[{"href":"https:\/\/senoticias.com.br\/se\/wp-json\/wp\/v2\/types\/post"}],"author":[{"embeddable":true,"href":"https:\/\/senoticias.com.br\/se\/wp-json\/wp\/v2\/users\/2"}],"replies":[{"embeddable":true,"href":"https:\/\/senoticias.com.br\/se\/wp-json\/wp\/v2\/comments?post=108355"}],"version-history":[{"count":0,"href":"https:\/\/senoticias.com.br\/se\/wp-json\/wp\/v2\/posts\/108355\/revisions"}],"wp:attachment":[{"href":"https:\/\/senoticias.com.br\/se\/wp-json\/wp\/v2\/media?parent=108355"}],"wp:term":[{"taxonomy":"category","embeddable":true,"href":"https:\/\/senoticias.com.br\/se\/wp-json\/wp\/v2\/categories?post=108355"},{"taxonomy":"post_tag","embeddable":true,"href":"https:\/\/senoticias.com.br\/se\/wp-json\/wp\/v2\/tags?post=108355"}],"curies":[{"name":"wp","href":"https:\/\/api.w.org\/{rel}","templated":true}]}}