{"id":108353,"date":"2017-11-20T05:54:23","date_gmt":"2017-11-20T08:54:23","guid":{"rendered":"http:\/\/senoticias.com.br\/se\/?p=108353"},"modified":"2017-11-20T05:59:18","modified_gmt":"2017-11-20T08:59:18","slug":"ajudar-os-pobres-e-um-passaporte-para-o-paraiso-diz-papa","status":"publish","type":"post","link":"https:\/\/senoticias.com.br\/se\/ajudar-os-pobres-e-um-passaporte-para-o-paraiso-diz-papa\/","title":{"rendered":"Ajudar os pobres \u00e9 um &#8220;passaporte para o para\u00edso&#8221;, diz papa Francisco"},"content":{"rendered":"<p>&nbsp;<\/p>\n<p style=\"text-align: justify;\">O papa Francisco acolheu os pobres, sem-teto e desempregados como convidados de honra para uma missa e refei\u00e7\u00e3o no Vaticano no domingo, dizendo que ajudar os necessitados \u00e9 uma forma de obter um &#8220;passaporte para o para\u00edso&#8221;.<\/p>\n<div id=\"attachment_92769\" style=\"width: 609px\" class=\"wp-caption aligncenter\"><a href=\"http:\/\/senoticias.com.br\/se\/wp-content\/uploads\/2016\/06\/Papa-Francisco-SE-Noticias-e1465087792679.jpg\"><img loading=\"lazy\" decoding=\"async\" aria-describedby=\"caption-attachment-92769\" class=\"size-full wp-image-92769\" src=\"http:\/\/senoticias.com.br\/se\/wp-content\/uploads\/2016\/06\/Papa-Francisco-SE-Noticias-e1465087792679.jpg\" alt=\" Papa convita exclu\u00eddos ao Vaticano par a primeira Jornada Mundial dos Pobres. (Foto: Milos Bicanski \/ Getty Images)\" width=\"599\" height=\"400\" \/><\/a><p id=\"caption-attachment-92769\" class=\"wp-caption-text\"><br \/>Papa convida exclu\u00eddos ao Vaticano par a primeira Jornada Mundial dos Pobres. (Foto: Milos Bicanski \/ Getty Images)<\/p><\/div>\n<p style=\"text-align: justify;\">Francisco celebrou uma missa marcando o primeiro Dia Mundial dos Pobres da Igreja Cat\u00f3lica, que o papa estabeleceu para chamar a aten\u00e7\u00e3o dos 1,2 bilh\u00e3o de cat\u00f3licos do mundo para os mais necessitados.<\/p>\n<p style=\"text-align: justify;\">Volunt\u00e1rios de organiza\u00e7\u00f5es de caridade levaram cerca de 7 mil pessoas carentes \u00e0 Bas\u00edlica de S\u00e3o Pedro para uma missa especial celebrada pelo papa, que fez a defesa dos pobres, imigrantes e oprimidos, uma grande bandeira de seu papado.<\/p>\n<p style=\"text-align: justify;\">Cerca de 1,5 mil deles estavam almo\u00e7ando com o papa na grande sala de audi\u00eancias do Vaticano e outros foram levados para comer como convidados nas faculdades pontif\u00edcias pr\u00f3ximas.<\/p>\n<p>A maioria dos necessitados era de Roma e outras partes da It\u00e1lia, mas organiza\u00e7\u00f5es de caridade tamb\u00e9m trouxeram grupos da Fran\u00e7a, Espanha, Alemanha e Pol\u00f4nia.<\/p>\n<p style=\"text-align: justify;\">&#8220;Se aos olhos do mundo eles (os pobres) t\u00eam pouco valor, s\u00e3o eles que nos abrem o caminho para o c\u00e9u, eles s\u00e3o o nosso &#8216;passaporte para o para\u00edso&#8217;. Para n\u00f3s, \u00e9 um dever evang\u00e9lico cuidar deles &#8230; &#8220;, disse ele em sua homilia.<\/p>\n<p style=\"text-align: justify;\">&#8220;Deus n\u00e3o nos perguntar\u00e1 se sentimos uma indigna\u00e7\u00e3o justa, mas se fizemos algum bem&#8221;, disse ele, rotulando a indiferen\u00e7a como um pecado de omiss\u00e3o.<\/p>\n<p style=\"text-align: justify;\">O papa disse que isso acontece &#8220;quando dizemos &#8216;isso n\u00e3o me interessa, n\u00e3o \u00e9 da minha conta, \u00e9 problema da sociedade'&#8221;.<\/p>\n<p style=\"text-align: justify;\">&#8220;\u00c9 quando nos afastarmos de um irm\u00e3o ou irm\u00e3 necessitado, quando mudamos de canal assim que surge uma pergunta perturbadora, quando ficamos indignados com o mal, mas n\u00e3o fazemos nada sobre isso&#8221;.<\/p>\n<p style=\"text-align: justify;\"><a href=\"http:\/\/senoticias.com.br\/se\/wp-content\/uploads\/2017\/11\/Logomarca-fone-SE.jpg\"><img loading=\"lazy\" decoding=\"async\" class=\"aligncenter size-full wp-image-108251\" src=\"http:\/\/senoticias.com.br\/se\/wp-content\/uploads\/2017\/11\/Logomarca-fone-SE.jpg\" alt=\"Logomarca fone SE\" width=\"599\" height=\"78\" srcset=\"https:\/\/senoticias.com.br\/se\/wp-content\/uploads\/2017\/11\/Logomarca-fone-SE.jpg 599w, https:\/\/senoticias.com.br\/se\/wp-content\/uploads\/2017\/11\/Logomarca-fone-SE-300x39.jpg 300w\" sizes=\"(max-width: 599px) 100vw, 599px\" \/><\/a><\/p>\n<p style=\"text-align: justify;\"><em><strong>Acompanhe tamb\u00e9m o SE Not\u00edcias no<\/strong><span class=\"apple-converted-space\"><b>\u00a0<\/b><\/span><a href=\"https:\/\/twitter.com\/Senoticias\" target=\"_blank\"><b>Twitter<\/b><\/a><strong>,<\/strong><span class=\"apple-converted-space\"><b>\u00a0<\/b><\/span><a href=\"https:\/\/www.facebook.com\/senoticias1\" target=\"_blank\"><b>Facebook<\/b><span class=\"apple-converted-space\"><b>\u00a0<\/b><\/span><\/a><strong>e no<\/strong><span class=\"apple-converted-space\"><b>\u00a0<\/b><\/span><a href=\"https:\/\/www.instagram.com\/senoticias\/\" target=\"_blank\"><b>Instagram<\/b><\/a><\/em><\/p>\n<p style=\"text-align: justify;\"><em>Da Ag\u00eancia Reuters<\/em><\/p>\n","protected":false},"excerpt":{"rendered":"<p>&nbsp; O papa Francisco acolheu os pobres, sem-teto e desempregados como convidados de honra para uma missa e refei\u00e7\u00e3o no Vaticano no domingo, dizendo que ajudar os necessitados \u00e9 uma forma de obter um &#8220;passaporte para o para\u00edso&#8221;. Francisco celebrou uma missa marcando o primeiro Dia Mundial dos Pobres da Igreja Cat\u00f3lica, que o papa [&hellip;]<\/p>\n","protected":false},"author":2,"featured_media":92434,"comment_status":"closed","ping_status":"closed","sticky":false,"template":"","format":"standard","meta":{"footnotes":""},"categories":[15,46],"tags":[7172,886,7170,7171,888],"class_list":{"0":"post-108353","1":"post","2":"type-post","3":"status-publish","4":"format-standard","5":"has-post-thumbnail","7":"category-destaques","8":"category-religiao","9":"tag-dia-mundial-dos-pobres","10":"tag-papa-francisco","11":"tag-pobres","12":"tag-pobres-da-igreja-catolica","13":"tag-vaticano"},"_links":{"self":[{"href":"https:\/\/senoticias.com.br\/se\/wp-json\/wp\/v2\/posts\/108353"}],"collection":[{"href":"https:\/\/senoticias.com.br\/se\/wp-json\/wp\/v2\/posts"}],"about":[{"href":"https:\/\/senoticias.com.br\/se\/wp-json\/wp\/v2\/types\/post"}],"author":[{"embeddable":true,"href":"https:\/\/senoticias.com.br\/se\/wp-json\/wp\/v2\/users\/2"}],"replies":[{"embeddable":true,"href":"https:\/\/senoticias.com.br\/se\/wp-json\/wp\/v2\/comments?post=108353"}],"version-history":[{"count":0,"href":"https:\/\/senoticias.com.br\/se\/wp-json\/wp\/v2\/posts\/108353\/revisions"}],"wp:featuredmedia":[{"embeddable":true,"href":"https:\/\/senoticias.com.br\/se\/wp-json\/wp\/v2\/media\/92434"}],"wp:attachment":[{"href":"https:\/\/senoticias.com.br\/se\/wp-json\/wp\/v2\/media?parent=108353"}],"wp:term":[{"taxonomy":"category","embeddable":true,"href":"https:\/\/senoticias.com.br\/se\/wp-json\/wp\/v2\/categories?post=108353"},{"taxonomy":"post_tag","embeddable":true,"href":"https:\/\/senoticias.com.br\/se\/wp-json\/wp\/v2\/tags?post=108353"}],"curies":[{"name":"wp","href":"https:\/\/api.w.org\/{rel}","templated":true}]}}