{"id":108340,"date":"2017-11-18T18:49:11","date_gmt":"2017-11-18T21:49:11","guid":{"rendered":"http:\/\/senoticias.com.br\/se\/?p=108340"},"modified":"2017-11-18T18:49:11","modified_gmt":"2017-11-18T21:49:11","slug":"policia-civil-prende-suspeitos-de-matar-adolescente-em-socorro","status":"publish","type":"post","link":"https:\/\/senoticias.com.br\/se\/policia-civil-prende-suspeitos-de-matar-adolescente-em-socorro\/","title":{"rendered":"Pol\u00edcia Civil prende suspeitos de matar adolescente em Socorro"},"content":{"rendered":"<p style=\"text-align: justify;\">O Departamento de Homic\u00eddios e Prote\u00e7\u00e3o \u00e0 Pessoa (DHPP) da Pol\u00edcia Civil de Sergipe prendeu duas pessoas envolvidas com a morte da adolescente Michele de Jesus Santos, de 13 anos, encontrada morta em uma escola abandonada em Nossa Senhora do Socorro, no \u00faltimo dia 04 de novembro.<\/p>\n<div id=\"attachment_108341\" style=\"width: 609px\" class=\"wp-caption aligncenter\"><a href=\"http:\/\/senoticias.com.br\/se\/wp-content\/uploads\/2017\/11\/suspeitos-se-noticias-e1511041384428.jpg\"><img loading=\"lazy\" decoding=\"async\" aria-describedby=\"caption-attachment-108341\" class=\"size-full wp-image-108341\" src=\"http:\/\/senoticias.com.br\/se\/wp-content\/uploads\/2017\/11\/suspeitos-se-noticias-e1511041384428.jpg\" alt=\"DHPP cumpriu dois mandados de pris\u00e3o tempor\u00e1ria e motivo do crime pode ser passional\" width=\"599\" height=\"419\" \/><\/a><p id=\"caption-attachment-108341\" class=\"wp-caption-text\">Segundo a pol\u00edcia,\u00a0os suspeitos v\u00e3o cumprir mandados de pris\u00e3o tempor\u00e1ria( foto: SSP\/SE)<\/p><\/div>\n<p style=\"text-align: justify;\">\n<p style=\"text-align: justify;\">Foram presos pela equipe da 4\u00aa Divis\u00e3o do DHPP, William Teles Santos Silva, mais conhecido como &#8220;Lohana&#8221;, e Maiane Cristina Melo Santos, vulgo &#8220;Gu&#8221;. Os mandados de pris\u00e3o tempor\u00e1ria foram cumpridos no in\u00edcio da tarde desta sexta-feira (17).<\/p>\n<p style=\"text-align: justify;\">\nAs investiga\u00e7\u00f5es foram detalhadas pelo delegado Ant\u00f4nio S\u00e9rgio que, junto com a equipe de investigadores do DHPP, verificou informa\u00e7\u00f5es em depoimentos de familiares e testemunhas e v\u00eddeos das proximidades da casa da v\u00edtima. Segundo a pol\u00edcia, 15 pessoas foram ouvidas e apontavam &#8220;Lohana&#8221; como respons\u00e1vel pelo crime.<\/p>\n<p style=\"text-align: justify;\">Com o avan\u00e7o das investiga\u00e7\u00f5es, os policiais civis identificaram &#8220;Gu&#8221; como mais uma envolvida. H\u00e1 ind\u00edcios de que uma terceira pessoas tamb\u00e9m estivesse no local do crime. O delegado Ant\u00f4nio S\u00e9rgio disse que as investiga\u00e7\u00f5es est\u00e3o em andamento, mas tudo leva a crer que o crime teria sido praticado por motivo passional.<\/p>\n<p style=\"text-align: justify;\">No in\u00edcio dos trabalhos no inqu\u00e9rito policial, &#8220;Lohana&#8221; chegou a ser encaminhada ao DHPP, depois que populares tentaram linch\u00e1-la. Acuada, a Pol\u00edcia Militar agiu r\u00e1pido e evitou o espa\u00e7amento. Em depoimento ao delegado Ant\u00f4nio S\u00e9rgio, a acusada negou envolvimento no crime, vers\u00e3o que foi desmontada com o avan\u00e7o das investiga\u00e7\u00f5es.<\/p>\n<p style=\"text-align: justify;\">\n<p style=\"text-align: justify;\"><a href=\"http:\/\/senoticias.com.br\/se\/wp-content\/uploads\/2017\/11\/Logomarca-fone-SE.jpg\"><img loading=\"lazy\" decoding=\"async\" class=\"aligncenter size-full wp-image-108251\" src=\"http:\/\/senoticias.com.br\/se\/wp-content\/uploads\/2017\/11\/Logomarca-fone-SE.jpg\" alt=\"Logomarca fone SE\" width=\"599\" height=\"78\" srcset=\"https:\/\/senoticias.com.br\/se\/wp-content\/uploads\/2017\/11\/Logomarca-fone-SE.jpg 599w, https:\/\/senoticias.com.br\/se\/wp-content\/uploads\/2017\/11\/Logomarca-fone-SE-300x39.jpg 300w\" sizes=\"(max-width: 599px) 100vw, 599px\" \/><\/a><\/p>\n<p style=\"text-align: justify;\">\n<p style=\"text-align: justify;\"><em><strong>Acompanhe tamb\u00e9m o SE Not\u00edcias no\u00a0<a href=\"https:\/\/twitter.com\/Senoticias\" target=\"_blank\">Twitter<\/a>,\u00a0<a href=\"https:\/\/www.facebook.com\/senoticias1\" target=\"_blank\">Facebook<\/a>\u00a0e no\u00a0<a href=\"https:\/\/www.instagram.com\/senoticias\/\" target=\"_blank\">Instagram<\/a><\/strong><\/em><\/p>\n<p style=\"text-align: justify;\">\n<p style=\"text-align: justify;\">Mat\u00e9ria extra\u00edda do <a href=\"http:\/\/www.ssp.se.gov.br\/Noticias\/Detalhes?idNoticia=9347\"><strong>site<\/strong><\/a> SSP\/SE<\/p>\n","protected":false},"excerpt":{"rendered":"<p>O Departamento de Homic\u00eddios e Prote\u00e7\u00e3o \u00e0 Pessoa (DHPP) da Pol\u00edcia Civil de Sergipe prendeu duas pessoas envolvidas com a morte da adolescente Michele de Jesus Santos, de 13 anos, encontrada morta em uma escola abandonada em Nossa Senhora do Socorro, no \u00faltimo dia 04 de novembro. Foram presos pela equipe da 4\u00aa Divis\u00e3o do [&hellip;]<\/p>\n","protected":false},"author":2,"featured_media":108341,"comment_status":"closed","ping_status":"closed","sticky":false,"template":"","format":"standard","meta":{"footnotes":""},"categories":[15,7],"tags":[3844,2621,7156,7155,7154,4843],"class_list":{"0":"post-108340","1":"post","2":"type-post","3":"status-publish","4":"format-standard","5":"has-post-thumbnail","7":"category-destaques","8":"category-policia","9":"tag-adolescente","10":"tag-dhpp","11":"tag-investigacoes","12":"tag-lohana","13":"tag-michele-de-jesus-santos","14":"tag-policia-civil-de-sergipe"},"_links":{"self":[{"href":"https:\/\/senoticias.com.br\/se\/wp-json\/wp\/v2\/posts\/108340"}],"collection":[{"href":"https:\/\/senoticias.com.br\/se\/wp-json\/wp\/v2\/posts"}],"about":[{"href":"https:\/\/senoticias.com.br\/se\/wp-json\/wp\/v2\/types\/post"}],"author":[{"embeddable":true,"href":"https:\/\/senoticias.com.br\/se\/wp-json\/wp\/v2\/users\/2"}],"replies":[{"embeddable":true,"href":"https:\/\/senoticias.com.br\/se\/wp-json\/wp\/v2\/comments?post=108340"}],"version-history":[{"count":0,"href":"https:\/\/senoticias.com.br\/se\/wp-json\/wp\/v2\/posts\/108340\/revisions"}],"wp:featuredmedia":[{"embeddable":true,"href":"https:\/\/senoticias.com.br\/se\/wp-json\/wp\/v2\/media\/108341"}],"wp:attachment":[{"href":"https:\/\/senoticias.com.br\/se\/wp-json\/wp\/v2\/media?parent=108340"}],"wp:term":[{"taxonomy":"category","embeddable":true,"href":"https:\/\/senoticias.com.br\/se\/wp-json\/wp\/v2\/categories?post=108340"},{"taxonomy":"post_tag","embeddable":true,"href":"https:\/\/senoticias.com.br\/se\/wp-json\/wp\/v2\/tags?post=108340"}],"curies":[{"name":"wp","href":"https:\/\/api.w.org\/{rel}","templated":true}]}}