{"id":108319,"date":"2017-11-17T17:16:48","date_gmt":"2017-11-17T20:16:48","guid":{"rendered":"http:\/\/senoticias.com.br\/se\/?p=108319"},"modified":"2017-11-17T17:16:48","modified_gmt":"2017-11-17T20:16:48","slug":"justica-pede-que-smtt-retire-as-faixas-exclusivas-de-aracaju","status":"publish","type":"post","link":"https:\/\/senoticias.com.br\/se\/justica-pede-que-smtt-retire-as-faixas-exclusivas-de-aracaju\/","title":{"rendered":"Justi\u00e7a pede que SMTT retire as faixas exclusivas de Aracaju"},"content":{"rendered":"<p style=\"text-align: justify;\"><span style=\"color: #000000;\">A Superintend\u00eancia Municipal de Transportes e Tr\u00e2nsito (SMTT) confirma que foi notificada pela Justi\u00e7a para que retire as faixas exclusivas para o transporte p\u00fablico existentes em Aracaju. O \u00f3rg\u00e3o recorrer\u00e1 da decis\u00e3o e esclarece que, enquanto o processo n\u00e3o for finalizado, a din\u00e2mica de circula\u00e7\u00e3o de ve\u00edculos nas faixas continua a mesma: permitidas aos s\u00e1bados, domingos, feriados durante todo o dia; e das 20h da noite \u00e0s 6h da manh\u00e3 em dias \u00fateis. O condutor que n\u00e3o respeitar estes hor\u00e1rios est\u00e1 sujeito \u00e0 multa de R$ 191,54 e sete pontos na carteira.<\/span><\/p>\n<div id=\"attachment_108320\" style=\"width: 550px\" class=\"wp-caption aligncenter\"><a href=\"http:\/\/senoticias.com.br\/se\/wp-content\/uploads\/2017\/11\/Faixas-exclusivas-de-onibus-SE-Noticias.jpg\"><img loading=\"lazy\" decoding=\"async\" aria-describedby=\"caption-attachment-108320\" class=\"size-full wp-image-108320\" src=\"http:\/\/senoticias.com.br\/se\/wp-content\/uploads\/2017\/11\/Faixas-exclusivas-de-onibus-SE-Noticias.jpg\" alt=\"Foto: A8SE\" width=\"540\" height=\"340\" srcset=\"https:\/\/senoticias.com.br\/se\/wp-content\/uploads\/2017\/11\/Faixas-exclusivas-de-onibus-SE-Noticias.jpg 540w, https:\/\/senoticias.com.br\/se\/wp-content\/uploads\/2017\/11\/Faixas-exclusivas-de-onibus-SE-Noticias-300x189.jpg 300w, https:\/\/senoticias.com.br\/se\/wp-content\/uploads\/2017\/11\/Faixas-exclusivas-de-onibus-SE-Noticias-120x76.jpg 120w, https:\/\/senoticias.com.br\/se\/wp-content\/uploads\/2017\/11\/Faixas-exclusivas-de-onibus-SE-Noticias-265x168.jpg 265w, https:\/\/senoticias.com.br\/se\/wp-content\/uploads\/2017\/11\/Faixas-exclusivas-de-onibus-SE-Noticias-284x180.jpg 284w, https:\/\/senoticias.com.br\/se\/wp-content\/uploads\/2017\/11\/Faixas-exclusivas-de-onibus-SE-Noticias-274x173.jpg 274w, https:\/\/senoticias.com.br\/se\/wp-content\/uploads\/2017\/11\/Faixas-exclusivas-de-onibus-SE-Noticias-220x140.jpg 220w\" sizes=\"(max-width: 540px) 100vw, 540px\" \/><\/a><p id=\"caption-attachment-108320\" class=\"wp-caption-text\">Foto: A8SE<\/p><\/div>\n<p style=\"text-align: justify;\"><span style=\"color: #000000;\">As faixas exclusivas reduziram o tempo de viagem dos ve\u00edculos de transporte p\u00fablico e tem boa receptividade entre os usu\u00e1rios do servi\u00e7o. A SMTT estuda como otimizar este recurso nas \u00e1reas onde elas j\u00e1 existem e aplic\u00e1-lo em outras vias da cidade.<\/span><\/p>\n<p style=\"text-align: justify;\">\n<p style=\"text-align: justify;\"><a href=\"http:\/\/senoticias.com.br\/se\/wp-content\/uploads\/2017\/11\/Logomarca-fone-SE.jpg\"><img loading=\"lazy\" decoding=\"async\" class=\"aligncenter size-full wp-image-108251\" src=\"http:\/\/senoticias.com.br\/se\/wp-content\/uploads\/2017\/11\/Logomarca-fone-SE.jpg\" alt=\"Logomarca fone SE\" width=\"599\" height=\"78\" srcset=\"https:\/\/senoticias.com.br\/se\/wp-content\/uploads\/2017\/11\/Logomarca-fone-SE.jpg 599w, https:\/\/senoticias.com.br\/se\/wp-content\/uploads\/2017\/11\/Logomarca-fone-SE-300x39.jpg 300w\" sizes=\"(max-width: 599px) 100vw, 599px\" \/><\/a><\/p>\n<p style=\"text-align: justify;\"><em><strong>Acompanhe tamb\u00e9m o SE Not\u00edcias no\u00a0<a href=\"https:\/\/twitter.com\/Senoticias\" target=\"_blank\">Twitter<\/a>,\u00a0<a href=\"https:\/\/www.facebook.com\/senoticias1\" target=\"_blank\">Facebook<\/a>\u00a0e no\u00a0<a href=\"https:\/\/www.instagram.com\/senoticias\/\" target=\"_blank\">Instagram<\/a>\u00a0<\/strong><\/em><\/p>\n<p style=\"text-align: justify;\"><span style=\"color: #000000;\">Assessoria de Comunica\u00e7\u00e3o da SMTT<\/span><\/p>\n","protected":false},"excerpt":{"rendered":"<p>A Superintend\u00eancia Municipal de Transportes e Tr\u00e2nsito (SMTT) confirma que foi notificada pela Justi\u00e7a para que retire as faixas exclusivas para o transporte p\u00fablico existentes em Aracaju. O \u00f3rg\u00e3o recorrer\u00e1 da decis\u00e3o e esclarece que, enquanto o processo n\u00e3o for finalizado, a din\u00e2mica de circula\u00e7\u00e3o de ve\u00edculos nas faixas continua a mesma: permitidas aos s\u00e1bados, [&hellip;]<\/p>\n","protected":false},"author":2,"featured_media":0,"comment_status":"closed","ping_status":"closed","sticky":false,"template":"","format":"standard","meta":{"footnotes":""},"categories":[15,6],"tags":[339,7134,7133,2799,2875,2979],"class_list":{"0":"post-108319","1":"post","2":"type-post","3":"status-publish","4":"format-standard","6":"category-destaques","7":"category-politica","8":"tag-aracaju","9":"tag-exclusivas","10":"tag-faixas","11":"tag-justica","12":"tag-onibus","13":"tag-smtt"},"_links":{"self":[{"href":"https:\/\/senoticias.com.br\/se\/wp-json\/wp\/v2\/posts\/108319"}],"collection":[{"href":"https:\/\/senoticias.com.br\/se\/wp-json\/wp\/v2\/posts"}],"about":[{"href":"https:\/\/senoticias.com.br\/se\/wp-json\/wp\/v2\/types\/post"}],"author":[{"embeddable":true,"href":"https:\/\/senoticias.com.br\/se\/wp-json\/wp\/v2\/users\/2"}],"replies":[{"embeddable":true,"href":"https:\/\/senoticias.com.br\/se\/wp-json\/wp\/v2\/comments?post=108319"}],"version-history":[{"count":0,"href":"https:\/\/senoticias.com.br\/se\/wp-json\/wp\/v2\/posts\/108319\/revisions"}],"wp:attachment":[{"href":"https:\/\/senoticias.com.br\/se\/wp-json\/wp\/v2\/media?parent=108319"}],"wp:term":[{"taxonomy":"category","embeddable":true,"href":"https:\/\/senoticias.com.br\/se\/wp-json\/wp\/v2\/categories?post=108319"},{"taxonomy":"post_tag","embeddable":true,"href":"https:\/\/senoticias.com.br\/se\/wp-json\/wp\/v2\/tags?post=108319"}],"curies":[{"name":"wp","href":"https:\/\/api.w.org\/{rel}","templated":true}]}}