{"id":108315,"date":"2017-11-17T16:36:56","date_gmt":"2017-11-17T19:36:56","guid":{"rendered":"http:\/\/senoticias.com.br\/se\/?p=108315"},"modified":"2017-11-17T16:36:56","modified_gmt":"2017-11-17T19:36:56","slug":"governo-estuda-implantacao-da-patrulha-maria-da-penha","status":"publish","type":"post","link":"https:\/\/senoticias.com.br\/se\/governo-estuda-implantacao-da-patrulha-maria-da-penha\/","title":{"rendered":"Governo estuda implanta\u00e7\u00e3o da &#8220;Patrulha Maria da Penha&#8221;"},"content":{"rendered":"<p style=\"text-align: justify;\"><span style=\"color: #000000;\">O governador Jackson Barreto afirmou, na tarde desta quinta-feira, 16, que tem todo interesse de contribuir com o combate a viol\u00eancia contra a mulher no estado, ao receber no Pal\u00e1cio de Veraneio uma comiss\u00e3o de mulheres que foi solicitar a instala\u00e7\u00e3o da Patrulha Maria da Penha em Sergipe.<\/span><\/p>\n<p style=\"text-align: justify;\"><span style=\"color: #000000;\">A deputada estadual e presidente da Frente Parlamentar em Defesa das Mulheres, Goretti Reis, entregou ao governador a Minuta de Projeto de Lei que estabelece a institui\u00e7\u00e3o da Patrulha Maria da Penha em Sergipe. O objetivo \u00e9 prevenir e combater a viol\u00eancia dom\u00e9stica e familiar contra a mulher.<\/span><\/p>\n<div id=\"attachment_108316\" style=\"width: 609px\" class=\"wp-caption aligncenter\"><a href=\"http:\/\/senoticias.com.br\/se\/wp-content\/uploads\/2017\/11\/governo-SENOTICIAS-e1510947370836.jpg\"><img loading=\"lazy\" decoding=\"async\" aria-describedby=\"caption-attachment-108316\" class=\"size-full wp-image-108316\" src=\"http:\/\/senoticias.com.br\/se\/wp-content\/uploads\/2017\/11\/governo-SENOTICIAS-e1510947370836.jpg\" alt=\"Fotos: Victor Ribeiro \/ ASN\" width=\"599\" height=\"400\" \/><\/a><p id=\"caption-attachment-108316\" class=\"wp-caption-text\">Fotos: Victor Ribeiro \/ ASN<\/p><\/div>\n<p style=\"text-align: justify;\"><span style=\"color: #000000;\">\u201cNunca vi um crescimento t\u00e3o grande da viol\u00eancia contra a mulher como nos dias atuais. \u00c9 preciso a\u00e7\u00f5es mais firmes, mais duras, mais efetivas na prote\u00e7\u00e3o dos direitos das mulheres\u201d, destacou o governador ao informar que estar\u00e1 encaminhando ao secret\u00e1rio de Estado da Casa Civil e vice-governador Belivaldo Chagas e ao secret\u00e1rio de Seguran\u00e7a P\u00fablica, Jo\u00e3o Eloy, a minuta do Projeto para an\u00e1lise.<\/span><\/p>\n<p style=\"text-align: justify;\"><span style=\"color: #000000;\">De acordo com o governador, a Patrulha Maria da Penha \u00e9 a sequ\u00eancia do trabalho na qual se originou a Lei Maria da Penha. \u201cEssa patrulha dar\u00e1 uma aten\u00e7\u00e3o \u00e0s mulheres que sofreram viol\u00eancia que est\u00e3o em situa\u00e7\u00e3o de vulnerabilidade e precisam de prote\u00e7\u00e3o. Na hora que ela denuncia, o agressor se sente ofendido e \u00e9 neste momento que a mulher precisa de uma prote\u00e7\u00e3o maior. A patrulha vai dar essa prote\u00e7\u00e3o para evitar que o agressor repita a agress\u00e3o\u201d, explicou Jackson Barreto, ao dizer que o governo tem todo interesse em contribuir com o fim da viol\u00eancia contra a mulher.<\/span><\/p>\n<p style=\"text-align: justify;\"><span style=\"color: #000000;\">A deputada estadual Goretti Reis informou que essa patrulha j\u00e1 est\u00e1 funcionando com sucesso nos estados do Rio Grande do Sul e Pernambuco. Ela sugeriu ao governador que inicialmente seja criada a patrulha abrangendo os munic\u00edpios da Grande Aracaju, para depois instituir por regi\u00e3o.<\/span><\/p>\n<p style=\"text-align: justify;\"><span style=\"color: #000000;\">A delegada do Departamento de Grupos Vulner\u00e1veis, Mariana Diniz, disse que somente em 2016 foram registrados 2.268 boletins de ocorr\u00eancia de viol\u00eancia contra as mulheres e, desse total, mil foram transformados em inqu\u00e9ritos. Ela tamb\u00e9m entende que a patrulha deve abranger inicialmente a regi\u00e3o metropolitana de Aracaju.<\/span><\/p>\n<p style=\"text-align: justify;\"><span style=\"color: #000000;\">A representante da seccional de Sergipe da OAB (Ordem dos Advogados do Brasil), Valdilene Oliveira Martins, destacou a import\u00e2ncia da Patrulha para dar assist\u00eancia \u00e0 mulher no momento em que ela est\u00e1 de medida protetiva. Segundo ela, a estrutura social brasileira \u00e9 muito cruel com a mulher que precisa de prote\u00e7\u00e3o. \u201cA patrulha pode ser chamada no momento da agress\u00e3o ou quando a mulher se sentir amea\u00e7ada\u201d, revelou.<\/span><\/p>\n<p style=\"text-align: justify;\"><span style=\"color: #000000;\">A Patrulha Maria da Penha deve atuar na prote\u00e7\u00e3o, preven\u00e7\u00e3o, monitoramento e acompanhamento das mulheres que j\u00e1 receberam medidas protetivas pelo Juizado da Viol\u00eancia Dom\u00e9stica nos termos da Lei Maria da Penha, atrav\u00e9s da realiza\u00e7\u00e3o de visitas peri\u00f3dicas da Pol\u00edcia Militar, como um dos servi\u00e7os da rede de atendimento \u00e0s mulheres em situa\u00e7\u00e3o de viol\u00eancia, seguindo protocolos e fluxos entre \u00f3rg\u00e3os, a exemplo da Pol\u00edcia Militar, Pol\u00edcia Civil, Poder Judici\u00e1rio e Prefeituras Municipais.<\/span><\/p>\n<p style=\"text-align: justify;\"><span style=\"color: #000000;\">Tamb\u00e9m compareceram \u00e0 reuni\u00e3o o deputado estadual Garibalde Mendon\u00e7a e as enfermeiras Irene do Carmo Ferreira, Zenaide Cavalcante e Talita Mecenas. Elas entregaram ao governador a minuta de um projeto para instala\u00e7\u00e3o da se\u00e7\u00e3o da enfermagem forense em Sergipe.<\/span><\/p>\n<p style=\"text-align: justify;\">\n<p style=\"text-align: justify;\"><a href=\"http:\/\/senoticias.com.br\/se\/wp-content\/uploads\/2017\/11\/Logomarca-fone-SE.jpg\"><img loading=\"lazy\" decoding=\"async\" class=\"aligncenter size-full wp-image-108251\" src=\"http:\/\/senoticias.com.br\/se\/wp-content\/uploads\/2017\/11\/Logomarca-fone-SE.jpg\" alt=\"Logomarca fone SE\" width=\"599\" height=\"78\" srcset=\"https:\/\/senoticias.com.br\/se\/wp-content\/uploads\/2017\/11\/Logomarca-fone-SE.jpg 599w, https:\/\/senoticias.com.br\/se\/wp-content\/uploads\/2017\/11\/Logomarca-fone-SE-300x39.jpg 300w\" sizes=\"(max-width: 599px) 100vw, 599px\" \/><\/a><\/p>\n<p style=\"text-align: justify;\"><em><strong>Acompanhe tamb\u00e9m o SE Not\u00edcias no\u00a0<a href=\"https:\/\/twitter.com\/Senoticias\" target=\"_blank\">Twitter<\/a>,\u00a0<a href=\"https:\/\/www.facebook.com\/senoticias1\" target=\"_blank\">Facebook<\/a>\u00a0e no\u00a0<a href=\"https:\/\/www.instagram.com\/senoticias\/\" target=\"_blank\">Instagram<\/a>\u00a0<\/strong><\/em><\/p>\n<p style=\"text-align: justify;\">Por ASN<\/p>\n","protected":false},"excerpt":{"rendered":"<p>O governador Jackson Barreto afirmou, na tarde desta quinta-feira, 16, que tem todo interesse de contribuir com o combate a viol\u00eancia contra a mulher no estado, ao receber no Pal\u00e1cio de Veraneio uma comiss\u00e3o de mulheres que foi solicitar a instala\u00e7\u00e3o da Patrulha Maria da Penha em Sergipe. A deputada estadual e presidente da Frente [&hellip;]<\/p>\n","protected":false},"author":2,"featured_media":0,"comment_status":"closed","ping_status":"closed","sticky":false,"template":"","format":"standard","meta":{"footnotes":""},"categories":[15,6],"tags":[2002,5099,7130,2168,223],"class_list":{"0":"post-108315","1":"post","2":"type-post","3":"status-publish","4":"format-standard","6":"category-destaques","7":"category-politica","8":"tag-governo","9":"tag-mariadapenha","10":"tag-patrulha","11":"tag-politica","12":"tag-sergipe"},"_links":{"self":[{"href":"https:\/\/senoticias.com.br\/se\/wp-json\/wp\/v2\/posts\/108315"}],"collection":[{"href":"https:\/\/senoticias.com.br\/se\/wp-json\/wp\/v2\/posts"}],"about":[{"href":"https:\/\/senoticias.com.br\/se\/wp-json\/wp\/v2\/types\/post"}],"author":[{"embeddable":true,"href":"https:\/\/senoticias.com.br\/se\/wp-json\/wp\/v2\/users\/2"}],"replies":[{"embeddable":true,"href":"https:\/\/senoticias.com.br\/se\/wp-json\/wp\/v2\/comments?post=108315"}],"version-history":[{"count":0,"href":"https:\/\/senoticias.com.br\/se\/wp-json\/wp\/v2\/posts\/108315\/revisions"}],"wp:attachment":[{"href":"https:\/\/senoticias.com.br\/se\/wp-json\/wp\/v2\/media?parent=108315"}],"wp:term":[{"taxonomy":"category","embeddable":true,"href":"https:\/\/senoticias.com.br\/se\/wp-json\/wp\/v2\/categories?post=108315"},{"taxonomy":"post_tag","embeddable":true,"href":"https:\/\/senoticias.com.br\/se\/wp-json\/wp\/v2\/tags?post=108315"}],"curies":[{"name":"wp","href":"https:\/\/api.w.org\/{rel}","templated":true}]}}