{"id":108308,"date":"2017-11-17T11:30:21","date_gmt":"2017-11-17T14:30:21","guid":{"rendered":"http:\/\/senoticias.com.br\/se\/?p=108308"},"modified":"2017-11-17T14:23:17","modified_gmt":"2017-11-17T17:23:17","slug":"preso-morre-apos-ser-agredido-por-detentos-em-presidio-do-santa-maria","status":"publish","type":"post","link":"https:\/\/senoticias.com.br\/se\/preso-morre-apos-ser-agredido-por-detentos-em-presidio-do-santa-maria\/","title":{"rendered":"Preso morre ap\u00f3s ser agredido por detentos em pres\u00eddio do Santa Maria"},"content":{"rendered":"<p style=\"text-align: justify;\">Na manh\u00e3 desta sexta-feira (17), o detento Salvio Vianey Bento da Silva foi encontrado morto no Complexo Penitenci\u00e1rio Advogado Antonio Jacinto Filho (Compajaf), no conjunto Terra Dura, bairro Santa Maria, em Aracaju. O crime aconteceu na Ala A do pres\u00eddio. A informa\u00e7\u00e3o foi passada pela Secretaria de Justi\u00e7a e Cidadania (Sejuc).<\/p>\n<div id=\"attachment_97465\" style=\"width: 608px\" class=\"wp-caption aligncenter\"><a href=\"http:\/\/senoticias.com.br\/se\/wp-content\/uploads\/2016\/10\/compajf_ascom_sejuc-e1477602030105.jpg\"><img loading=\"lazy\" decoding=\"async\" aria-describedby=\"caption-attachment-97465\" class=\"size-full wp-image-97465\" src=\"http:\/\/senoticias.com.br\/se\/wp-content\/uploads\/2016\/10\/compajf_ascom_sejuc-e1477602030105.jpg\" alt=\"(Foto: Ascom\/Sejuc)\" width=\"598\" height=\"449\" \/><\/a><p id=\"caption-attachment-97465\" class=\"wp-caption-text\">(Foto: Ascom\/Sejuc)<\/p><\/div>\n<p style=\"text-align: justify;\">De acordo com a assessoria de comunica\u00e7\u00e3o da Sejuc, Salvio Vianey Bento da Silva, foi preso por parte ilegal de arma, em outubro deste ano, mas era foragido da justi\u00e7a pernambucana por ter cometido um estupro contra uma crian\u00e7a de 9 anos, em Porto de Galinhas.<\/p>\n<p style=\"text-align: justify;\">A Sejuc tamb\u00e9m informou que existe a suspeita que o detento teria sido morto, ap\u00f3s os outros presos descobrirem o crime de estupro que ele teria cometido.<\/p>\n<p style=\"text-align: justify;\">O Departamento de Homic\u00eddios e Prote\u00e7\u00e3o a Pessoa (DHPP), a Criminal\u00edstica e o Instituto M\u00e9dico legal (IML), j\u00e1 foram acionados.<\/p>\n<p style=\"text-align: justify;\"><em><strong>Acompanhe tamb\u00e9m o SE Not\u00edcias no\u00a0<a href=\"https:\/\/twitter.com\/Senoticias\" target=\"_blank\">Twitter<\/a>,\u00a0<a href=\"https:\/\/www.facebook.com\/senoticias1\" target=\"_blank\">Facebook<\/a>\u00a0e no\u00a0<a href=\"https:\/\/www.instagram.com\/senoticias\/\" target=\"_blank\">Instagram<\/a>\u00a0<\/strong><\/em><\/p>\n<p style=\"text-align: justify;\"><a href=\"http:\/\/senoticias.com.br\/se\/wp-content\/uploads\/2017\/11\/Logomarca-fone-SE.jpg\"><img loading=\"lazy\" decoding=\"async\" class=\"aligncenter size-full wp-image-108251\" src=\"http:\/\/senoticias.com.br\/se\/wp-content\/uploads\/2017\/11\/Logomarca-fone-SE.jpg\" alt=\"Logomarca fone SE\" width=\"599\" height=\"78\" srcset=\"https:\/\/senoticias.com.br\/se\/wp-content\/uploads\/2017\/11\/Logomarca-fone-SE.jpg 599w, https:\/\/senoticias.com.br\/se\/wp-content\/uploads\/2017\/11\/Logomarca-fone-SE-300x39.jpg 300w\" sizes=\"(max-width: 599px) 100vw, 599px\" \/><\/a><\/p>\n<p style=\"text-align: justify;\"><em>Com informa\u00e7\u00f5es do A8SE<\/em><\/p>\n","protected":false},"excerpt":{"rendered":"<p>Na manh\u00e3 desta sexta-feira (17), o detento Salvio Vianey Bento da Silva foi encontrado morto no Complexo Penitenci\u00e1rio Advogado Antonio Jacinto Filho (Compajaf), no conjunto Terra Dura, bairro Santa Maria, em Aracaju. O crime aconteceu na Ala A do pres\u00eddio. A informa\u00e7\u00e3o foi passada pela Secretaria de Justi\u00e7a e Cidadania (Sejuc). De acordo com a [&hellip;]<\/p>\n","protected":false},"author":2,"featured_media":0,"comment_status":"closed","ping_status":"closed","sticky":false,"template":"","format":"standard","meta":{"footnotes":""},"categories":[15,7],"tags":[2616,3500,1303,4464,7127,324,2327],"class_list":{"0":"post-108308","1":"post","2":"type-post","3":"status-publish","4":"format-standard","6":"category-destaques","7":"category-policia","8":"tag-compajaf","9":"tag-homicidio","10":"tag-policia","11":"tag-presos","12":"tag-salvio-vianey-bento","13":"tag-santa-maria","14":"tag-sejuc"},"_links":{"self":[{"href":"https:\/\/senoticias.com.br\/se\/wp-json\/wp\/v2\/posts\/108308"}],"collection":[{"href":"https:\/\/senoticias.com.br\/se\/wp-json\/wp\/v2\/posts"}],"about":[{"href":"https:\/\/senoticias.com.br\/se\/wp-json\/wp\/v2\/types\/post"}],"author":[{"embeddable":true,"href":"https:\/\/senoticias.com.br\/se\/wp-json\/wp\/v2\/users\/2"}],"replies":[{"embeddable":true,"href":"https:\/\/senoticias.com.br\/se\/wp-json\/wp\/v2\/comments?post=108308"}],"version-history":[{"count":0,"href":"https:\/\/senoticias.com.br\/se\/wp-json\/wp\/v2\/posts\/108308\/revisions"}],"wp:attachment":[{"href":"https:\/\/senoticias.com.br\/se\/wp-json\/wp\/v2\/media?parent=108308"}],"wp:term":[{"taxonomy":"category","embeddable":true,"href":"https:\/\/senoticias.com.br\/se\/wp-json\/wp\/v2\/categories?post=108308"},{"taxonomy":"post_tag","embeddable":true,"href":"https:\/\/senoticias.com.br\/se\/wp-json\/wp\/v2\/tags?post=108308"}],"curies":[{"name":"wp","href":"https:\/\/api.w.org\/{rel}","templated":true}]}}