{"id":108304,"date":"2017-11-17T10:53:10","date_gmt":"2017-11-17T13:53:10","guid":{"rendered":"http:\/\/senoticias.com.br\/se\/?p=108304"},"modified":"2017-11-17T10:53:10","modified_gmt":"2017-11-17T13:53:10","slug":"alese-homenageara-professoras-e-quilombolas-que-lutam-contra-o-racismo","status":"publish","type":"post","link":"https:\/\/senoticias.com.br\/se\/alese-homenageara-professoras-e-quilombolas-que-lutam-contra-o-racismo\/","title":{"rendered":"ALESE homenagear\u00e1 professoras e quilombolas que lutam contra o racismo"},"content":{"rendered":"<p style=\"text-align: justify;\">No dia da Consci\u00eancia Negra, a Assembleia Legislativa de Sergipe (ALESE) homenageia professoras e quilombolas que lutam contra o racismo e em defesa da cultura afro-brasileira, entregando-lhes a Comenda Senador Abdias Nascimento. A solenidade acontece nesta segunda-feira, 20 de novembro, a partir das 17h, no plen\u00e1rio da Casa Legislativa.<\/p>\n<div id=\"attachment_108305\" style=\"width: 590px\" class=\"wp-caption aligncenter\"><a href=\"http:\/\/senoticias.com.br\/se\/wp-content\/uploads\/2017\/11\/Alese.jpg\"><img loading=\"lazy\" decoding=\"async\" aria-describedby=\"caption-attachment-108305\" class=\"size-full wp-image-108305\" src=\"http:\/\/senoticias.com.br\/se\/wp-content\/uploads\/2017\/11\/Alese.jpg\" alt=\"(Foto: Ascom)\" width=\"580\" height=\"365\" srcset=\"https:\/\/senoticias.com.br\/se\/wp-content\/uploads\/2017\/11\/Alese.jpg 580w, https:\/\/senoticias.com.br\/se\/wp-content\/uploads\/2017\/11\/Alese-300x189.jpg 300w, https:\/\/senoticias.com.br\/se\/wp-content\/uploads\/2017\/11\/Alese-120x76.jpg 120w, https:\/\/senoticias.com.br\/se\/wp-content\/uploads\/2017\/11\/Alese-265x168.jpg 265w, https:\/\/senoticias.com.br\/se\/wp-content\/uploads\/2017\/11\/Alese-284x180.jpg 284w, https:\/\/senoticias.com.br\/se\/wp-content\/uploads\/2017\/11\/Alese-274x173.jpg 274w\" sizes=\"(max-width: 580px) 100vw, 580px\" \/><\/a><p id=\"caption-attachment-108305\" class=\"wp-caption-text\">(Foto: Maria Od\u00edlia)<\/p><\/div>\n<p style=\"text-align: justify;\">O projeto de Resolu\u00e7\u00e3o que cria a comenda \u00e9 de autoria da deputada Estadual Ana L\u00facia e prev\u00ea que a ALESE homenageie anualmente militantes sociais e personalidades que lutem contra o preconceito racial.<\/p>\n<p style=\"text-align: justify;\">Este ano, ser\u00e3o homenageadas as professoras da UFS e militantes do movimento negro Maria Batista Lima e Maria Nely Santos, a conhecida parteira sergipana Zefa da Guia (Josefa Maria da Silva Santos) e as lideran\u00e7as do movimento quilombola em Sergipe, que t\u00eam lutado em defesa da terra e da dignidade das comunidades tradicionais Maria Izaltina Silva Santos (Brej\u00e3o dos Negros \u2013 Brejo Grande), Luiz Augusto Bomfim (Maloca \u2013 Aracaju); Xifroneze Santos (Cara\u00edbas \u2013 Canhoba); Maria Gressi de Santana Silveira (Mocambo \u2013 Aquidab\u00e3); Magno de Oliveira Barros (Brej\u00e3o dos Negros \u2013 Brejo Grande); e Jos\u00e9 Welington Fontes (Porto D\u2019areia \u2013 Est\u00e2ncia).<\/p>\n<p style=\"text-align: justify;\">A comenda leva o nome de Abdias Nascimento, um grande artista engajado, militante social de vanguarda, intelectual renomado internacionalmente, pan-africanista, militante trabalhista, pol\u00edtico e ex-parlamentar, que dedicou sua vida \u00e0 supera\u00e7\u00e3o do racismo no Brasil.<\/p>\n<p style=\"text-align: justify;\">\u201cAbdias Nascimento viveu, acompanhou e ajudou a construir quase um s\u00e9culo de lutas ao longo da hist\u00f3ria moderna do Brasil\u201d, explicou a autora da resolu\u00e7\u00e3o, deputada estadual Ana L\u00facia. \u201cEle resistiu e enfrentou duas ditaduras, participou de momentos de constru\u00e7\u00e3o e reconstru\u00e7\u00e3o da nossa democracia, sempre defendendo a justi\u00e7a, os direitos humanos e a igualdade racial\u201d, completou.<\/p>\n<p><em><strong>Acompanhe tamb\u00e9m o SE Not\u00edcias no\u00a0<a href=\"https:\/\/twitter.com\/Senoticias\" target=\"_blank\">Twitter<\/a>,\u00a0<a href=\"https:\/\/www.facebook.com\/senoticias1\" target=\"_blank\">Facebook<\/a>\u00a0e no\u00a0<a href=\"https:\/\/www.instagram.com\/senoticias\/\" target=\"_blank\">Instagram<\/a>\u00a0<\/strong><\/em><\/p>\n<p><em><strong><a href=\"http:\/\/senoticias.com.br\/se\/wp-content\/uploads\/2017\/11\/Logomarca-fone-SE.jpg\"><img loading=\"lazy\" decoding=\"async\" class=\"aligncenter size-full wp-image-108251\" src=\"http:\/\/senoticias.com.br\/se\/wp-content\/uploads\/2017\/11\/Logomarca-fone-SE.jpg\" alt=\"Logomarca fone SE\" width=\"599\" height=\"78\" srcset=\"https:\/\/senoticias.com.br\/se\/wp-content\/uploads\/2017\/11\/Logomarca-fone-SE.jpg 599w, https:\/\/senoticias.com.br\/se\/wp-content\/uploads\/2017\/11\/Logomarca-fone-SE-300x39.jpg 300w\" sizes=\"(max-width: 599px) 100vw, 599px\" \/><\/a><\/strong><\/em><\/p>\n<p>&nbsp;<\/p>\n<p><em>Da Assessoria<\/em><\/p>\n","protected":false},"excerpt":{"rendered":"<p>No dia da Consci\u00eancia Negra, a Assembleia Legislativa de Sergipe (ALESE) homenageia professoras e quilombolas que lutam contra o racismo e em defesa da cultura afro-brasileira, entregando-lhes a Comenda Senador Abdias Nascimento. A solenidade acontece nesta segunda-feira, 20 de novembro, a partir das 17h, no plen\u00e1rio da Casa Legislativa. O projeto de Resolu\u00e7\u00e3o que cria [&hellip;]<\/p>\n","protected":false},"author":2,"featured_media":0,"comment_status":"closed","ping_status":"closed","sticky":false,"template":"","format":"standard","meta":{"footnotes":""},"categories":[6],"tags":[2830,1604,2168,223],"class_list":{"0":"post-108304","1":"post","2":"type-post","3":"status-publish","4":"format-standard","6":"category-politica","7":"tag-alese","8":"tag-dia-da-consciencia-negra","9":"tag-politica","10":"tag-sergipe"},"_links":{"self":[{"href":"https:\/\/senoticias.com.br\/se\/wp-json\/wp\/v2\/posts\/108304"}],"collection":[{"href":"https:\/\/senoticias.com.br\/se\/wp-json\/wp\/v2\/posts"}],"about":[{"href":"https:\/\/senoticias.com.br\/se\/wp-json\/wp\/v2\/types\/post"}],"author":[{"embeddable":true,"href":"https:\/\/senoticias.com.br\/se\/wp-json\/wp\/v2\/users\/2"}],"replies":[{"embeddable":true,"href":"https:\/\/senoticias.com.br\/se\/wp-json\/wp\/v2\/comments?post=108304"}],"version-history":[{"count":0,"href":"https:\/\/senoticias.com.br\/se\/wp-json\/wp\/v2\/posts\/108304\/revisions"}],"wp:attachment":[{"href":"https:\/\/senoticias.com.br\/se\/wp-json\/wp\/v2\/media?parent=108304"}],"wp:term":[{"taxonomy":"category","embeddable":true,"href":"https:\/\/senoticias.com.br\/se\/wp-json\/wp\/v2\/categories?post=108304"},{"taxonomy":"post_tag","embeddable":true,"href":"https:\/\/senoticias.com.br\/se\/wp-json\/wp\/v2\/tags?post=108304"}],"curies":[{"name":"wp","href":"https:\/\/api.w.org\/{rel}","templated":true}]}}