{"id":108278,"date":"2017-11-17T06:19:44","date_gmt":"2017-11-17T09:19:44","guid":{"rendered":"http:\/\/senoticias.com.br\/se\/?p=108278"},"modified":"2017-11-17T06:25:12","modified_gmt":"2017-11-17T09:25:12","slug":"tribunal-de-contas-alerta-prefeitos-sobre-uso-de-verbas-do-antigo-fundef","status":"publish","type":"post","link":"https:\/\/senoticias.com.br\/se\/tribunal-de-contas-alerta-prefeitos-sobre-uso-de-verbas-do-antigo-fundef\/","title":{"rendered":"Tribunal de Contas alerta prefeitos sobre uso de verbas do antigo Fundef"},"content":{"rendered":"<p>&nbsp;<\/p>\n<div dir=\"ltr\" style=\"text-align: justify;\">No Pleno desta quinta-feira, 16, o conselheiro-presidente Cl\u00f3vis Barbosa de Melo informou que o Tribunal de Contas do Estado (TCE\/SE) encaminhou Of\u00edcio Circular aos jurisdicionados comunicando que os recursos oriundos da complementa\u00e7\u00e3o da verba devida pela Uni\u00e3o ao antigo Fundef, substitu\u00eddo pelo Fundeb, devem ser utilizados somente na \u00e1rea da educa\u00e7\u00e3o.<\/p>\n<div id=\"attachment_108279\" style=\"width: 609px\" class=\"wp-caption aligncenter\"><a href=\"http:\/\/senoticias.com.br\/se\/wp-content\/uploads\/2017\/11\/MG_9265-e1510910446729.jpg\"><img loading=\"lazy\" decoding=\"async\" aria-describedby=\"caption-attachment-108279\" class=\"size-full wp-image-108279\" src=\"http:\/\/senoticias.com.br\/se\/wp-content\/uploads\/2017\/11\/MG_9265-e1510910446729.jpg\" alt=\"Cl\u00f3vis Barbosa alerta prefeitos sobre uso de verbas do antigo Fundef\" width=\"599\" height=\"400\" \/><\/a><p id=\"caption-attachment-108279\" class=\"wp-caption-text\">Cl\u00f3vis Barbosa alerta prefeitos sobre uso de verbas do antigo Fundef (foto: Cleverton Ribeiro)<\/p><\/div>\n<\/div>\n<div dir=\"ltr\"><\/div>\n<div dir=\"ltr\" style=\"text-align: justify;\">O alerta do Tribunal cita o Ac\u00f3rd\u00e3o 1824\/2017, do Tribunal de Contas da Uni\u00e3o (TCU), que manifesta o entendimento de que as prefeituras municipais beneficiadas com os precat\u00f3rios do Fundef n\u00e3o podem usar o dinheiro para outros fins que n\u00e3o sejam da \u00e1rea da educa\u00e7\u00e3o.<\/div>\n<div dir=\"ltr\" style=\"text-align: justify;\"><\/div>\n<div dir=\"ltr\" style=\"text-align: justify;\">&#8220;O TCU deixa expl\u00edcita a vincula\u00e7\u00e3o da utiliza\u00e7\u00e3o dos recursos citados somente \u00e0 educa\u00e7\u00e3o, impedindo que tais verbas sejam direcionadas a outras \u00e1reas de a\u00e7\u00e3o municipal, ainda que de relevante interesse p\u00fablico como sa\u00fade ou saneamento b\u00e1sico&#8221;, diz o of\u00edcio encaminhado.<\/div>\n<div dir=\"ltr\" style=\"text-align: justify;\"><\/div>\n<div dir=\"ltr\" style=\"text-align: justify;\">Cl\u00f3vis Barbosa salienta ainda que a decis\u00e3o do TCU deixa claro ser &#8220;incab\u00edvel a utiliza\u00e7\u00e3o de tais verbas para o pagamento de honor\u00e1rios advocat\u00edcios&#8221;, caracterizando tal conduta como &#8220;inconstitucional, ilegal, ileg\u00edtima e antiecon\u00f4mica&#8221;.<\/div>\n<div dir=\"ltr\"><\/div>\n<div dir=\"ltr\" style=\"text-align: justify;\">O Of\u00edcio do TCE cita que o STF, no m\u00eas de setembro de 2017, tamb\u00e9m decidiu que tais recursos de complementa\u00e7\u00e3o recebidos pelos munic\u00edpios, referentes ao antigo Fundef, hoje nomeado como Fundeb, devem ser destinados exclusivamente \u00e0 educa\u00e7\u00e3o.<\/div>\n<div dir=\"ltr\" style=\"text-align: justify;\"><\/div>\n<div dir=\"ltr\" style=\"text-align: justify;\">&#8220;No exerc\u00edcio da atua\u00e7\u00e3o preventiva da Corte de Contas, todas as coordenadorias de controle e inspe\u00e7\u00e3o ser\u00e3o orientadas para, nas auditorias, verificar se o munic\u00edpio recebeu recursos oriundos da complementa\u00e7\u00e3o do Fundeb e, mais que isso, se a destina\u00e7\u00e3o dada obedeceu ao determinado pelo TCU e STF&#8221;, acrescentou o conselheiro-presidente Cl\u00f3vis Barbosa.<\/div>\n<div dir=\"ltr\" style=\"text-align: justify;\"><\/div>\n<div dir=\"ltr\" style=\"text-align: justify;\"><a href=\"http:\/\/senoticias.com.br\/se\/wp-content\/uploads\/2017\/11\/Logomarca-fone-SE.jpg\"><img loading=\"lazy\" decoding=\"async\" class=\"aligncenter size-full wp-image-108251\" src=\"http:\/\/senoticias.com.br\/se\/wp-content\/uploads\/2017\/11\/Logomarca-fone-SE.jpg\" alt=\"Logomarca fone SE\" width=\"599\" height=\"78\" srcset=\"https:\/\/senoticias.com.br\/se\/wp-content\/uploads\/2017\/11\/Logomarca-fone-SE.jpg 599w, https:\/\/senoticias.com.br\/se\/wp-content\/uploads\/2017\/11\/Logomarca-fone-SE-300x39.jpg 300w\" sizes=\"(max-width: 599px) 100vw, 599px\" \/><\/a><\/div>\n<div dir=\"ltr\" style=\"text-align: justify;\"><\/div>\n<div dir=\"ltr\" style=\"text-align: justify;\"><\/div>\n<div dir=\"ltr\" style=\"text-align: justify;\"><\/div>\n<div dir=\"ltr\" style=\"text-align: justify;\"><em><strong>Acompanhe tamb\u00e9m o SE Not\u00edcias no\u00a0<a href=\"https:\/\/twitter.com\/Senoticias\" target=\"_blank\">Twitter<\/a>,\u00a0<a href=\"https:\/\/www.facebook.com\/senoticias1\" target=\"_blank\">Facebook<\/a>\u00a0e no\u00a0<a href=\"https:\/\/www.instagram.com\/senoticias\/\" target=\"_blank\">Instagram<\/a><\/strong><\/em><\/div>\n<div dir=\"ltr\" style=\"text-align: justify;\"><\/div>\n<div dir=\"ltr\" style=\"text-align: justify;\"><em>Da Assessoria de Imprensa\/TCE<\/em><\/div>\n","protected":false},"excerpt":{"rendered":"<p>&nbsp; No Pleno desta quinta-feira, 16, o conselheiro-presidente Cl\u00f3vis Barbosa de Melo informou que o Tribunal de Contas do Estado (TCE\/SE) encaminhou Of\u00edcio Circular aos jurisdicionados comunicando que os recursos oriundos da complementa\u00e7\u00e3o da verba devida pela Uni\u00e3o ao antigo Fundef, substitu\u00eddo pelo Fundeb, devem ser utilizados somente na \u00e1rea da educa\u00e7\u00e3o. O alerta do [&hellip;]<\/p>\n","protected":false},"author":2,"featured_media":108279,"comment_status":"closed","ping_status":"closed","sticky":false,"template":"","format":"standard","meta":{"footnotes":""},"categories":[6,1],"tags":[568,2956,7111],"class_list":{"0":"post-108278","1":"post","2":"type-post","3":"status-publish","4":"format-standard","5":"has-post-thumbnail","7":"category-politica","8":"category-sem-categoria","9":"tag-clovis-barbosa-de-melo","10":"tag-fundef","11":"tag-tribunal-de-contas-da-uniao"},"_links":{"self":[{"href":"https:\/\/senoticias.com.br\/se\/wp-json\/wp\/v2\/posts\/108278"}],"collection":[{"href":"https:\/\/senoticias.com.br\/se\/wp-json\/wp\/v2\/posts"}],"about":[{"href":"https:\/\/senoticias.com.br\/se\/wp-json\/wp\/v2\/types\/post"}],"author":[{"embeddable":true,"href":"https:\/\/senoticias.com.br\/se\/wp-json\/wp\/v2\/users\/2"}],"replies":[{"embeddable":true,"href":"https:\/\/senoticias.com.br\/se\/wp-json\/wp\/v2\/comments?post=108278"}],"version-history":[{"count":0,"href":"https:\/\/senoticias.com.br\/se\/wp-json\/wp\/v2\/posts\/108278\/revisions"}],"wp:featuredmedia":[{"embeddable":true,"href":"https:\/\/senoticias.com.br\/se\/wp-json\/wp\/v2\/media\/108279"}],"wp:attachment":[{"href":"https:\/\/senoticias.com.br\/se\/wp-json\/wp\/v2\/media?parent=108278"}],"wp:term":[{"taxonomy":"category","embeddable":true,"href":"https:\/\/senoticias.com.br\/se\/wp-json\/wp\/v2\/categories?post=108278"},{"taxonomy":"post_tag","embeddable":true,"href":"https:\/\/senoticias.com.br\/se\/wp-json\/wp\/v2\/tags?post=108278"}],"curies":[{"name":"wp","href":"https:\/\/api.w.org\/{rel}","templated":true}]}}