{"id":108274,"date":"2017-11-16T18:18:45","date_gmt":"2017-11-16T21:18:45","guid":{"rendered":"http:\/\/senoticias.com.br\/se\/?p=108274"},"modified":"2017-11-16T20:54:34","modified_gmt":"2017-11-16T23:54:34","slug":"professora-josinvalva-morre-aos-54-anos-apos-duas-semanas-internada-no-huse","status":"publish","type":"post","link":"https:\/\/senoticias.com.br\/se\/professora-josinvalva-morre-aos-54-anos-apos-duas-semanas-internada-no-huse\/","title":{"rendered":"Professora Josinalva morre ap\u00f3s duas semanas internada no Huse"},"content":{"rendered":"<p style=\"text-align: justify;\">A professora Josinalva Santos da Silva, de 54 anos, conhecida, carinhosamente, como \u201cJosinalva\u201d, do Col\u00e9gio Lauro Rocha, no Rosa Maria, em S\u00e3o Crist\u00f3v\u00e3o, acabou falecendo nesta quinta-feira (16) ap\u00f3s duas semanas internada no Hospital de Urg\u00eancia de Sergipe (HUSE), quando foi v\u00edtima de um AVC (acidente vascular cerebral). Josinalva era moradora do Rosa Maria, e atualmente atuava como diretora da Escola Lauro Rocha.<\/p>\n<div id=\"attachment_108276\" style=\"width: 609px\" class=\"wp-caption aligncenter\"><a href=\"http:\/\/senoticias.com.br\/se\/wp-content\/uploads\/2017\/11\/Josinalva-atual-1-e1510866935754.jpg\"><img loading=\"lazy\" decoding=\"async\" aria-describedby=\"caption-attachment-108276\" class=\"size-full wp-image-108276\" src=\"http:\/\/senoticias.com.br\/se\/wp-content\/uploads\/2017\/11\/Josinalva-atual-1-e1510866935754.jpg\" alt=\"Josinalva deixa 5 filhos\" width=\"599\" height=\"492\" \/><\/a><p id=\"caption-attachment-108276\" class=\"wp-caption-text\">Josinalva deixa 5 filhos (foto: arquivo de fam\u00edlia)<\/p><\/div>\n<p style=\"text-align: justify;\">O corpo de Josinalva est\u00e1 sendo velado na na Rua Jos\u00e9 Prado Barreto, n\u00ba 236, no Loteamento Rosa Maria, e o sepultamento est\u00e1 previsto para as 10h, no Cemit\u00e9rio Santo Ant\u00f4nio, em S\u00e3o Crist\u00f3v\u00e3o.<\/p>\n<p>A professora deixa 5 filhos.<\/p>\n<p><a href=\"http:\/\/senoticias.com.br\/se\/wp-content\/uploads\/2017\/11\/Logomarca-fone-SE.jpg\"><img loading=\"lazy\" decoding=\"async\" class=\"aligncenter size-full wp-image-108251\" src=\"http:\/\/senoticias.com.br\/se\/wp-content\/uploads\/2017\/11\/Logomarca-fone-SE.jpg\" alt=\"Logomarca fone SE\" width=\"599\" height=\"78\" srcset=\"https:\/\/senoticias.com.br\/se\/wp-content\/uploads\/2017\/11\/Logomarca-fone-SE.jpg 599w, https:\/\/senoticias.com.br\/se\/wp-content\/uploads\/2017\/11\/Logomarca-fone-SE-300x39.jpg 300w\" sizes=\"(max-width: 599px) 100vw, 599px\" \/><\/a><\/p>\n<p>&nbsp;<\/p>\n<p><em><strong>Acompanhe tamb\u00e9m o SE Not\u00edcias no\u00a0<a href=\"https:\/\/twitter.com\/Senoticias\" target=\"_blank\">Twitter<\/a>,\u00a0<a href=\"https:\/\/www.facebook.com\/senoticias1\" target=\"_blank\">Facebook<\/a>\u00a0e no\u00a0<a href=\"https:\/\/www.instagram.com\/senoticias\/\" target=\"_blank\">Instagram<\/a><\/strong><\/em><\/p>\n<p><em>Reda\u00e7\u00e3o SE Noticias<\/em><\/p>\n","protected":false},"excerpt":{"rendered":"<p>A professora Josinalva Santos da Silva, de 54 anos, conhecida, carinhosamente, como \u201cJosinalva\u201d, do Col\u00e9gio Lauro Rocha, no Rosa Maria, em S\u00e3o Crist\u00f3v\u00e3o, acabou falecendo nesta quinta-feira (16) ap\u00f3s duas semanas internada no Hospital de Urg\u00eancia de Sergipe (HUSE), quando foi v\u00edtima de um AVC (acidente vascular cerebral). Josinalva era moradora do Rosa Maria, e [&hellip;]<\/p>\n","protected":false},"author":2,"featured_media":108276,"comment_status":"closed","ping_status":"closed","sticky":false,"template":"","format":"standard","meta":{"footnotes":""},"categories":[38],"tags":[7110,7108,7109,5606],"class_list":{"0":"post-108274","1":"post","2":"type-post","3":"status-publish","4":"format-standard","5":"has-post-thumbnail","7":"category-municipios","8":"tag-colegio-lauro-rocha","9":"tag-josinvalva","10":"tag-morre-josinalva","11":"tag-professora"},"_links":{"self":[{"href":"https:\/\/senoticias.com.br\/se\/wp-json\/wp\/v2\/posts\/108274"}],"collection":[{"href":"https:\/\/senoticias.com.br\/se\/wp-json\/wp\/v2\/posts"}],"about":[{"href":"https:\/\/senoticias.com.br\/se\/wp-json\/wp\/v2\/types\/post"}],"author":[{"embeddable":true,"href":"https:\/\/senoticias.com.br\/se\/wp-json\/wp\/v2\/users\/2"}],"replies":[{"embeddable":true,"href":"https:\/\/senoticias.com.br\/se\/wp-json\/wp\/v2\/comments?post=108274"}],"version-history":[{"count":0,"href":"https:\/\/senoticias.com.br\/se\/wp-json\/wp\/v2\/posts\/108274\/revisions"}],"wp:featuredmedia":[{"embeddable":true,"href":"https:\/\/senoticias.com.br\/se\/wp-json\/wp\/v2\/media\/108276"}],"wp:attachment":[{"href":"https:\/\/senoticias.com.br\/se\/wp-json\/wp\/v2\/media?parent=108274"}],"wp:term":[{"taxonomy":"category","embeddable":true,"href":"https:\/\/senoticias.com.br\/se\/wp-json\/wp\/v2\/categories?post=108274"},{"taxonomy":"post_tag","embeddable":true,"href":"https:\/\/senoticias.com.br\/se\/wp-json\/wp\/v2\/tags?post=108274"}],"curies":[{"name":"wp","href":"https:\/\/api.w.org\/{rel}","templated":true}]}}