{"id":108273,"date":"2017-11-16T15:27:27","date_gmt":"2017-11-16T18:27:27","guid":{"rendered":"http:\/\/senoticias.com.br\/se\/?p=108273"},"modified":"2017-11-16T15:27:27","modified_gmt":"2017-11-16T18:27:27","slug":"detran-fara-leilao-de-veiculos-nos-dias-18-e-25-de-novembro","status":"publish","type":"post","link":"https:\/\/senoticias.com.br\/se\/detran-fara-leilao-de-veiculos-nos-dias-18-e-25-de-novembro\/","title":{"rendered":"Detran far\u00e1 leil\u00e3o de ve\u00edculos nos dias 18 e 25 de novembro"},"content":{"rendered":"<p style=\"text-align: justify;\"><span style=\"color: #000000;\">Nos pr\u00f3ximos dias 18 e 25 de novembro acontece a 43\u00aa edi\u00e7\u00e3o do leil\u00e3o de ve\u00edculos do Departamento Estadual de Tr\u00e2nsito (Detran\/SE). Os eventos ser\u00e3o realizados sempre a partir das 9 horas no p\u00e1tio da empresa Barradas e Queiroz, concession\u00e1ria da autarquia, localizado na BR-101, KM-94, munic\u00edpio de Nossa Senhora do Socorro, e on-line, pelo site www.barradasequeiroz.com.br. Ao todo, estar\u00e3o sendo disponibilizados 399 bens para leil\u00e3o, entre carros e motos, sendo 163 sucatas e 236 recuper\u00e1veis.<\/span><\/p>\n<div id=\"attachment_105147\" style=\"width: 609px\" class=\"wp-caption aligncenter\"><a href=\"http:\/\/senoticias.com.br\/se\/wp-content\/uploads\/2017\/07\/leilao-SENOTICIAS-e1501007942273.jpeg\"><img loading=\"lazy\" decoding=\"async\" aria-describedby=\"caption-attachment-105147\" class=\"size-full wp-image-105147\" src=\"http:\/\/senoticias.com.br\/se\/wp-content\/uploads\/2017\/07\/leilao-SENOTICIAS-e1501007942273.jpeg\" alt=\"Foto: Ascom\/Detran\" width=\"599\" height=\"337\" \/><\/a><p id=\"caption-attachment-105147\" class=\"wp-caption-text\">Foto: Ascom\/Detran<\/p><\/div>\n<p style=\"text-align: justify;\"><span style=\"color: #000000;\">No dia 18 estar\u00e3o dispon\u00edveis 250 lotes, entre carros e motos. Os interessados em arrematar um desses bens podem visit\u00e1-los de 9h30 \u00e0s 17 horas, nos dias 16 a 17 de novembro, no pr\u00f3prio galp\u00e3o da empresa Barradas e Queiroz, respons\u00e1vel pela cust\u00f3dia e leil\u00e3o dos ve\u00edculos apreendidos em fiscaliza\u00e7\u00f5es de tr\u00e2nsito do Detran\/SE. As fotos estar\u00e3o tamb\u00e9m dispon\u00edveis no site da concession\u00e1ria.<\/span><\/p>\n<p style=\"text-align: justify;\"><span style=\"color: #000000;\">Para o dia 25, estar\u00e3o sendo ofertados 149 bens, que estar\u00e3o dispon\u00edveis para visita\u00e7\u00e3o entre os dias 21 e 24 de novembro, tamb\u00e9m no p\u00e1tio da empresa.<\/span><\/p>\n<p style=\"text-align: justify;\"><span style=\"color: #000000;\">Para as duas modalidades do leil\u00e3o \u2013 presencial e eletr\u00f4nica \u2013, \u00e9 necess\u00e1rio que a pessoa realize o cadastro no site da organizadora do evento (www.barradasequeiroz.com.br). Depois de conclu\u00eddo o cadastramento, ser\u00e1 enviado um e-mail de confirma\u00e7\u00e3o, acompanhado de uma senha de acesso ao sistema on-line da empresa. A libera\u00e7\u00e3o definitiva do cadastro para participa\u00e7\u00e3o nos leil\u00f5es somente ser\u00e1 efetivada ap\u00f3s o envio dos seguintes documentos: para pessoa f\u00edsica \u2013 RG, CPF ou CNH e comprovante de resid\u00eancia atual; para pessoa jur\u00eddica \u2013 CNPJ, contrato social e \u00faltima altera\u00e7\u00e3o, RG, CPF ou CNH dos s\u00f3cios e comprovante de resid\u00eancia.<\/span><\/p>\n<p style=\"text-align: justify;\">\n<p style=\"text-align: justify;\"><a href=\"http:\/\/senoticias.com.br\/se\/wp-content\/uploads\/2017\/11\/Logomarca-fone-SE.jpg\"><img loading=\"lazy\" decoding=\"async\" class=\"aligncenter size-full wp-image-108251\" src=\"http:\/\/senoticias.com.br\/se\/wp-content\/uploads\/2017\/11\/Logomarca-fone-SE.jpg\" alt=\"Logomarca fone SE\" width=\"599\" height=\"78\" srcset=\"https:\/\/senoticias.com.br\/se\/wp-content\/uploads\/2017\/11\/Logomarca-fone-SE.jpg 599w, https:\/\/senoticias.com.br\/se\/wp-content\/uploads\/2017\/11\/Logomarca-fone-SE-300x39.jpg 300w\" sizes=\"(max-width: 599px) 100vw, 599px\" \/><\/a><\/p>\n<p style=\"text-align: justify;\">Por ASN<\/p>\n","protected":false},"excerpt":{"rendered":"<p>Nos pr\u00f3ximos dias 18 e 25 de novembro acontece a 43\u00aa edi\u00e7\u00e3o do leil\u00e3o de ve\u00edculos do Departamento Estadual de Tr\u00e2nsito (Detran\/SE). Os eventos ser\u00e3o realizados sempre a partir das 9 horas no p\u00e1tio da empresa Barradas e Queiroz, concession\u00e1ria da autarquia, localizado na BR-101, KM-94, munic\u00edpio de Nossa Senhora do Socorro, e on-line, pelo [&hellip;]<\/p>\n","protected":false},"author":2,"featured_media":0,"comment_status":"closed","ping_status":"closed","sticky":false,"template":"","format":"standard","meta":{"footnotes":""},"categories":[15,38],"tags":[1828,2559,223,3320,4748],"class_list":{"0":"post-108273","1":"post","2":"type-post","3":"status-publish","4":"format-standard","6":"category-destaques","7":"category-municipios","8":"tag-detran","9":"tag-leilao","10":"tag-sergipe","11":"tag-transito","12":"tag-veiculo"},"_links":{"self":[{"href":"https:\/\/senoticias.com.br\/se\/wp-json\/wp\/v2\/posts\/108273"}],"collection":[{"href":"https:\/\/senoticias.com.br\/se\/wp-json\/wp\/v2\/posts"}],"about":[{"href":"https:\/\/senoticias.com.br\/se\/wp-json\/wp\/v2\/types\/post"}],"author":[{"embeddable":true,"href":"https:\/\/senoticias.com.br\/se\/wp-json\/wp\/v2\/users\/2"}],"replies":[{"embeddable":true,"href":"https:\/\/senoticias.com.br\/se\/wp-json\/wp\/v2\/comments?post=108273"}],"version-history":[{"count":0,"href":"https:\/\/senoticias.com.br\/se\/wp-json\/wp\/v2\/posts\/108273\/revisions"}],"wp:attachment":[{"href":"https:\/\/senoticias.com.br\/se\/wp-json\/wp\/v2\/media?parent=108273"}],"wp:term":[{"taxonomy":"category","embeddable":true,"href":"https:\/\/senoticias.com.br\/se\/wp-json\/wp\/v2\/categories?post=108273"},{"taxonomy":"post_tag","embeddable":true,"href":"https:\/\/senoticias.com.br\/se\/wp-json\/wp\/v2\/tags?post=108273"}],"curies":[{"name":"wp","href":"https:\/\/api.w.org\/{rel}","templated":true}]}}