{"id":108255,"date":"2017-11-16T11:19:48","date_gmt":"2017-11-16T14:19:48","guid":{"rendered":"http:\/\/senoticias.com.br\/se\/?p=108255"},"modified":"2017-11-16T11:19:48","modified_gmt":"2017-11-16T14:19:48","slug":"emilia-alerta-que-faixas-apagadas-colocam-em-risco-a-vida-de-pedestres","status":"publish","type":"post","link":"https:\/\/senoticias.com.br\/se\/emilia-alerta-que-faixas-apagadas-colocam-em-risco-a-vida-de-pedestres\/","title":{"rendered":"Em\u00edlia alerta que faixas apagadas colocam em risco a vida de pedestres"},"content":{"rendered":"<p style=\"text-align: justify;\">A defensora p\u00fablica e vereadora, Em\u00edlia Corr\u00eaa (PEN), mais uma vez cobrou a Superintend\u00eancia Municipal de Transporte e Tr\u00e2nsito (SMTT) a revitaliza\u00e7\u00e3o das faixas de pedestres das avenidas de Aracaju.<\/p>\n<p style=\"text-align: justify;\">Segundo Em\u00edlia, como os pedestres ou condutores ir\u00e3o respeitar a faixa, se est\u00e3o totalmente apagadas em alguns pontos da cidade. \u201cA responsabilidade pela revitaliza\u00e7\u00e3o das faixas de pedestres \u00e9 da Administra\u00e7\u00e3o Municipal, e a sua manuten\u00e7\u00e3o deve ser continua, juntamente com campanhas educativas pela travessia nas faixas refletivas\u201d, pontuou.<\/p>\n<div id=\"attachment_108256\" style=\"width: 600px\" class=\"wp-caption aligncenter\"><a href=\"http:\/\/senoticias.com.br\/se\/wp-content\/uploads\/2017\/11\/Em\u00edlia-Correia-SE-NOTICIAS-e1510841503445.jpg\"><img loading=\"lazy\" decoding=\"async\" aria-describedby=\"caption-attachment-108256\" class=\"size-full wp-image-108256\" src=\"http:\/\/senoticias.com.br\/se\/wp-content\/uploads\/2017\/11\/Em\u00edlia-Correia-SE-NOTICIAS-e1510841503445.jpg\" alt=\"A vereadora cobrou a revitaliza\u00e7\u00e3o das faixas. (Foto: C\u00e9sar Oliveira)\" width=\"590\" height=\"394\" \/><\/a><p id=\"caption-attachment-108256\" class=\"wp-caption-text\">A vereadora cobrou a revitaliza\u00e7\u00e3o das faixas. (Foto: C\u00e9sar Oliveira)<\/p><\/div>\n<p style=\"text-align: justify;\">Para Em\u00edlia, as faixas s\u00e3o s\u00edmbolo de respeito aos pedestres e logicamente permitem uma travessia segura, no entanto, em alguns pontos, com a sinaliza\u00e7\u00e3o apagada, a vida de quem precisa cruzar as vias fica em risco. \u201cA manuten\u00e7\u00e3o delas \u00e9 obriga\u00e7\u00e3o do Executivo. Sem estarem vis\u00edveis, o perigo de atropelamento \u00e9 constante; enquanto isso, a gest\u00e3o justifica a sua in\u00e9rcia afirmando que n\u00e3o tem uma lata de tinta para revitalizar as faixas. Uma vergonha, e os acidentes acontecendo\u201d, ressaltou.<\/p>\n<p style=\"text-align: justify;\">Por fim, a parlamentar cobrou da Administra\u00e7\u00e3o Municipal que revitalize as faixas, para que a popula\u00e7\u00e3o aracajuana possa ter mais seguran\u00e7a, principalmente nos cruzamentos mais movimentados, onde existem mais chances de acidentes. \u201cNas ruas mais movimentadas de Aracaju, as faixas est\u00e3o completamente apagadas, e o cidad\u00e3o que precisa atravessar reclama das p\u00e9ssimas condi\u00e7\u00f5es de seguran\u00e7a. Em alguns pontos, a pessoa fica at\u00e9 indecisa quanto a fazer a travessia\u201d, finalizou.<\/p>\n<p style=\"text-align: justify;\"><em><strong>Acompanhe tamb\u00e9m o SE Not\u00edcias no\u00a0<a href=\"https:\/\/twitter.com\/Senoticias\" target=\"_blank\">Twitter<\/a>,\u00a0<a href=\"https:\/\/www.facebook.com\/senoticias1\" target=\"_blank\">Facebook<\/a>\u00a0e no\u00a0<a href=\"https:\/\/www.instagram.com\/senoticias\/\" target=\"_blank\">Instagram<\/a><\/strong><\/em><a href=\"http:\/\/senoticias.com.br\/se\/wp-content\/uploads\/2017\/11\/Logomarca-fone-SE.jpg\"><img loading=\"lazy\" decoding=\"async\" class=\"aligncenter size-full wp-image-108251\" src=\"http:\/\/senoticias.com.br\/se\/wp-content\/uploads\/2017\/11\/Logomarca-fone-SE.jpg\" alt=\"Logomarca fone SE\" width=\"599\" height=\"78\" srcset=\"https:\/\/senoticias.com.br\/se\/wp-content\/uploads\/2017\/11\/Logomarca-fone-SE.jpg 599w, https:\/\/senoticias.com.br\/se\/wp-content\/uploads\/2017\/11\/Logomarca-fone-SE-300x39.jpg 300w\" sizes=\"(max-width: 599px) 100vw, 599px\" \/><\/a><\/p>\n<p style=\"text-align: justify;\"><em>Da Assessoria<\/em><\/p>\n","protected":false},"excerpt":{"rendered":"<p>A defensora p\u00fablica e vereadora, Em\u00edlia Corr\u00eaa (PEN), mais uma vez cobrou a Superintend\u00eancia Municipal de Transporte e Tr\u00e2nsito (SMTT) a revitaliza\u00e7\u00e3o das faixas de pedestres das avenidas de Aracaju. Segundo Em\u00edlia, como os pedestres ou condutores ir\u00e3o respeitar a faixa, se est\u00e3o totalmente apagadas em alguns pontos da cidade. \u201cA responsabilidade pela revitaliza\u00e7\u00e3o das [&hellip;]<\/p>\n","protected":false},"author":2,"featured_media":0,"comment_status":"closed","ping_status":"closed","sticky":false,"template":"","format":"standard","meta":{"footnotes":""},"categories":[6],"tags":[339,7099,2168,223],"class_list":{"0":"post-108255","1":"post","2":"type-post","3":"status-publish","4":"format-standard","6":"category-politica","7":"tag-aracaju","8":"tag-faixa-de-pedestre","9":"tag-politica","10":"tag-sergipe"},"_links":{"self":[{"href":"https:\/\/senoticias.com.br\/se\/wp-json\/wp\/v2\/posts\/108255"}],"collection":[{"href":"https:\/\/senoticias.com.br\/se\/wp-json\/wp\/v2\/posts"}],"about":[{"href":"https:\/\/senoticias.com.br\/se\/wp-json\/wp\/v2\/types\/post"}],"author":[{"embeddable":true,"href":"https:\/\/senoticias.com.br\/se\/wp-json\/wp\/v2\/users\/2"}],"replies":[{"embeddable":true,"href":"https:\/\/senoticias.com.br\/se\/wp-json\/wp\/v2\/comments?post=108255"}],"version-history":[{"count":0,"href":"https:\/\/senoticias.com.br\/se\/wp-json\/wp\/v2\/posts\/108255\/revisions"}],"wp:attachment":[{"href":"https:\/\/senoticias.com.br\/se\/wp-json\/wp\/v2\/media?parent=108255"}],"wp:term":[{"taxonomy":"category","embeddable":true,"href":"https:\/\/senoticias.com.br\/se\/wp-json\/wp\/v2\/categories?post=108255"},{"taxonomy":"post_tag","embeddable":true,"href":"https:\/\/senoticias.com.br\/se\/wp-json\/wp\/v2\/tags?post=108255"}],"curies":[{"name":"wp","href":"https:\/\/api.w.org\/{rel}","templated":true}]}}