{"id":108254,"date":"2017-11-16T11:39:07","date_gmt":"2017-11-16T14:39:07","guid":{"rendered":"http:\/\/senoticias.com.br\/se\/?p=108254"},"modified":"2017-11-16T11:39:07","modified_gmt":"2017-11-16T14:39:07","slug":"sergipanos-participarao-da-quinta-edicao-do-evento-mais-brasileiro-da-europa","status":"publish","type":"post","link":"https:\/\/senoticias.com.br\/se\/sergipanos-participarao-da-quinta-edicao-do-evento-mais-brasileiro-da-europa\/","title":{"rendered":"Sergipanos participar\u00e3o da quinta edi\u00e7\u00e3o do evento mais brasileiro da Europa"},"content":{"rendered":"<p style=\"font-weight: 400; text-align: justify;\">A 5\u00aa edi\u00e7\u00e3o do Festival Cultural do Brasil, acontecer\u00e1 nos pr\u00f3ximos dias 17, 18 e 19 de novembro de 2017, na cidade de Gm\u00fcnd in K\u00e4rnten, \u00c1ustria, tendo como finalidade promover a cultura do Brasil no exterior gerando assim um espa\u00e7o de conhecimento, divulga\u00e7\u00e3o e internacionaliza\u00e7\u00e3o das artes e do turismo do Brasil na Europa. Esta edi\u00e7\u00e3o contar\u00e1 com a parceria entre as associa\u00e7\u00f5es Papagaio e Austria Brasil. Como n\u00e3o poderia deixar de acontecer, Sergipe estar\u00e1 muito bem representado neste evento atrav\u00e9s da arte do pianista e compositor sergipano, Jo\u00e3o Ventura, Luciana Aguilar, L\u00facio Telles, M\u00e1rcio Garcez, Melissa Warwick, Gladston Barroso, Nivaldo Santos, entre tantos. Uma bel\u00edssima mostra das bonecas de pano confeccionadas pelas bonequeiras das cidades sergipanas de S\u00e3o Crist\u00f3v\u00e3o e de Nossa Senhora das Dores intitulada \u201cPan\u00f3s\u201d tamb\u00e9m se far\u00e1 presente no evento (sob curadoria da muse\u00f3loga Sayonara Viana). Abaixo, a lista com todos os participantes.<\/p>\n<p style=\"font-weight: 400;\">\n<p style=\"font-weight: 400; text-align: justify;\">A comiss\u00e3o organizadora do festival 2017 vem composta por tr\u00eas brasileiras: Vanessa T\u00f6lle (Sergipe), Ver\u00f4nica Schell ( Rio Grande do Norte) e Geise Perrelet (Amazonas) ambas radicadas na Europa e, que juntamente com os artistas brasileiros fazem acontecer esta edi\u00e7\u00e3o do Festival no cen\u00e1rio medieval da cidade austr\u00edaca da arte. \u201cO Festival vem crescendo a cada ano, levando a imagem positiva do Brasil para o exterior. A abertura do festival contar\u00e1 com a presen\u00e7a de autoridades austr\u00edacas onde a abertura oficial ser\u00e1 feita pelo embaixador do Brasil na \u00c1ustria Ricardo Neiva Tavares\u201d, revelou a idealizadora do Festival e fundadora da Associa\u00e7\u00e3o Papagaio, a pedagoga Vanessa Noronha T\u00f6lle.<\/p>\n<p style=\"font-weight: 400;\">\n<p style=\"font-weight: 400; text-align: justify;\">De acordo com Vanessa, a curadoria geral para esta edi\u00e7\u00e3o vem acontecendo desde o in\u00edcio do ano. \u201cEstivemos viajando o Brasil inteiro observando o que vem sendo feito e o que mais representaria nosso Pa\u00eds aqui na \u00c1ustria. A cada ano percebemos um crescimento em nosso evento e isto se deve ao empenho que nossos artistas entregam em suas produ\u00e7\u00f5es. Como n\u00e3o podia deixar de acontecer estamos trazendo o que h\u00e1 de mais significativo em Sergipe aqui para Europa, por entendermos que o nosso estado produz uma arte genu\u00edna, e maravilhosa, que deve ser vista e enaltecida no mundo inteiro\u201d, pontuou.<\/p>\n<p style=\"font-weight: 400;\">\n<p style=\"font-weight: 400; text-align: justify;\">O Festival Cultural do Brasil tem sempre a finalidade promover a cultura do Brasil no exterior gerando um espa\u00e7o de conhecimento, divulga\u00e7\u00e3o e internacionaliza\u00e7\u00e3o das artes e do turismo do Brasil na Europa. \u201c\u00c9 a forma de mostrarmos no exterior que o Brasil n\u00e3o \u00e9 apenas o cen\u00e1rio dos esc\u00e2ndalos pol\u00edticos e da corrup\u00e7\u00e3o, mas sim um lugar de uma gente que, apesar das diversidades, batalha diariamente para sobreviver de sua arte e da cultura. o Festival Cultural do Brasil \u00e9 o palco para o nosso Brasil brilhar aos olhos dos europeus\u201d, enfatizou Vanessa.<\/p>\n<p style=\"font-weight: 400; text-align: justify;\">\u00a0Atrav\u00e9s das redes sociais, o prefeito da cidade de Gm\u00fcnd, Josef Jury, deu boas-vindas aos participantes do Festival de Cultura Brasileira. \u201cEstou muito feliz em poder apoiar este projeto de uni\u00e3o entre os povos, juntamente com a Embaixada do Brasil e, dessa forma, fortalecer nossa reputa\u00e7\u00e3o de cidade das artes. Tudo de bom para todos\u201d, disse.<\/p>\n<p style=\"font-weight: 400;\">\u00a0<strong>Programa\u00e7\u00e3o<\/strong><\/p>\n<p style=\"font-weight: 400; text-align: justify;\">O show de abertura ficar\u00e1 por conta do pianista e compositor sergipano, Jo\u00e3o Ventura, que levar\u00e1 ao p\u00fablico o projeto Contraponto. A exposi\u00e7\u00e3o fotogr\u00e1fica ser\u00e1 reapresentada numa celebra\u00e7\u00e3o coletiva intitulada \u201cBrasil Autoral\u201d composta por 10 fot\u00f3grafos brasileiros sendo eles: Fl\u00e1via K, Guto Esteves, J\u00falia Duarte, Luciana Aguilar, L\u00facio Telles, Melissa Warwick, Nino Nogueira, Rog\u00e9rio Maranh\u00e3o e Zeca Fernandes sobre a curadoria do renomado curador internacional M\u00e1rio Britto. Fotografias de Antonius Mansus e Jos\u00e9 Lemos tamb\u00e9m ser\u00e3o apresentadas dentro deste contexto. O fotojornalista M\u00e1rcio Garcez, apresentar\u00e1 a festa religiosa Senhor dos Passos da cidade de S\u00e3o Crist\u00f3v\u00e3o.<\/p>\n<p style=\"font-weight: 400; text-align: justify;\">\u00a0Na sala principal do Alter Burg, castelo medieval de Gm\u00fcnd os artistas brasileiros: An\u00edzia Marques, Arthur Dommer, Cybele Ramalho, Daniel Torres, Doce Freire, Edy Skreinig, Fabio de Ojuara, Felipe Bezerra, Gladston Barroso, Guaraci Gabriel, Helena Briginol Uberti, Ivo Maia, Jandr Reis, Julio Siqueira, Kefren Pok, M\u00e1rcia Guimar\u00e3es, Mathieu Duvignaud, Morvan Fran\u00e7a, Nivaldo Santos e Vanessa T\u00f6lle estar\u00e3o participando da exposi\u00e7\u00e3o coletiva com obras de artes, sob curadoria do desenhista e artista pl\u00e1stico, Daniel Torres.<\/p>\n<p style=\"font-weight: 400; text-align: justify;\">Performances de dan\u00e7as ficar\u00e3o sobre o comando de: Anizia Marques, Alexsandro Rocha, Veronica Schell, Pierre do Vale e Jana\u00edna Krauskopf. Na \u00e1rea de audiovisual ser\u00e3o exibidos document\u00e1rios de P\u00e1scoal Maynard, Francisco Bezerra e Francisco das Chagas.<\/p>\n<p style=\"font-weight: 400; text-align: justify;\">\u00a0Nadia Gentile do Templo Guaracy\/ Graz ministrar\u00e1 uma palestra sobre a Umbanda e os Orix\u00e1s. M\u00e1rcia Guimar\u00e3es estar\u00e1 apresentando poesias dos seus tr\u00eas livros j\u00e1 lan\u00e7ados no Brasil Inquietudes, Amago e Vol\u00fapia dentro do programa voltado a literatura.<\/p>\n<p style=\"font-weight: 400; text-align: justify;\">\u00a0Confeccionadas pelas bonequeiras das cidades sergipanas de S\u00e3o Crist\u00f3v\u00e3o e Nossa Senhora das Dores, a exposi\u00e7\u00e3o \u201cPan\u00f3s\u201d (com curadoria da muse\u00f3loga Sayonara Viana) ser\u00e1 uma interven\u00e7\u00e3o art\u00edstica. Vitrines Culturais com \u00edcones da cultura popular brasileira tamb\u00e9m far\u00e3o parte da exposi\u00e7\u00e3o.<\/p>\n<p style=\"font-weight: 400; text-align: justify;\">\u00a0Oficinas ser\u00e3o ministradas por Veronica Schell e Pierre do Vale (Forr\u00f3), Jana\u00edna Krauskopf (Samba), Helder Batata (Pandeiro), Marcia Guimar\u00e3es (Pintura\/Aquarela), Daniel Torres (Desenho)e Capoeira( Pierre do Vale).<\/p>\n<p style=\"font-weight: 400; text-align: justify;\">\u00a0No dia 19 de novembro, no encerramento da 5\u00aa edi\u00e7\u00e3o do Festival Cultural do Brasil, uma programa\u00e7\u00e3o especial com a apresenta\u00e7\u00e3o de Geise Perrelet no espet\u00e1culo sobre as \u201cLendas da Amaz\u00f4nia\u201d, sob dire\u00e7\u00e3o art\u00edstica do Juarez Lima.<\/p>\n<p style=\"font-weight: 400;\">\u00a0Outros detalhes, acesse:\u00a0<a href=\"https:\/\/www.facebook.com\/festival2017gmund\/\" data-saferedirecturl=\"https:\/\/www.google.com\/url?hl=pt-BR&amp;q=https:\/\/www.facebook.com\/festival2017gmund\/&amp;source=gmail&amp;ust=1510924575408000&amp;usg=AFQjCNF2MZPNeYUTiRo7PpqdCsQK4FJ9eg\">https:\/\/www.facebook.com\/festival2017gmund\/<\/a><\/p>\n<p style=\"font-weight: 400;\">\n<p style=\"font-weight: 400;\"><a href=\"http:\/\/senoticias.com.br\/se\/wp-content\/uploads\/2017\/11\/Logomarca-fone-SE.jpg\"><img loading=\"lazy\" decoding=\"async\" class=\"aligncenter size-full wp-image-108251\" src=\"http:\/\/senoticias.com.br\/se\/wp-content\/uploads\/2017\/11\/Logomarca-fone-SE.jpg\" alt=\"Logomarca fone SE\" width=\"599\" height=\"78\" srcset=\"https:\/\/senoticias.com.br\/se\/wp-content\/uploads\/2017\/11\/Logomarca-fone-SE.jpg 599w, https:\/\/senoticias.com.br\/se\/wp-content\/uploads\/2017\/11\/Logomarca-fone-SE-300x39.jpg 300w\" sizes=\"(max-width: 599px) 100vw, 599px\" \/><\/a><\/p>\n<p style=\"font-weight: 400;\">\n<p style=\"font-weight: 400;\"><em><strong>Acompanhe tamb\u00e9m o SE Not\u00edcias no<\/strong><span class=\"apple-converted-space\"><b>\u00a0<\/b><\/span><a href=\"https:\/\/twitter.com\/Senoticias\" target=\"_blank\"><b>Twitter<\/b><\/a><strong>,<\/strong><span class=\"apple-converted-space\"><b>\u00a0<\/b><\/span><a href=\"https:\/\/www.facebook.com\/senoticias1\" target=\"_blank\"><b>Facebook<\/b><span class=\"apple-converted-space\"><b>\u00a0<\/b><\/span><\/a><strong>e no<\/strong><span class=\"apple-converted-space\"><b>\u00a0<\/b><\/span><a href=\"https:\/\/www.instagram.com\/senoticias\/\" target=\"_blank\"><b>Instagram<\/b><\/a><\/em><\/p>\n<p style=\"font-weight: 400;\">\n<p style=\"font-weight: 400;\"><em>Da Assessoria de Imprensa<\/em><\/p>\n","protected":false},"excerpt":{"rendered":"<p>A 5\u00aa edi\u00e7\u00e3o do Festival Cultural do Brasil, acontecer\u00e1 nos pr\u00f3ximos dias 17, 18 e 19 de novembro de 2017, na cidade de Gm\u00fcnd in K\u00e4rnten, \u00c1ustria, tendo como finalidade promover a cultura do Brasil no exterior gerando assim um espa\u00e7o de conhecimento, divulga\u00e7\u00e3o e internacionaliza\u00e7\u00e3o das artes e do turismo do Brasil na Europa. [&hellip;]<\/p>\n","protected":false},"author":2,"featured_media":0,"comment_status":"closed","ping_status":"closed","sticky":false,"template":"","format":"standard","meta":{"footnotes":""},"categories":[1],"tags":[],"class_list":{"0":"post-108254","1":"post","2":"type-post","3":"status-publish","4":"format-standard","6":"category-sem-categoria"},"_links":{"self":[{"href":"https:\/\/senoticias.com.br\/se\/wp-json\/wp\/v2\/posts\/108254"}],"collection":[{"href":"https:\/\/senoticias.com.br\/se\/wp-json\/wp\/v2\/posts"}],"about":[{"href":"https:\/\/senoticias.com.br\/se\/wp-json\/wp\/v2\/types\/post"}],"author":[{"embeddable":true,"href":"https:\/\/senoticias.com.br\/se\/wp-json\/wp\/v2\/users\/2"}],"replies":[{"embeddable":true,"href":"https:\/\/senoticias.com.br\/se\/wp-json\/wp\/v2\/comments?post=108254"}],"version-history":[{"count":0,"href":"https:\/\/senoticias.com.br\/se\/wp-json\/wp\/v2\/posts\/108254\/revisions"}],"wp:attachment":[{"href":"https:\/\/senoticias.com.br\/se\/wp-json\/wp\/v2\/media?parent=108254"}],"wp:term":[{"taxonomy":"category","embeddable":true,"href":"https:\/\/senoticias.com.br\/se\/wp-json\/wp\/v2\/categories?post=108254"},{"taxonomy":"post_tag","embeddable":true,"href":"https:\/\/senoticias.com.br\/se\/wp-json\/wp\/v2\/tags?post=108254"}],"curies":[{"name":"wp","href":"https:\/\/api.w.org\/{rel}","templated":true}]}}