{"id":108250,"date":"2017-11-16T10:08:13","date_gmt":"2017-11-16T13:08:13","guid":{"rendered":"http:\/\/senoticias.com.br\/se\/?p=108250"},"modified":"2017-11-16T10:08:13","modified_gmt":"2017-11-16T13:08:13","slug":"senac-abre-inscricoes-para-cursos-gratuitos","status":"publish","type":"post","link":"https:\/\/senoticias.com.br\/se\/senac-abre-inscricoes-para-cursos-gratuitos\/","title":{"rendered":"Senac abre inscri\u00e7\u00f5es para cursos gratuitos"},"content":{"rendered":"<p style=\"text-align: justify;\">O Senac\/SE, \u00f3rg\u00e3o vinculado ao Sistema Fecom\u00e9rcio-Sesc-Senac, est\u00e1 com sele\u00e7\u00e3o aberta para cursos gratuitos atrav\u00e9s do Programa Senac de Gratuidade (PSG). De 13 a 30 de novembro, os interessados podem se inscrever e concorrer \u00e0s vagas dos cursos de Cuidador de Idoso, Atendente de Farm\u00e1cia e T\u00e9cnico em Enfermagem. O resultado ser\u00e1 divulgado no dia 1\u00ba de dezembro e as matr\u00edculas ter\u00e3o in\u00edcio no dia 04. As Inscri\u00e7\u00f5es devem ser feitas pelo site psg.se.senac.br\/psg.<\/p>\n<div id=\"attachment_107657\" style=\"width: 609px\" class=\"wp-caption aligncenter\"><a href=\"http:\/\/senoticias.com.br\/se\/wp-content\/uploads\/2017\/10\/IMG_8968-e1508858826858.jpg\"><img loading=\"lazy\" decoding=\"async\" aria-describedby=\"caption-attachment-107657\" class=\"size-full wp-image-107657\" src=\"http:\/\/senoticias.com.br\/se\/wp-content\/uploads\/2017\/10\/IMG_8968-e1508858826858.jpg\" alt=\"Mais informa\u00e7\u00f5es pelo 3212-1560\/1563. (Foto: Fecom\u00e9rcio)\" width=\"599\" height=\"399\" \/><\/a><p id=\"caption-attachment-107657\" class=\"wp-caption-text\">Mais informa\u00e7\u00f5es pelo 3212-1560\/1563. (Foto: Fecom\u00e9rcio)<\/p><\/div>\n<p style=\"text-align: justify;\">\n<p><strong>Sobre o PSG<\/strong><\/p>\n<p style=\"text-align: justify;\">\nO PSG \u00e9 um programa destinado a pessoas de baixa renda, cuja renda familiar mensal per capita n\u00e3o ultrapasse dois sal\u00e1rios m\u00ednimos federais, na condi\u00e7\u00e3o de alunos matriculados ou egressos da Educa\u00e7\u00e3o B\u00e1sica e trabalhadores empregados ou desempregados. As pessoas que satisfizerem as duas condi\u00e7\u00f5es \u2013 aluno e trabalhador \u2013 ser\u00e3o priorizadas.<\/p>\n<p style=\"text-align: justify;\"><em><strong>Acompanhe tamb\u00e9m o SE Not\u00edcias no\u00a0<a href=\"https:\/\/twitter.com\/Senoticias\" target=\"_blank\">Twitter<\/a>,\u00a0<a href=\"https:\/\/www.facebook.com\/senoticias1\" target=\"_blank\">Facebook<\/a>\u00a0e no\u00a0<a href=\"https:\/\/www.instagram.com\/senoticias\/\" target=\"_blank\">Instagram<\/a><\/strong><\/em><\/p>\n<p style=\"text-align: justify;\"><a href=\"http:\/\/senoticias.com.br\/se\/wp-content\/uploads\/2017\/11\/Logomarca-fone-SE.jpg\"><img loading=\"lazy\" decoding=\"async\" class=\"aligncenter size-full wp-image-108251\" src=\"http:\/\/senoticias.com.br\/se\/wp-content\/uploads\/2017\/11\/Logomarca-fone-SE.jpg\" alt=\"Logomarca fone SE\" width=\"599\" height=\"78\" srcset=\"https:\/\/senoticias.com.br\/se\/wp-content\/uploads\/2017\/11\/Logomarca-fone-SE.jpg 599w, https:\/\/senoticias.com.br\/se\/wp-content\/uploads\/2017\/11\/Logomarca-fone-SE-300x39.jpg 300w\" sizes=\"(max-width: 599px) 100vw, 599px\" \/><\/a><\/p>\n<p style=\"text-align: justify;\"><em>Da Assessoria<\/em><\/p>\n","protected":false},"excerpt":{"rendered":"<p>O Senac\/SE, \u00f3rg\u00e3o vinculado ao Sistema Fecom\u00e9rcio-Sesc-Senac, est\u00e1 com sele\u00e7\u00e3o aberta para cursos gratuitos atrav\u00e9s do Programa Senac de Gratuidade (PSG). De 13 a 30 de novembro, os interessados podem se inscrever e concorrer \u00e0s vagas dos cursos de Cuidador de Idoso, Atendente de Farm\u00e1cia e T\u00e9cnico em Enfermagem. O resultado ser\u00e1 divulgado no dia [&hellip;]<\/p>\n","protected":false},"author":2,"featured_media":0,"comment_status":"closed","ping_status":"closed","sticky":false,"template":"","format":"standard","meta":{"footnotes":""},"categories":[10],"tags":[339,3719,3021,223],"class_list":{"0":"post-108250","1":"post","2":"type-post","3":"status-publish","4":"format-standard","6":"category-empregos","7":"tag-aracaju","8":"tag-curso","9":"tag-senac","10":"tag-sergipe"},"_links":{"self":[{"href":"https:\/\/senoticias.com.br\/se\/wp-json\/wp\/v2\/posts\/108250"}],"collection":[{"href":"https:\/\/senoticias.com.br\/se\/wp-json\/wp\/v2\/posts"}],"about":[{"href":"https:\/\/senoticias.com.br\/se\/wp-json\/wp\/v2\/types\/post"}],"author":[{"embeddable":true,"href":"https:\/\/senoticias.com.br\/se\/wp-json\/wp\/v2\/users\/2"}],"replies":[{"embeddable":true,"href":"https:\/\/senoticias.com.br\/se\/wp-json\/wp\/v2\/comments?post=108250"}],"version-history":[{"count":0,"href":"https:\/\/senoticias.com.br\/se\/wp-json\/wp\/v2\/posts\/108250\/revisions"}],"wp:attachment":[{"href":"https:\/\/senoticias.com.br\/se\/wp-json\/wp\/v2\/media?parent=108250"}],"wp:term":[{"taxonomy":"category","embeddable":true,"href":"https:\/\/senoticias.com.br\/se\/wp-json\/wp\/v2\/categories?post=108250"},{"taxonomy":"post_tag","embeddable":true,"href":"https:\/\/senoticias.com.br\/se\/wp-json\/wp\/v2\/tags?post=108250"}],"curies":[{"name":"wp","href":"https:\/\/api.w.org\/{rel}","templated":true}]}}