{"id":108248,"date":"2017-11-16T09:15:11","date_gmt":"2017-11-16T12:15:11","guid":{"rendered":"http:\/\/senoticias.com.br\/se\/?p=108248"},"modified":"2017-11-20T05:40:10","modified_gmt":"2017-11-20T08:40:10","slug":"bombeiros-sao-acionados-para-conter-incendio-em-agencia-bancaria","status":"publish","type":"post","link":"https:\/\/senoticias.com.br\/se\/bombeiros-sao-acionados-para-conter-incendio-em-agencia-bancaria\/","title":{"rendered":"Bombeiros s\u00e3o acionados para conter inc\u00eandio em ag\u00eancia banc\u00e1ria"},"content":{"rendered":"<p style=\"text-align: justify;\">Uma ag\u00eancia da Caixa Econ\u00f4mica Federal foi alvo de uma a\u00e7\u00e3o criminosa no in\u00edcio da manh\u00e3 desta quinta-feira (16). O Corpo de Bombeiros Militar (CBM) foi acionado \u00e0s 5h50 para conter o inc\u00eandio que teria sido provocado por moradores de rua.<\/p>\n<div id=\"attachment_88722\" style=\"width: 608px\" class=\"wp-caption aligncenter\"><a href=\"http:\/\/senoticias.com.br\/se\/wp-content\/uploads\/2016\/02\/CBSE-e1455243394720.jpg\"><img loading=\"lazy\" decoding=\"async\" aria-describedby=\"caption-attachment-88722\" class=\"size-full wp-image-88722\" src=\"http:\/\/senoticias.com.br\/se\/wp-content\/uploads\/2016\/02\/CBSE-e1455243394720.jpg\" alt=\"A\u00e7\u00e3o criminosa destruiu um caixa eletr\u00f4nico. (Foto: arquivo\/CBMSE\" width=\"598\" height=\"449\" \/><\/a><p id=\"caption-attachment-88722\" class=\"wp-caption-text\">A\u00e7\u00e3o criminosa destruiu um caixa eletr\u00f4nico. (Foto: arquivo\/CBMSE)<\/p><\/div>\n<p>Segundo informa\u00e7\u00f5es da assessoria dos bombeiros, a central de monitoramento do banco acionou o socorro ap\u00f3s observar a a\u00e7\u00e3o que acabou destruindo um caixa eletr\u00f4nico.<\/p>\n<p>&nbsp;<\/p>\n<p><em><strong>Acompanhe tamb\u00e9m o SE Not\u00edcias no\u00a0<a href=\"https:\/\/twitter.com\/Senoticias\" target=\"_blank\">Twitter<\/a>,\u00a0<a href=\"https:\/\/www.facebook.com\/senoticias1\" target=\"_blank\">Facebook<\/a>\u00a0e no\u00a0<a href=\"https:\/\/www.instagram.com\/senoticias\/\" target=\"_blank\">Instagram<\/a><\/strong><\/em><a href=\"http:\/\/senoticias.com.br\/se\/wp-content\/uploads\/2017\/11\/Logo-fone-1-2-1-2-4-6-1-1-1-2.jpg\"><img loading=\"lazy\" decoding=\"async\" class=\"aligncenter size-full wp-image-108117\" src=\"http:\/\/senoticias.com.br\/se\/wp-content\/uploads\/2017\/11\/Logo-fone-1-2-1-2-4-6-1-1-1-2.jpg\" alt=\"Logo-fone-1-2-1-2-4-6-1-1-1-2\" width=\"599\" height=\"78\" srcset=\"https:\/\/senoticias.com.br\/se\/wp-content\/uploads\/2017\/11\/Logo-fone-1-2-1-2-4-6-1-1-1-2.jpg 599w, https:\/\/senoticias.com.br\/se\/wp-content\/uploads\/2017\/11\/Logo-fone-1-2-1-2-4-6-1-1-1-2-300x39.jpg 300w\" sizes=\"(max-width: 599px) 100vw, 599px\" \/><\/a><\/p>\n<p><em>Por: G1-SE<\/em><\/p>\n","protected":false},"excerpt":{"rendered":"<p>Uma ag\u00eancia da Caixa Econ\u00f4mica Federal foi alvo de uma a\u00e7\u00e3o criminosa no in\u00edcio da manh\u00e3 desta quinta-feira (16). O Corpo de Bombeiros Militar (CBM) foi acionado \u00e0s 5h50 para conter o inc\u00eandio que teria sido provocado por moradores de rua. Segundo informa\u00e7\u00f5es da assessoria dos bombeiros, a central de monitoramento do banco acionou o [&hellip;]<\/p>\n","protected":false},"author":2,"featured_media":0,"comment_status":"closed","ping_status":"closed","sticky":false,"template":"","format":"standard","meta":{"footnotes":""},"categories":[15,7],"tags":[7097,339,4128,223],"class_list":{"0":"post-108248","1":"post","2":"type-post","3":"status-publish","4":"format-standard","6":"category-destaques","7":"category-policia","8":"tag-acao-criminosa","9":"tag-aracaju","10":"tag-bombeiros","11":"tag-sergipe"},"_links":{"self":[{"href":"https:\/\/senoticias.com.br\/se\/wp-json\/wp\/v2\/posts\/108248"}],"collection":[{"href":"https:\/\/senoticias.com.br\/se\/wp-json\/wp\/v2\/posts"}],"about":[{"href":"https:\/\/senoticias.com.br\/se\/wp-json\/wp\/v2\/types\/post"}],"author":[{"embeddable":true,"href":"https:\/\/senoticias.com.br\/se\/wp-json\/wp\/v2\/users\/2"}],"replies":[{"embeddable":true,"href":"https:\/\/senoticias.com.br\/se\/wp-json\/wp\/v2\/comments?post=108248"}],"version-history":[{"count":0,"href":"https:\/\/senoticias.com.br\/se\/wp-json\/wp\/v2\/posts\/108248\/revisions"}],"wp:attachment":[{"href":"https:\/\/senoticias.com.br\/se\/wp-json\/wp\/v2\/media?parent=108248"}],"wp:term":[{"taxonomy":"category","embeddable":true,"href":"https:\/\/senoticias.com.br\/se\/wp-json\/wp\/v2\/categories?post=108248"},{"taxonomy":"post_tag","embeddable":true,"href":"https:\/\/senoticias.com.br\/se\/wp-json\/wp\/v2\/tags?post=108248"}],"curies":[{"name":"wp","href":"https:\/\/api.w.org\/{rel}","templated":true}]}}