{"id":108243,"date":"2017-11-16T08:30:38","date_gmt":"2017-11-16T11:30:38","guid":{"rendered":"http:\/\/senoticias.com.br\/se\/?p=108243"},"modified":"2017-11-16T08:30:38","modified_gmt":"2017-11-16T11:30:38","slug":"itabaiana-prf-detem-condutor-embriagado-na-br-235","status":"publish","type":"post","link":"https:\/\/senoticias.com.br\/se\/itabaiana-prf-detem-condutor-embriagado-na-br-235\/","title":{"rendered":"Itabaiana: PRF det\u00e9m condutor embriagado na BR 235"},"content":{"rendered":"<p style=\"text-align: justify;\">Policiais Rodovi\u00e1rios Federais detiveram no final da tarde de ter\u00e7a-feira, 14, um condutor embriagado. A a\u00e7\u00e3o ocorreu no Km 50 da BR 235, no munic\u00edpio de Itabaiana\/SE.<\/p>\n<div id=\"attachment_107330\" style=\"width: 609px\" class=\"wp-caption aligncenter\"><a href=\"http:\/\/senoticias.com.br\/se\/wp-content\/uploads\/2017\/10\/PRF-SENOTICIAS-e1507752165756.jpg\"><img loading=\"lazy\" decoding=\"async\" aria-describedby=\"caption-attachment-107330\" class=\"size-full wp-image-107330\" src=\"http:\/\/senoticias.com.br\/se\/wp-content\/uploads\/2017\/10\/PRF-SENOTICIAS-e1507752165756.jpg\" alt=\" A a\u00e7\u00e3o ocorreu na BR 235. (foto: T\u00e1ssio Andrade)\" width=\"599\" height=\"449\" \/><\/a><p id=\"caption-attachment-107330\" class=\"wp-caption-text\">A a\u00e7\u00e3o ocorreu na BR 235. (foto: T\u00e1ssio Andrade)<\/p><\/div>\n<p style=\"text-align: justify;\">\nOs agentes federais realizavam o trabalho de fiscaliza\u00e7\u00e3o quando abordaram um caminh\u00e3o Volvo\/Fh 440, com placas de S\u00e3o Paulo, e perceberam que o condutor apresentava sinais de embriaguez alco\u00f3lica. O motorista, de 37 anos, foi solicitado a realizar o teste com o etil\u00f4metro e o resultado de 0,88 mg\/L (miligramas de \u00e1lcool por litro de ar expelido pelos pulm\u00f5es) comprovou a embriaguez. Ele informou aos policiais que tomou duas doses de cacha\u00e7a enquanto almo\u00e7ava.<\/p>\n<p style=\"text-align: justify;\">\nO ve\u00edculo ficou retido at\u00e9 que um condutor habilitado comparecesse ao local e o condutor foi detido e encaminhado \u00e0 Delegacia de Pol\u00edcia Civil daquele munic\u00edpio.<\/p>\n<p style=\"text-align: justify;\"><em><strong>Acompanhe tamb\u00e9m o SE Not\u00edcias no\u00a0<a href=\"https:\/\/twitter.com\/Senoticias\" target=\"_blank\">Twitter<\/a>,\u00a0<a href=\"https:\/\/www.facebook.com\/senoticias1\" target=\"_blank\">Facebook<\/a>\u00a0e no\u00a0<a href=\"https:\/\/www.instagram.com\/senoticias\/\" target=\"_blank\">Instagram<\/a><\/strong><\/em><\/p>\n<p style=\"text-align: justify;\"><a href=\"http:\/\/senoticias.com.br\/se\/wp-content\/uploads\/2017\/11\/Logo-fone-1-2-1-2-4-6-1-1-1-2.jpg\"><img loading=\"lazy\" decoding=\"async\" class=\"aligncenter size-full wp-image-108117\" src=\"http:\/\/senoticias.com.br\/se\/wp-content\/uploads\/2017\/11\/Logo-fone-1-2-1-2-4-6-1-1-1-2.jpg\" alt=\"Logo-fone-1-2-1-2-4-6-1-1-1-2\" width=\"599\" height=\"78\" srcset=\"https:\/\/senoticias.com.br\/se\/wp-content\/uploads\/2017\/11\/Logo-fone-1-2-1-2-4-6-1-1-1-2.jpg 599w, https:\/\/senoticias.com.br\/se\/wp-content\/uploads\/2017\/11\/Logo-fone-1-2-1-2-4-6-1-1-1-2-300x39.jpg 300w\" sizes=\"(max-width: 599px) 100vw, 599px\" \/><\/a><\/p>\n<p style=\"text-align: justify;\"><em>Da Ascom\/\u00a0Pol\u00edcia Rodovi\u00e1ria Federal-SE<\/em><\/p>\n","protected":false},"excerpt":{"rendered":"<p>Policiais Rodovi\u00e1rios Federais detiveram no final da tarde de ter\u00e7a-feira, 14, um condutor embriagado. A a\u00e7\u00e3o ocorreu no Km 50 da BR 235, no munic\u00edpio de Itabaiana\/SE. Os agentes federais realizavam o trabalho de fiscaliza\u00e7\u00e3o quando abordaram um caminh\u00e3o Volvo\/Fh 440, com placas de S\u00e3o Paulo, e perceberam que o condutor apresentava sinais de embriaguez [&hellip;]<\/p>\n","protected":false},"author":2,"featured_media":0,"comment_status":"closed","ping_status":"closed","sticky":false,"template":"","format":"standard","meta":{"footnotes":""},"categories":[38],"tags":[3000,77,223],"class_list":{"0":"post-108243","1":"post","2":"type-post","3":"status-publish","4":"format-standard","6":"category-municipios","7":"tag-policiamento","8":"tag-prf","9":"tag-sergipe"},"_links":{"self":[{"href":"https:\/\/senoticias.com.br\/se\/wp-json\/wp\/v2\/posts\/108243"}],"collection":[{"href":"https:\/\/senoticias.com.br\/se\/wp-json\/wp\/v2\/posts"}],"about":[{"href":"https:\/\/senoticias.com.br\/se\/wp-json\/wp\/v2\/types\/post"}],"author":[{"embeddable":true,"href":"https:\/\/senoticias.com.br\/se\/wp-json\/wp\/v2\/users\/2"}],"replies":[{"embeddable":true,"href":"https:\/\/senoticias.com.br\/se\/wp-json\/wp\/v2\/comments?post=108243"}],"version-history":[{"count":0,"href":"https:\/\/senoticias.com.br\/se\/wp-json\/wp\/v2\/posts\/108243\/revisions"}],"wp:attachment":[{"href":"https:\/\/senoticias.com.br\/se\/wp-json\/wp\/v2\/media?parent=108243"}],"wp:term":[{"taxonomy":"category","embeddable":true,"href":"https:\/\/senoticias.com.br\/se\/wp-json\/wp\/v2\/categories?post=108243"},{"taxonomy":"post_tag","embeddable":true,"href":"https:\/\/senoticias.com.br\/se\/wp-json\/wp\/v2\/tags?post=108243"}],"curies":[{"name":"wp","href":"https:\/\/api.w.org\/{rel}","templated":true}]}}