{"id":108220,"date":"2017-11-14T17:17:24","date_gmt":"2017-11-14T20:17:24","guid":{"rendered":"http:\/\/senoticias.com.br\/se\/?p=108220"},"modified":"2017-11-14T17:52:53","modified_gmt":"2017-11-14T20:52:53","slug":"vias-principais-do-bairro-rosa-elze-ganham-nova-iluminacao","status":"publish","type":"post","link":"https:\/\/senoticias.com.br\/se\/vias-principais-do-bairro-rosa-elze-ganham-nova-iluminacao\/","title":{"rendered":"Vias principais do Bairro Rosa Elze ganham nova ilumina\u00e7\u00e3o"},"content":{"rendered":"<p style=\"text-align: justify;\">\n<p style=\"text-align: justify;\">A Prefeitura de S\u00e3o Crist\u00f3v\u00e3o, por meio da Secretaria de Servi\u00e7os Urbanos, continua investindo na ilumina\u00e7\u00e3o da cidade e proporcionando mais seguran\u00e7a e bem-estar aos moradores. Ap\u00f3s melhorar a ilumina\u00e7\u00e3o das ruas Vener\u00e1vel Valdomiro Teof\u00edlo, Calumby Barreto e toda extens\u00e3o da avenida Canal do Eduardo Gomes, esta semana foi a vez do bairro Rosa Elze.<\/p>\n<p style=\"text-align: justify;\">As l\u00e2mpadas de vapor de s\u00f3dio que faziam a ilumina\u00e7\u00e3o das ruas: Hor\u00e1cio Souza Lima, Amintas Machado (antiga Rua B), Panificador Silva, Bar\u00e3o de Mau\u00e1, Grujim, Major Teles de Menezes e Pra\u00e7a do Rosa Elze foram substitu\u00eddas por l\u00e2mpadas vapor met\u00e1lico, que s\u00e3o mais claras e mais econ\u00f4micas.<\/p>\n<p style=\"text-align: justify;\">O secret\u00e1rio Genivaldo Silva (Vadinho) explicou que o trabalho de substituir, tem levado parte da popula\u00e7\u00e3o a voltar a frequentar pra\u00e7as e ruas no per\u00edodo noturno. \u201c Os bra\u00e7os de tr\u00eas metros com l\u00e2mpadas de vapor met\u00e1lico garantem uma melhor ilumina\u00e7\u00e3o e contribuem para deixar o local mais seguro. Por determina\u00e7\u00e3o do prefeito Marcos Santana, estamos dando aten\u00e7\u00e3o especial a estas localidades que necessitam ter uma boa qualidade na ilumina\u00e7\u00e3o. Com o trabalho, as fam\u00edlias se sentem mais seguras e podem transitar com seguran\u00e7a\u201d, disse.<\/p>\n<p style=\"text-align: justify;\">Durante a realiza\u00e7\u00e3o dos servi\u00e7os o prefeito esteve no bairro Rosa Elze, onde teve a oportunidade de conversar com os moradores. Marcos Santana foi muito cumprimentado e algumas pessoas aproveitaram a ocasi\u00e3o para agradecer a aten\u00e7\u00e3o que a Prefeitura tem dispensado \u00e0 popula\u00e7\u00e3o em rela\u00e7\u00e3o a nova ilumina\u00e7\u00e3o da comunidade.<\/p>\n<p style=\"text-align: justify;\">&#8220;Melhorar a ilumina\u00e7\u00e3o significa melhorar a mobilidade urbana e a seguran\u00e7a das pessoas. \u00c9 um investimento na vida das pessoas que passam a ter uma rela\u00e7\u00e3o melhor com a sua rua e com o seu bairro\u201d, afirma o prefeito, Marcos Santana.<\/p>\n","protected":false},"excerpt":{"rendered":"<p>A Prefeitura de S\u00e3o Crist\u00f3v\u00e3o, por meio da Secretaria de Servi\u00e7os Urbanos, continua investindo na ilumina\u00e7\u00e3o da cidade e proporcionando mais seguran\u00e7a e bem-estar aos moradores. Ap\u00f3s melhorar a ilumina\u00e7\u00e3o das ruas Vener\u00e1vel Valdomiro Teof\u00edlo, Calumby Barreto e toda extens\u00e3o da avenida Canal do Eduardo Gomes, esta semana foi a vez do bairro Rosa Elze. [&hellip;]<\/p>\n","protected":false},"author":2,"featured_media":0,"comment_status":"closed","ping_status":"closed","sticky":false,"template":"","format":"standard","meta":{"footnotes":""},"categories":[1],"tags":[],"class_list":{"0":"post-108220","1":"post","2":"type-post","3":"status-publish","4":"format-standard","6":"category-sem-categoria"},"_links":{"self":[{"href":"https:\/\/senoticias.com.br\/se\/wp-json\/wp\/v2\/posts\/108220"}],"collection":[{"href":"https:\/\/senoticias.com.br\/se\/wp-json\/wp\/v2\/posts"}],"about":[{"href":"https:\/\/senoticias.com.br\/se\/wp-json\/wp\/v2\/types\/post"}],"author":[{"embeddable":true,"href":"https:\/\/senoticias.com.br\/se\/wp-json\/wp\/v2\/users\/2"}],"replies":[{"embeddable":true,"href":"https:\/\/senoticias.com.br\/se\/wp-json\/wp\/v2\/comments?post=108220"}],"version-history":[{"count":0,"href":"https:\/\/senoticias.com.br\/se\/wp-json\/wp\/v2\/posts\/108220\/revisions"}],"wp:attachment":[{"href":"https:\/\/senoticias.com.br\/se\/wp-json\/wp\/v2\/media?parent=108220"}],"wp:term":[{"taxonomy":"category","embeddable":true,"href":"https:\/\/senoticias.com.br\/se\/wp-json\/wp\/v2\/categories?post=108220"},{"taxonomy":"post_tag","embeddable":true,"href":"https:\/\/senoticias.com.br\/se\/wp-json\/wp\/v2\/tags?post=108220"}],"curies":[{"name":"wp","href":"https:\/\/api.w.org\/{rel}","templated":true}]}}