{"id":108204,"date":"2017-11-14T17:07:08","date_gmt":"2017-11-14T20:07:08","guid":{"rendered":"http:\/\/senoticias.com.br\/se\/?p=108204"},"modified":"2017-11-14T17:07:08","modified_gmt":"2017-11-14T20:07:08","slug":"dia-nacional-da-consciencia-negra-e-tema-de-mostra-no-corredor-cultural","status":"publish","type":"post","link":"https:\/\/senoticias.com.br\/se\/dia-nacional-da-consciencia-negra-e-tema-de-mostra-no-corredor-cultural\/","title":{"rendered":"Dia Nacional da Consci\u00eancia Negra \u00e9 tema de mostra no Corredor Cultural"},"content":{"rendered":"<p class=\"m_2108392860256162421gmail-MsoNormal\" style=\"text-align: justify;\">O Dia Nacional da Consci\u00eancia Negra, comemorado no dia 20 de novembro em todo o pa\u00eds, \u00e9 destaque da nova exposi\u00e7\u00e3o do Corredor Cultural Irm\u00e3o, lan\u00e7ada na manh\u00e3 desta ter\u00e7a-feira, 14. Pinturas, xilogravuras, esculturas e fotografias referentes \u00e0 cultura afro-brasileira comp\u00f5em a mostra que ocupa a paredes da Secretaria de Estado da Cultura (Secult) e segue aberta ao p\u00fablico durante todo o m\u00eas.<\/p>\n<div id=\"attachment_108206\" style=\"width: 609px\" class=\"wp-caption aligncenter\"><a href=\"http:\/\/senoticias.com.br\/se\/wp-content\/uploads\/2017\/11\/Grupo-Um-qu\u00ea-de-Negritude-Foto-Pritty-Reis-e1510689836627.jpg\"><img loading=\"lazy\" decoding=\"async\" aria-describedby=\"caption-attachment-108206\" class=\"size-full wp-image-108206\" src=\"http:\/\/senoticias.com.br\/se\/wp-content\/uploads\/2017\/11\/Grupo-Um-qu\u00ea-de-Negritude-Foto-Pritty-Reis-e1510689836627.jpg\" alt=\"Exposi\u00e7\u00e3o Sergipe Negro o Plural foi lan\u00e7ada com homenagens para representantes da cultura afro-brasileira\" width=\"599\" height=\"416\" \/><\/a><p id=\"caption-attachment-108206\" class=\"wp-caption-text\">Exposi\u00e7\u00e3o Sergipe Negro o Plural foi lan\u00e7ada com homenagens para representantes da cultura afro-brasileira (foto Pritty Reis)<\/p><\/div>\n<p class=\"m_2108392860256162421gmail-MsoNormal\" style=\"text-align: justify;\">\u201c\u00c9 com muita satisfa\u00e7\u00e3o que n\u00f3s abrimos a exposi\u00e7\u00e3o Sergipe Negro e Plural que aborda um tema importante do nosso cotidiano. O Governo de Sergipe tem muito orgulho de desenvolver a\u00e7\u00f5es que ressaltem o respeito \u00e0 mem\u00f3ria de uma cultura desta magnitude\u201d, destacou o Secret\u00e1rio de Estado da Cultura, Jo\u00e3o Augusto Gama.<\/p>\n<p class=\"m_2108392860256162421gmail-MsoNormal\" style=\"text-align: justify;\">A mostra, que conta com trabalhos de diversos segmentos de 14 artistas participam da exposi\u00e7\u00e3o composta por pinturas em tela de Bosco Rollemberg, Ca\u00e3, Cl\u00e1udia Toscano, Dilson, Ediocl\u00e9sio, F\u00e1bio Pamplona e Suy Barros; esculturas de Gleide Selma, Of\u00e1 Mod\u00ea, Marcelo Kernbeis e Zeus; xilogravuras de Jacira Mouram e Vilma Rebou\u00e7as; e fotografias de Pritty Reis e F\u00e1bio Pamplona.<\/p>\n<p class=\"m_2108392860256162421gmail-MsoNormal\" style=\"text-align: justify;\">\u201cJ\u00e1 participai de outras exposi\u00e7\u00f5es no Corredor e acho excelente a tem\u00e1tica proposta para esta edi\u00e7\u00e3o. A Secult tem sempre aberto espa\u00e7o para obras que envolvam o negro, mesmo quando a tem\u00e1tica \u00e9 outra. Vejo o Corredor como um espa\u00e7o de prest\u00edgio, e poder falar aqui de cultura negra \u00e9 muito bom\u201d,\u00a0\u00a0 afirmou Mod\u00ea.<\/p>\n<p class=\"m_2108392860256162421gmail-MsoNormal\" style=\"text-align: justify;\">As men\u00e7\u00f5es honrosas desta edi\u00e7\u00e3o foram dedicadas a pessoas que s\u00e3o refer\u00eancia da cultura afro em diversas \u00e1reas, como a m\u00fasica, a literatura, o teatro entre outras. Os homenageados desta edi\u00e7\u00e3o s\u00e3o: Santo Souza (in memoriam), Cl\u00e9lia Ferreira Santos, Luiz Carlos Vieira Tavares Rita de C\u00e1ssia Maia Santos, Jos\u00e9 Ronaldo de Menezes (Z\u00e9 Rolinha), Carlos Augusto Santos, Hippolyte Brice Sogbossi, Alexandra Dumas e Fernando Jos\u00e9 Ferreira Aguiar.<\/p>\n<p class=\"m_2108392860256162421gmail-MsoNormal\" style=\"text-align: justify;\">\u201cReconhecer \u00e9 uma forma de agradecer. N\u00f3s agradecemos sempre quando toda a mem\u00f3ria \u00e9 lembrada. Nesses tempos sombrios em que vivemos, onde as intoler\u00e2ncias, a descrimina\u00e7\u00e3o e o preconceito, principalmente em rela\u00e7\u00e3o \u00e0s quest\u00f5es de g\u00eanero, etnocidade e racialidade gritam, \u00e9 muito importante a Secretaria e o Conselho trazerem esta exposi\u00e7\u00e3o\u201d, ressaltou Fernando Aguiar.<\/p>\n<p class=\"m_2108392860256162421gmail-MsoNormal\" style=\"text-align: justify;\">No lan\u00e7amento da exposi\u00e7\u00e3o, o Grupo Um Qu\u00ea de Negritude formado por alunos do Col\u00e9gio Estadual Atheneu apresentou uma pequena mostra do espet\u00e1culo &#8220;Omi\u00f3 Omir\u00f3: \u00c1guas que lavam a Vida e lavam a Alma&#8221;. \u201cHoje trouxemos a apresenta\u00e7\u00e3o das \u00e1guas doces e das \u00e1guas salgadas fazendo refer\u00eancia a Oxum e Yemanj\u00e1. Todas as vezes que a Secult nos convida para alguma atividade ganhamos visibilidade de um p\u00fablico diferente do que o grupo est\u00e1 acostumado, um p\u00fablico que valoriza muito a cultura e que faz com que os alunos se sintam como estivessem em casa\u201d, contou Cl\u00e9lia Ramos coordenadora do grupo.<\/p>\n<p class=\"m_2108392860256162421gmail-MsoNormal\" style=\"text-align: justify;\"><a href=\"http:\/\/senoticias.com.br\/se\/wp-content\/uploads\/2017\/11\/Logo-fone-1-2-1-2-4-6-1-1-1-2.jpg\"><img loading=\"lazy\" decoding=\"async\" class=\"aligncenter size-full wp-image-108117\" src=\"http:\/\/senoticias.com.br\/se\/wp-content\/uploads\/2017\/11\/Logo-fone-1-2-1-2-4-6-1-1-1-2.jpg\" alt=\"Logo-fone-1-2-1-2-4-6-1-1-1-2\" width=\"599\" height=\"78\" srcset=\"https:\/\/senoticias.com.br\/se\/wp-content\/uploads\/2017\/11\/Logo-fone-1-2-1-2-4-6-1-1-1-2.jpg 599w, https:\/\/senoticias.com.br\/se\/wp-content\/uploads\/2017\/11\/Logo-fone-1-2-1-2-4-6-1-1-1-2-300x39.jpg 300w\" sizes=\"(max-width: 599px) 100vw, 599px\" \/><\/a><\/p>\n<p class=\"m_2108392860256162421gmail-MsoNormal\" style=\"text-align: justify;\"><em><strong>Acompanhe tamb\u00e9m o SE Not\u00edcias no<\/strong><span class=\"apple-converted-space\"><b>\u00a0<\/b><\/span><a href=\"https:\/\/twitter.com\/Senoticias\" target=\"_blank\"><b>Twitter<\/b><\/a><strong>,<\/strong><span class=\"apple-converted-space\"><b>\u00a0<\/b><\/span><a href=\"https:\/\/www.facebook.com\/senoticias1\" target=\"_blank\"><b>Facebook<\/b><span class=\"apple-converted-space\"><b>\u00a0<\/b><\/span><\/a><strong>e no<\/strong><span class=\"apple-converted-space\"><b>\u00a0<\/b><\/span><a href=\"https:\/\/www.instagram.com\/senoticias\/\" target=\"_blank\"><b>Instagram<\/b><\/a><\/em><\/p>\n<p class=\"m_2108392860256162421gmail-MsoNormal\" style=\"text-align: justify;\">\n<div><em>Assessoria de Comunica\u00e7\u00e3o\/<\/em><em>Secretaria de Estado da Cultura (Secult)<\/em><\/div>\n","protected":false},"excerpt":{"rendered":"<p>O Dia Nacional da Consci\u00eancia Negra, comemorado no dia 20 de novembro em todo o pa\u00eds, \u00e9 destaque da nova exposi\u00e7\u00e3o do Corredor Cultural Irm\u00e3o, lan\u00e7ada na manh\u00e3 desta ter\u00e7a-feira, 14. Pinturas, xilogravuras, esculturas e fotografias referentes \u00e0 cultura afro-brasileira comp\u00f5em a mostra que ocupa a paredes da Secretaria de Estado da Cultura (Secult) e [&hellip;]<\/p>\n","protected":false},"author":2,"featured_media":108206,"comment_status":"closed","ping_status":"closed","sticky":false,"template":"","format":"standard","meta":{"footnotes":""},"categories":[21],"tags":[7072,7073,7071,7074],"class_list":{"0":"post-108204","1":"post","2":"type-post","3":"status-publish","4":"format-standard","5":"has-post-thumbnail","7":"category-entretenimento","8":"tag-consciencia-negra","9":"tag-corredor-cultural","10":"tag-dia-nacional-da-consciencia-negra","11":"tag-mostra"},"_links":{"self":[{"href":"https:\/\/senoticias.com.br\/se\/wp-json\/wp\/v2\/posts\/108204"}],"collection":[{"href":"https:\/\/senoticias.com.br\/se\/wp-json\/wp\/v2\/posts"}],"about":[{"href":"https:\/\/senoticias.com.br\/se\/wp-json\/wp\/v2\/types\/post"}],"author":[{"embeddable":true,"href":"https:\/\/senoticias.com.br\/se\/wp-json\/wp\/v2\/users\/2"}],"replies":[{"embeddable":true,"href":"https:\/\/senoticias.com.br\/se\/wp-json\/wp\/v2\/comments?post=108204"}],"version-history":[{"count":0,"href":"https:\/\/senoticias.com.br\/se\/wp-json\/wp\/v2\/posts\/108204\/revisions"}],"wp:featuredmedia":[{"embeddable":true,"href":"https:\/\/senoticias.com.br\/se\/wp-json\/wp\/v2\/media\/108206"}],"wp:attachment":[{"href":"https:\/\/senoticias.com.br\/se\/wp-json\/wp\/v2\/media?parent=108204"}],"wp:term":[{"taxonomy":"category","embeddable":true,"href":"https:\/\/senoticias.com.br\/se\/wp-json\/wp\/v2\/categories?post=108204"},{"taxonomy":"post_tag","embeddable":true,"href":"https:\/\/senoticias.com.br\/se\/wp-json\/wp\/v2\/tags?post=108204"}],"curies":[{"name":"wp","href":"https:\/\/api.w.org\/{rel}","templated":true}]}}