{"id":108190,"date":"2017-11-14T11:56:45","date_gmt":"2017-11-14T14:56:45","guid":{"rendered":"http:\/\/senoticias.com.br\/se\/?p=108190"},"modified":"2017-11-14T11:56:45","modified_gmt":"2017-11-14T14:56:45","slug":"estadio-de-pedrinhas-sera-entregue-em-janeiro-com-abertura-do-campeonato-sergipano-de-futebol-2018","status":"publish","type":"post","link":"https:\/\/senoticias.com.br\/se\/estadio-de-pedrinhas-sera-entregue-em-janeiro-com-abertura-do-campeonato-sergipano-de-futebol-2018\/","title":{"rendered":"Est\u00e1dio de Pedrinhas ser\u00e1 entregue em janeiro com abertura do Campeonato Sergipano de Futebol 2018"},"content":{"rendered":"<p style=\"text-align: justify;\">O Est\u00e1dio de Futebol Roberto da Silva Alves, no munic\u00edpio de Pedrinhas, Sul sergipano, ser\u00e1 entregue \u00e0 popula\u00e7\u00e3o no dia 7 de janeiro do pr\u00f3ximo ano, com a realiza\u00e7\u00e3o de um grande evento pela abertura do Campeonato Sergipano de Futebol 2018, o Tornei In\u00edcio. O evento foi discutido em reuni\u00e3o entre o governador Jackson Barreto, o presidente da Federa\u00e7\u00e3o Sergipana de Futebol (FSF), Milton Dantas e o secret\u00e1rio de Estado do Esporte e Lazer, Ant\u00f4nio Hora Filho, nesta segunda-feira, 13.<\/p>\n<div id=\"attachment_108191\" style=\"width: 609px\" class=\"wp-caption aligncenter\"><a href=\"http:\/\/senoticias.com.br\/se\/wp-content\/uploads\/2017\/11\/SEEL-3-e1510671204400.jpeg\"><img loading=\"lazy\" decoding=\"async\" aria-describedby=\"caption-attachment-108191\" class=\"size-full wp-image-108191\" src=\"http:\/\/senoticias.com.br\/se\/wp-content\/uploads\/2017\/11\/SEEL-3-e1510671204400.jpeg\" alt=\"Erguido na Rua Argemiro Ferreira Dias, o est\u00e1dio recebeu investimentos na ordem de R$ 1.807.554,89, oriundos do Programa Sergipe Cidades. A pra\u00e7a esportiva possui 15.859,73 m\u00b2 de \u00e1rea constru\u00edda em um total de 22.223,89 m\u00b2. (foto: Jorge Henrique\/ASN)\" width=\"599\" height=\"399\" \/><\/a><p id=\"caption-attachment-108191\" class=\"wp-caption-text\">O est\u00e1dio recebeu investimentos na ordem de R$ 1.807.554,89, oriundos do Programa Sergipe Cidades. (foto: Jorge Henrique\/ASN)<\/p><\/div>\n<p style=\"text-align: justify;\">O governador destacou o evento e a expectativa da popula\u00e7\u00e3o do munic\u00edpio do Sul sergipano pelo est\u00e1dio. \u201cEst\u00e1vamos esperando um grande evento para inaugura\u00e7\u00e3o do Est\u00e1dio de Pedrinhas, por isso, a participa\u00e7\u00e3o no Torneio de In\u00edcio do Campeonato Sergipano de 2018. Em Pedrinhas, o governo do Estado atendeu uma antiga reivindica\u00e7\u00e3o da popula\u00e7\u00e3o. Fizemos esse investimento para fortalecer o esporte e refor\u00e7ar nosso compromisso de oportunizar ao povo de Pedrinhas e regi\u00e3o um est\u00e1dio \u00e0 altura para realiza\u00e7\u00e3o de competi\u00e7\u00f5es. Tanto que, agora, Pedrinhas receber\u00e1, al\u00e9m do seu est\u00e1dio, a abertura de um campeonato estadual, dando visibilidade ao munic\u00edpio\u201d.<\/p>\n<p style=\"text-align: justify;\">De acordo com Milton Dantas, a escolha do est\u00e1dio para o evento comprova a qualidade da pra\u00e7a esportiva de Pedrinhas e oportuniza visibilidade e fortalecimento do esporte no interior sergipano. \u201c\u00c9 uma oportunidade para o torcedor conhecer suas equipes, \u00e9 o resgate de uma competi\u00e7\u00e3o que era realizada h\u00e1 uns 15 anos. Escolhemos aquela pra\u00e7a esportiva pela condi\u00e7\u00e3o que hoje re\u00fane, um est\u00e1dio altamente moderno, fruto do investimento que o governo fez para o povo de Pedrinhas e regi\u00e3o. Foi um investimento muito importante, pois sabemos da import\u00e2ncia do esporte para sociedade e para a juventude, porque atrav\u00e9s do esporte podemos oportunizar que os nossos jovens n\u00e3o sigam um caminho errado. A federa\u00e7\u00e3o vai prestigiar esse espa\u00e7o por meio do Torneio In\u00edcio na inaugura\u00e7\u00e3o daquela pra\u00e7a esportiva. Acreditamos no sucesso da competi\u00e7\u00e3o e que aquela pra\u00e7a esportiva ir\u00e1 colher bons frutos para os desportistas de Pedrinhas e regi\u00e3o\u201d, declarou.<\/p>\n<p style=\"text-align: justify;\">Erguido na Rua Argemiro Ferreira Dias, o est\u00e1dio recebeu investimentos na ordem de R$ 1.807.554,89, oriundos do Programa Sergipe Cidades. A pra\u00e7a esportiva possui 15.859,73 m\u00b2 de \u00e1rea constru\u00edda em um total de 22.223,89 m\u00b2.<\/p>\n<p style=\"text-align: justify;\">Para o secret\u00e1rio Ant\u00f4nio Hora Filho, o est\u00e1dio \u00e9 mais um investimento para fortalecer o esporte como ferramenta de transforma\u00e7\u00e3o social. \u201cO governo do Estado, com entidades parceiras como a FSF, est\u00e1 possibilitando que a nossa juventude possa ter acesso \u00e0 pr\u00e1tica esportiva e participar de eventos de qualidade\u201d.<\/p>\n<p>Copa do Nordeste Sub-20<\/p>\n<p style=\"text-align: justify;\">A Copa do Nordeste Sub-20, que ser\u00e1 realizada em Sergipe, tamb\u00e9m foi pauta da reuni\u00e3o desta segunda. A competi\u00e7\u00e3o come\u00e7a no dia 17 de novembro e reunir\u00e1 20 equipes da regi\u00e3o. A Copa ter\u00e1 jogos nas cidades de Aracaju, Itabaiana, Lagarto e Est\u00e2ncia.<\/p>\n<p style=\"text-align: justify;\">\u201cNesta sexta-feira, 17, ser\u00e1 a abertura oficial na Arena Batist\u00e3o. O jogo inaugural ser\u00e1 entre o CRB-AL e o Club Sportivo Sergipe, com transmiss\u00e3o nacional. J\u00e1 a grande final ser\u00e1 no dia 27 de novembro tamb\u00e9m na Arena Batist\u00e3o\u201d, informou o secret\u00e1rio Ant\u00f4nio Hora Filho.<\/p>\n<p style=\"text-align: justify;\">A Copa do Nordeste Sub-20 \u00e9 a maior competi\u00e7\u00e3o nesta modalidade na regi\u00e3o. \u201cSergipe \u00e9 um estado que abra\u00e7a o esporte. Os atletas de todos esses times poder\u00e3o conhecer nosso estado e isso ajuda tamb\u00e9m a fomentar o nosso turismo\u201d, disse Jackson.<\/p>\n<p style=\"text-align: justify;\">Milton Dantas ressaltou a import\u00e2ncia de Sergipe receber este campeonato. \u201cFoi um pleito da Federa\u00e7\u00e3o Sergipana junto \u00e0 Confedera\u00e7\u00e3o Brasileira de Futebol e \u00e0 Liga do Nordeste para trazer essa realiza\u00e7\u00e3o para o nosso estado. Contamos com todo o apoio do Governo do Estado, por meio da Seel, para realiza\u00e7\u00e3o dessa competi\u00e7\u00e3o. Teremos, durante 12 dias, cerca de 500 atletas de todo Nordeste, na maior competi\u00e7\u00e3o do pa\u00eds por regi\u00e3o. Teremos dois representantes de Sergipe, o Club Sportivo Sergipe e o Estanciano Esporte Clube, mais as principais equipes da categoria da regi\u00e3o Nordeste\u201d.<\/p>\n<p style=\"text-align: justify;\">Segundo o presidente da FSF, a competi\u00e7\u00e3o representa ainda um incremento para economia local, principalmente para rede hoteleira sergipana. \u201cCada delega\u00e7\u00e3o conta no m\u00ednimo com 30 pessoas, todas elas ficar\u00e3o alojadas nos principais hot\u00e9is de Sergipe, em Aracaju, Est\u00e2ncia e Itabaiana, inicialmente. Tem tamb\u00e9m a visibilidade que ser\u00e1 dada a Sergipe pela m\u00eddia nacional. Teremos um canal internacional fazendo a cobertura do evento, o Esporte Interativo e mais canais de toda a regi\u00e3o\u201d, explicou.<\/p>\n<p style=\"text-align: justify;\">Copa do Mundo Sub-17<\/p>\n<p style=\"text-align: justify;\">O presidente da Federa\u00e7\u00e3o Sergipana de Futebol aproveitou o encontro para presentear o governador com uma camisa da Sele\u00e7\u00e3o Brasileira, autografada por todos os atletas participantes da Copa do Mundo Sub-17, realizada na \u00cdndia.<\/p>\n<p style=\"text-align: justify;\">\u201cFui o chefe da delega\u00e7\u00e3o do Brasil na Copa do Mundo Sub-17, competi\u00e7\u00e3o que reuniu as 24 melhores sele\u00e7\u00f5es do mundo da categoria. O Brasil conquistou a terceira coloca\u00e7\u00e3o, perdendo apenas para campe\u00e3 atual, a Inglaterra. Ent\u00e3o, n\u00f3s trouxemos uma camisa autografada por todos os atletas e comiss\u00e3o t\u00e9cnica para o governador, que \u00e9 um grande incentivador do esporte sergipano\u201d, exp\u00f4s Dantas.<\/p>\n<p style=\"text-align: justify;\"><em><strong>Acompanhe tamb\u00e9m o SE Not\u00edcias no\u00a0<a href=\"https:\/\/twitter.com\/Senoticias\" target=\"_blank\">Twitter<\/a>,\u00a0<a href=\"https:\/\/www.facebook.com\/senoticias1\" target=\"_blank\">Facebook<\/a>\u00a0e no\u00a0<a href=\"https:\/\/www.instagram.com\/senoticias\/\" target=\"_blank\">Instagram<\/a>\u00a0<a href=\"http:\/\/senoticias.com.br\/se\/wp-content\/uploads\/2017\/11\/Logo-fone-1-2-1-2-4-6-1-1-1-2.jpg\"><img loading=\"lazy\" decoding=\"async\" class=\"aligncenter size-full wp-image-108117\" src=\"http:\/\/senoticias.com.br\/se\/wp-content\/uploads\/2017\/11\/Logo-fone-1-2-1-2-4-6-1-1-1-2.jpg\" alt=\"Logo-fone-1-2-1-2-4-6-1-1-1-2\" width=\"599\" height=\"78\" srcset=\"https:\/\/senoticias.com.br\/se\/wp-content\/uploads\/2017\/11\/Logo-fone-1-2-1-2-4-6-1-1-1-2.jpg 599w, https:\/\/senoticias.com.br\/se\/wp-content\/uploads\/2017\/11\/Logo-fone-1-2-1-2-4-6-1-1-1-2-300x39.jpg 300w\" sizes=\"(max-width: 599px) 100vw, 599px\" \/><\/a><\/strong><\/em><\/p>\n<p style=\"text-align: justify;\">\n<p style=\"text-align: justify;\"><em>Da Ag\u00eancia Sergipe de Not\u00edcias<\/em><\/p>\n","protected":false},"excerpt":{"rendered":"<p>O Est\u00e1dio de Futebol Roberto da Silva Alves, no munic\u00edpio de Pedrinhas, Sul sergipano, ser\u00e1 entregue \u00e0 popula\u00e7\u00e3o no dia 7 de janeiro do pr\u00f3ximo ano, com a realiza\u00e7\u00e3o de um grande evento pela abertura do Campeonato Sergipano de Futebol 2018, o Tornei In\u00edcio. O evento foi discutido em reuni\u00e3o entre o governador Jackson Barreto, [&hellip;]<\/p>\n","protected":false},"author":2,"featured_media":108191,"comment_status":"closed","ping_status":"closed","sticky":false,"template":"","format":"standard","meta":{"footnotes":""},"categories":[38],"tags":[2919,3875,911,223],"class_list":{"0":"post-108190","1":"post","2":"type-post","3":"status-publish","4":"format-standard","5":"has-post-thumbnail","7":"category-municipios","8":"tag-campeonato-sergipano","9":"tag-esporte","10":"tag-governo-do-estado","11":"tag-sergipe"},"_links":{"self":[{"href":"https:\/\/senoticias.com.br\/se\/wp-json\/wp\/v2\/posts\/108190"}],"collection":[{"href":"https:\/\/senoticias.com.br\/se\/wp-json\/wp\/v2\/posts"}],"about":[{"href":"https:\/\/senoticias.com.br\/se\/wp-json\/wp\/v2\/types\/post"}],"author":[{"embeddable":true,"href":"https:\/\/senoticias.com.br\/se\/wp-json\/wp\/v2\/users\/2"}],"replies":[{"embeddable":true,"href":"https:\/\/senoticias.com.br\/se\/wp-json\/wp\/v2\/comments?post=108190"}],"version-history":[{"count":0,"href":"https:\/\/senoticias.com.br\/se\/wp-json\/wp\/v2\/posts\/108190\/revisions"}],"wp:featuredmedia":[{"embeddable":true,"href":"https:\/\/senoticias.com.br\/se\/wp-json\/wp\/v2\/media\/108191"}],"wp:attachment":[{"href":"https:\/\/senoticias.com.br\/se\/wp-json\/wp\/v2\/media?parent=108190"}],"wp:term":[{"taxonomy":"category","embeddable":true,"href":"https:\/\/senoticias.com.br\/se\/wp-json\/wp\/v2\/categories?post=108190"},{"taxonomy":"post_tag","embeddable":true,"href":"https:\/\/senoticias.com.br\/se\/wp-json\/wp\/v2\/tags?post=108190"}],"curies":[{"name":"wp","href":"https:\/\/api.w.org\/{rel}","templated":true}]}}