{"id":108165,"date":"2017-11-13T22:15:14","date_gmt":"2017-11-14T01:15:14","guid":{"rendered":"http:\/\/senoticias.com.br\/se\/?p=108165"},"modified":"2017-11-13T22:35:51","modified_gmt":"2017-11-14T01:35:51","slug":"justica-federal-retoma-andamento-de-acao-criminal-sobre-tragedia-de-mariana","status":"publish","type":"post","link":"https:\/\/senoticias.com.br\/se\/justica-federal-retoma-andamento-de-acao-criminal-sobre-tragedia-de-mariana\/","title":{"rendered":"Justi\u00e7a Federal retoma andamento de a\u00e7\u00e3o criminal sobre trag\u00e9dia de Mariana"},"content":{"rendered":"<p style=\"text-align: justify;\">O juiz federal Jacques de Queiroz Ferreira determinou hoje (13) a retomada da a\u00e7\u00e3o criminal vinculada \u00e0 trag\u00e9dia de Mariana (MG). O processo estava suspenso h\u00e1 mais de quatro meses para verificar alega\u00e7\u00f5es feitas pela defesa de dois dos 22 r\u00e9us. Eles pediam a anula\u00e7\u00e3o da a\u00e7\u00e3o, sob o argumento de que foram usadas provas ilegais. O magistrado considerou a solicita\u00e7\u00e3o improcedente.<\/p>\n<div id=\"attachment_108166\" style=\"width: 609px\" class=\"wp-caption aligncenter\"><a href=\"http:\/\/senoticias.com.br\/se\/wp-content\/uploads\/2017\/11\/Samarco.Mariana-1-e1510622200824.jpg\"><img loading=\"lazy\" decoding=\"async\" aria-describedby=\"caption-attachment-108166\" class=\"size-full wp-image-108166\" src=\"http:\/\/senoticias.com.br\/se\/wp-content\/uploads\/2017\/11\/Samarco.Mariana-1-e1510622200824.jpg\" alt=\"Vista a\u00e9rea do distrito de Bento Rodrigues, em Mariana, ap\u00f3s o rompimento de barragens de rejeitos da mineradora Samarco (foto: Ricardo Moraes\/Reuters)\" width=\"599\" height=\"449\" \/><\/a><p id=\"caption-attachment-108166\" class=\"wp-caption-text\">Vista a\u00e9rea do distrito de Bento Rodrigues, em Mariana, ap\u00f3s o rompimento de barragens de rejeitos da mineradora Samarco (foto: Ricardo Moraes\/Reuters)<\/p><\/div>\n<p style=\"text-align: justify;\">A trag\u00e9dia de Mariana completou dois anos no dia 5 de novembro. Na ocasi\u00e3o, uma barragem da mineradora Samarco se rompeu liberando rejeitos de minera\u00e7\u00e3o no ambiente. No epis\u00f3dio, 19 pessoas morreram e comunidades foram destru\u00eddas. Houve tamb\u00e9m polui\u00e7\u00e3o da bacia do Rio Doce e devasta\u00e7\u00e3o de vegeta\u00e7\u00e3o.<\/p>\n<p style=\"text-align: justify;\">A a\u00e7\u00e3o criminal tramita desde novembro do ano passado, quando foi aceita a den\u00fancia apresentada pelo Minist\u00e9rio P\u00fablico Federal (MPF). Os r\u00e9us respondem em liberdade.<\/p>\n<p style=\"text-align: justify;\">No dia 4 de julho desse ano, o juiz Jacques de Queiroz Ferreira suspendeu a tramita\u00e7\u00e3o para que fossem analisadas as alega\u00e7\u00f5es das defesas do ex-presidente da mineradora Samarco, Ricardo Vescovi, e do diretor-geral de Opera\u00e7\u00f5es da empresa, Kleber Terra, dois dos 22 r\u00e9us. Seus advogados sustentavam que escutas telef\u00f4nicas usadas no processo teriam sido feitas fora do per\u00edodo determinado judicialmente.<\/p>\n<p style=\"text-align: justify;\">Eles tamb\u00e9m argumentaram que, quando a Samarco foi intimada a apresentar c\u00f3pias das mensagens instant\u00e2neas e dos e-mails enviados e recebidos pelos executivos entre 1\u00ba e 30 de outubro de 2015, foram fornecidos dados n\u00e3o solicitados, relativos aos anos de 2011 a 2014. A defesa de Ricardo Vescovi argumentou que esses arquivos, entregues pela mineradora, n\u00e3o poderiam ter sido objeto de an\u00e1lise policial e considerados na den\u00fancia e que houve desrespeito \u00e0 privacidade dos acusados.<\/p>\n<p style=\"text-align: justify;\">\u201cHavendo distintas companhias telef\u00f4nicas, com regras pr\u00f3prias de atendimento das ordens judiciais, \u00e9 intuitivo e normal que as intercepta\u00e7\u00f5es possam se iniciar em dias diferentes, n\u00e3o havendo na Lei 9.296\/1996 qualquer dispositivo que imponha nulidade nestes casos\u201d, registra o despacho do magistrado. Para ele, o monitoramento n\u00e3o foi irregular.<\/p>\n<p style=\"text-align: justify;\">Jacques de Queiroz Ferreira disse ainda que, mesmo que houvesse irregularidade, a constata\u00e7\u00e3o n\u00e3o acarretaria a nulidade de toda a prova, mas apenas daquela parcela extempor\u00e2nea. Em 11 de outubro, o MPF j\u00e1 havia apresentado ao ju\u00edzo um requerimento de retomada urgente do processo, no qual afirmava que, \u201cap\u00f3s minucioso levantamento, n\u00e3o foi constatada a utiliza\u00e7\u00e3o de monitoramento telef\u00f4nico feito sem ordem judicial\u201d.<\/p>\n<p style=\"text-align: justify;\">Por outro lado, o magistrado considerou como provas inv\u00e1lidas di\u00e1logos transcritos de e-mails corporativos e determinou a retirada do material do processo. No entanto, ele avaliou que a leitura indevida n\u00e3o influenciou a produ\u00e7\u00e3o de outras evid\u00eancias. &#8220;As demais provas citadas caracterizam-se como oriundas de fontes independentes&#8221;.<\/p>\n<p style=\"text-align: justify;\">R\u00e9us<\/p>\n<p style=\"text-align: justify;\">Al\u00e9m de Ricardo Vescovi e Kl\u00e9ber Terra, s\u00e3o r\u00e9us na a\u00e7\u00e3o outros funcion\u00e1rios da Samarco e 11 integrantes do conselho de administra\u00e7\u00e3o da mineradora que s\u00e3o representantes da Vale e da BHP Billiton. Ao todo, 21 r\u00e9us s\u00e3o julgados pelos crimes de inunda\u00e7\u00e3o, desabamento, les\u00e3o corporal e homic\u00eddio com dolo eventual, que ocorre quando se assume o risco de matar sem se importar com o resultado da conduta.<\/p>\n<p style=\"text-align: justify;\">Por sua vez, o engenheiro da empresa VogBr, Samuel Loures, que assinou documento garantindo a estabilidade da barragem, responde por emiss\u00e3o de laudo enganoso. A Samarco, suas acionistas Vale e BHP Billinton, e a VogBR tamb\u00e9m s\u00e3o julgadas no processo.<\/p>\n<p style=\"text-align: justify;\">Atendendo a pedido do MPF, o juiz Jacques de Queiroz Ferreira tamb\u00e9m determinou o desmembramento da den\u00fancia em rela\u00e7\u00e3o aos cinco r\u00e9us estrangeiros que moram no exterior. A medida visa a n\u00e3o atrasar o julgamento dos residentes no Brasil. \u201cO pedido atinge r\u00e9us que residem em tr\u00eas pa\u00edses distintos \u2013 Austr\u00e1lia, Canad\u00e1 e EUA \u2013 sendo que o primeiro n\u00e3o firmou com o Brasil tratado de aux\u00edlio m\u00fatuo em mat\u00e9ria criminal, o que implica dizer que a coopera\u00e7\u00e3o se dar\u00e1 pela via diplom\u00e1tica, retardando ainda mais a conclus\u00e3o do feito\u201d, registra o despacho.<\/p>\n<p style=\"text-align: justify;\"><em><strong>Acompanhe tamb\u00e9m o SE Not\u00edcias no\u00a0<a href=\"https:\/\/twitter.com\/Senoticias\" target=\"_blank\">Twitter<\/a>,\u00a0<a href=\"https:\/\/www.facebook.com\/senoticias1\" target=\"_blank\">Facebook<\/a>\u00a0e no\u00a0<a href=\"https:\/\/www.instagram.com\/senoticias\/\" target=\"_blank\">Instagram<\/a><\/strong><\/em><\/p>\n<p style=\"text-align: justify;\"><a href=\"http:\/\/senoticias.com.br\/se\/wp-content\/uploads\/2017\/11\/Logo-fone-1-2-1-2-4-6-1-1-1-2.jpg\"><img loading=\"lazy\" decoding=\"async\" class=\"aligncenter size-full wp-image-108117\" src=\"http:\/\/senoticias.com.br\/se\/wp-content\/uploads\/2017\/11\/Logo-fone-1-2-1-2-4-6-1-1-1-2.jpg\" alt=\"Logo-fone-1-2-1-2-4-6-1-1-1-2\" width=\"599\" height=\"78\" srcset=\"https:\/\/senoticias.com.br\/se\/wp-content\/uploads\/2017\/11\/Logo-fone-1-2-1-2-4-6-1-1-1-2.jpg 599w, https:\/\/senoticias.com.br\/se\/wp-content\/uploads\/2017\/11\/Logo-fone-1-2-1-2-4-6-1-1-1-2-300x39.jpg 300w\" sizes=\"(max-width: 599px) 100vw, 599px\" \/><\/a><\/p>\n<p style=\"text-align: justify;\">Por: Ag\u00eancia Brasil<\/p>\n","protected":false},"excerpt":{"rendered":"<p>O juiz federal Jacques de Queiroz Ferreira determinou hoje (13) a retomada da a\u00e7\u00e3o criminal vinculada \u00e0 trag\u00e9dia de Mariana (MG). O processo estava suspenso h\u00e1 mais de quatro meses para verificar alega\u00e7\u00f5es feitas pela defesa de dois dos 22 r\u00e9us. Eles pediam a anula\u00e7\u00e3o da a\u00e7\u00e3o, sob o argumento de que foram usadas provas [&hellip;]<\/p>\n","protected":false},"author":2,"featured_media":108166,"comment_status":"closed","ping_status":"closed","sticky":false,"template":"","format":"standard","meta":{"footnotes":""},"categories":[2961],"tags":[7049,4654,7050,7051],"class_list":{"0":"post-108165","1":"post","2":"type-post","3":"status-publish","4":"format-standard","5":"has-post-thumbnail","7":"category-nacional","8":"tag-acao-criminal","9":"tag-justica-federal","10":"tag-mariana","11":"tag-tragedia-de-mariana"},"_links":{"self":[{"href":"https:\/\/senoticias.com.br\/se\/wp-json\/wp\/v2\/posts\/108165"}],"collection":[{"href":"https:\/\/senoticias.com.br\/se\/wp-json\/wp\/v2\/posts"}],"about":[{"href":"https:\/\/senoticias.com.br\/se\/wp-json\/wp\/v2\/types\/post"}],"author":[{"embeddable":true,"href":"https:\/\/senoticias.com.br\/se\/wp-json\/wp\/v2\/users\/2"}],"replies":[{"embeddable":true,"href":"https:\/\/senoticias.com.br\/se\/wp-json\/wp\/v2\/comments?post=108165"}],"version-history":[{"count":0,"href":"https:\/\/senoticias.com.br\/se\/wp-json\/wp\/v2\/posts\/108165\/revisions"}],"wp:featuredmedia":[{"embeddable":true,"href":"https:\/\/senoticias.com.br\/se\/wp-json\/wp\/v2\/media\/108166"}],"wp:attachment":[{"href":"https:\/\/senoticias.com.br\/se\/wp-json\/wp\/v2\/media?parent=108165"}],"wp:term":[{"taxonomy":"category","embeddable":true,"href":"https:\/\/senoticias.com.br\/se\/wp-json\/wp\/v2\/categories?post=108165"},{"taxonomy":"post_tag","embeddable":true,"href":"https:\/\/senoticias.com.br\/se\/wp-json\/wp\/v2\/tags?post=108165"}],"curies":[{"name":"wp","href":"https:\/\/api.w.org\/{rel}","templated":true}]}}