{"id":108155,"date":"2017-11-13T17:15:53","date_gmt":"2017-11-13T20:15:53","guid":{"rendered":"http:\/\/senoticias.com.br\/se\/?p=108155"},"modified":"2017-11-13T17:15:53","modified_gmt":"2017-11-13T20:15:53","slug":"ssp-registra-50-prisoes-em-flagrante-no-ultimo-final-de-semana","status":"publish","type":"post","link":"https:\/\/senoticias.com.br\/se\/ssp-registra-50-prisoes-em-flagrante-no-ultimo-final-de-semana\/","title":{"rendered":"SSP registra 50 pris\u00f5es em flagrante no \u00faltimo final de semana"},"content":{"rendered":"<p style=\"text-align: justify;\"><span style=\"color: #000000;\">A Secretaria de Estado da Seguran\u00e7a P\u00fablica contabilizou desde a sexta-feira, 10, at\u00e9 esse domingo, 12, 50 pris\u00f5es em flagrante nas delegacias da capital e interior sergipano.\u00a0Dentre as ocorr\u00eancias computadas est\u00e3o crimes como porte ilegal de arma de fogo, roubo, tentativa de homic\u00eddio, homic\u00eddio consumado, furto, les\u00e3o corporal e viol\u00eancia dom\u00e9stica, embriaguez ao volante, tr\u00e1fico de drogas, entre outros. <\/span><\/p>\n<p style=\"text-align: justify;\"><span style=\"color: #000000;\">Foram 40 pris\u00f5es na capital e 10 no interior. Dentre elas, est\u00e1 a pris\u00e3o de sete pessoas e a apreens\u00e3o de um menor, pela For\u00e7a T\u00e1tica do 5\u00aa Batalh\u00e3o de Pol\u00edcia Comunit\u00e1ria no complexo Tai\u00e7oca, em Nossa Senhora do Socorro, na madrugada desta segunda-feira, 13.\u00a0O grupo foi flagrado em posse de tr\u00eas pistolas, drogas, celulares, dinheiro e ve\u00edculos, e \u00e9 suspeito de praticar constantes assaltos na cidade.\u00a0<\/span><\/p>\n<div id=\"attachment_108156\" style=\"width: 609px\" class=\"wp-caption aligncenter\"><a style=\"color: #000000;\" href=\"http:\/\/senoticias.com.br\/se\/wp-content\/uploads\/2017\/11\/prisoes-tai\u00e7oca-SENOTICIAS-e1510603888635.jpg\"><img loading=\"lazy\" decoding=\"async\" aria-describedby=\"caption-attachment-108156\" class=\"size-full wp-image-108156\" src=\"http:\/\/senoticias.com.br\/se\/wp-content\/uploads\/2017\/11\/prisoes-tai\u00e7oca-SENOTICIAS-e1510603888635.jpg\" alt=\"Foto: Infonet\" width=\"599\" height=\"398\" \/><\/a><p id=\"caption-attachment-108156\" class=\"wp-caption-text\"><\/span> <span style=\"color: #000000;\">Foto: Infonet<\/span><\/p><\/div>\n<p style=\"text-align: justify;\">\n<p style=\"text-align: justify;\"><span style=\"color: #000000;\">Outra pris\u00e3o das Pol\u00edcias Civil e Militar que chamou a aten\u00e7\u00e3o foi a de Moacir Hor\u00e1rio Pereira, 48 anos, acusado pelo <a style=\"color: #000000;\" href=\"http:\/\/senoticias.com.br\/se\/em-laranjeiras-policia-prende-homem-que-matou-namorado-da-ex-por-ciume\/\">atentado em um bar na Rodovia Jos\u00e9 Sarney <\/a>ocorrido no final da manh\u00e3 do domingo, 12, que resultou na morte de Manoel Jos\u00e9 de Freitas J\u00fanior e deixou uma mulher, identificada como Itamara Ernestiva Amaral Santos, gravemente ferida.<\/span><\/p>\n<p style=\"text-align: justify;\">\n<p style=\"text-align: justify;\"><a href=\"http:\/\/senoticias.com.br\/se\/wp-content\/uploads\/2017\/11\/Logo-fone-1-2-1-2-4-6-1-1-1-2.jpg\"><img loading=\"lazy\" decoding=\"async\" class=\"aligncenter size-full wp-image-108117\" src=\"http:\/\/senoticias.com.br\/se\/wp-content\/uploads\/2017\/11\/Logo-fone-1-2-1-2-4-6-1-1-1-2.jpg\" alt=\"Logo-fone-1-2-1-2-4-6-1-1-1-2\" width=\"599\" height=\"78\" srcset=\"https:\/\/senoticias.com.br\/se\/wp-content\/uploads\/2017\/11\/Logo-fone-1-2-1-2-4-6-1-1-1-2.jpg 599w, https:\/\/senoticias.com.br\/se\/wp-content\/uploads\/2017\/11\/Logo-fone-1-2-1-2-4-6-1-1-1-2-300x39.jpg 300w\" sizes=\"(max-width: 599px) 100vw, 599px\" \/><\/a><\/p>\n<p style=\"text-align: justify;\"><em><strong>Acompanhe tamb\u00e9m o SE Not\u00edcias no\u00a0<a href=\"https:\/\/twitter.com\/Senoticias\" target=\"_blank\">Twitter<\/a>,\u00a0<a href=\"https:\/\/www.facebook.com\/senoticias1\" target=\"_blank\">Facebook<\/a>\u00a0e no\u00a0<a href=\"https:\/\/www.instagram.com\/senoticias\/\" target=\"_blank\">Instagram<\/a><\/strong><\/em><\/p>\n<p style=\"text-align: justify;\">Por SSP\/SE<\/p>\n","protected":false},"excerpt":{"rendered":"<p>A Secretaria de Estado da Seguran\u00e7a P\u00fablica contabilizou desde a sexta-feira, 10, at\u00e9 esse domingo, 12, 50 pris\u00f5es em flagrante nas delegacias da capital e interior sergipano.\u00a0Dentre as ocorr\u00eancias computadas est\u00e3o crimes como porte ilegal de arma de fogo, roubo, tentativa de homic\u00eddio, homic\u00eddio consumado, furto, les\u00e3o corporal e viol\u00eancia dom\u00e9stica, embriaguez ao volante, tr\u00e1fico [&hellip;]<\/p>\n","protected":false},"author":2,"featured_media":0,"comment_status":"closed","ping_status":"closed","sticky":false,"template":"","format":"standard","meta":{"footnotes":""},"categories":[15,7],"tags":[7041,599,1303,2914,223,3901],"class_list":{"0":"post-108155","1":"post","2":"type-post","3":"status-publish","4":"format-standard","6":"category-destaques","7":"category-policia","8":"tag-finaldesemana","9":"tag-flagrante","10":"tag-policia","11":"tag-prisoes","12":"tag-sergipe","13":"tag-ssp"},"_links":{"self":[{"href":"https:\/\/senoticias.com.br\/se\/wp-json\/wp\/v2\/posts\/108155"}],"collection":[{"href":"https:\/\/senoticias.com.br\/se\/wp-json\/wp\/v2\/posts"}],"about":[{"href":"https:\/\/senoticias.com.br\/se\/wp-json\/wp\/v2\/types\/post"}],"author":[{"embeddable":true,"href":"https:\/\/senoticias.com.br\/se\/wp-json\/wp\/v2\/users\/2"}],"replies":[{"embeddable":true,"href":"https:\/\/senoticias.com.br\/se\/wp-json\/wp\/v2\/comments?post=108155"}],"version-history":[{"count":0,"href":"https:\/\/senoticias.com.br\/se\/wp-json\/wp\/v2\/posts\/108155\/revisions"}],"wp:attachment":[{"href":"https:\/\/senoticias.com.br\/se\/wp-json\/wp\/v2\/media?parent=108155"}],"wp:term":[{"taxonomy":"category","embeddable":true,"href":"https:\/\/senoticias.com.br\/se\/wp-json\/wp\/v2\/categories?post=108155"},{"taxonomy":"post_tag","embeddable":true,"href":"https:\/\/senoticias.com.br\/se\/wp-json\/wp\/v2\/tags?post=108155"}],"curies":[{"name":"wp","href":"https:\/\/api.w.org\/{rel}","templated":true}]}}