{"id":108154,"date":"2017-11-13T17:20:32","date_gmt":"2017-11-13T20:20:32","guid":{"rendered":"http:\/\/senoticias.com.br\/se\/?p=108154"},"modified":"2017-11-13T17:27:20","modified_gmt":"2017-11-13T20:27:20","slug":"homem-e-assassinado-a-golpes-de-arma-branca-em-sao-cristovao","status":"publish","type":"post","link":"https:\/\/senoticias.com.br\/se\/homem-e-assassinado-a-golpes-de-arma-branca-em-sao-cristovao\/","title":{"rendered":"Homem \u00e9 assassinado a golpes de arma branca em S\u00e3o Crist\u00f3v\u00e3o"},"content":{"rendered":"<div id=\"attachment_108157\" style=\"width: 239px\" class=\"wp-caption alignright\"><a href=\"http:\/\/senoticias.com.br\/se\/wp-content\/uploads\/2017\/11\/Homem-morto-com-arma-branca-em-Sao-cristovao-SE-Noticias.jpg\"><img loading=\"lazy\" decoding=\"async\" aria-describedby=\"caption-attachment-108157\" class=\"size-full wp-image-108157\" src=\"http:\/\/senoticias.com.br\/se\/wp-content\/uploads\/2017\/11\/Homem-morto-com-arma-branca-em-Sao-cristovao-SE-Noticias.jpg\" alt=\"Jos\u00e9 Lima dos Santos foi morto a golpes de arma branca \" width=\"229\" height=\"386\" srcset=\"https:\/\/senoticias.com.br\/se\/wp-content\/uploads\/2017\/11\/Homem-morto-com-arma-branca-em-Sao-cristovao-SE-Noticias.jpg 229w, https:\/\/senoticias.com.br\/se\/wp-content\/uploads\/2017\/11\/Homem-morto-com-arma-branca-em-Sao-cristovao-SE-Noticias-178x300.jpg 178w\" sizes=\"(max-width: 229px) 100vw, 229px\" \/><\/a><p id=\"caption-attachment-108157\" class=\"wp-caption-text\">Jos\u00e9 Lima\u00a0 foi morto a golpes de arma branca (foto: arquivo pessoal)<\/p><\/div>\n<p style=\"text-align: justify;\">O Departamento de Homic\u00eddios e Prote\u00e7\u00e3o a Pessoa (DHPP) investiga a motiva\u00e7\u00e3o de mais um crime registrado nesse domingo (12) na cidade de S\u00e3o Crist\u00f3v\u00e3o, na Grande Aracaju. A v\u00edtima, identificada como Jos\u00e9 Lima dos Santos, 27 anos, foi assassinado a golpes de arma branca na rua An\u00edsio de Oliveira, no Loteamento Lauro Rocha, em S\u00e3o Crist\u00f3v\u00e3o.<\/p>\n<p style=\"text-align: justify;\">De acordo com informa\u00e7\u00f5es levantadas pelo <strong>portal SE Not\u00edcias<\/strong>, o crime aconteceu por volta das 23h30, de ontem (12).<\/p>\n<p style=\"text-align: justify;\">Entre o dia 1\u00ba e este domingo (12), sete pessoas <a href=\"http:\/\/senoticias.com.br\/se\/carroceiro-e-executado-com-tres-tiros-na-br-101-em-sao-cristovao-cidade-registra-o-77-assassinato-em-2017\/\"><strong>foram assassinadas<\/strong><\/a> em S\u00e3o Crist\u00f3v\u00e3o. Com o homic\u00eddio de ontem, j\u00e1 s\u00e3o 78 assassinatos em 2017 na cidade.<\/p>\n<p style=\"text-align: justify;\"><a href=\"http:\/\/senoticias.com.br\/se\/wp-content\/uploads\/2017\/11\/Logo-fone-1-2-1-2-4-6-1-1-1-2.jpg\"><img loading=\"lazy\" decoding=\"async\" class=\"aligncenter size-full wp-image-108117\" src=\"http:\/\/senoticias.com.br\/se\/wp-content\/uploads\/2017\/11\/Logo-fone-1-2-1-2-4-6-1-1-1-2.jpg\" alt=\"Logo-fone-1-2-1-2-4-6-1-1-1-2\" width=\"599\" height=\"78\" srcset=\"https:\/\/senoticias.com.br\/se\/wp-content\/uploads\/2017\/11\/Logo-fone-1-2-1-2-4-6-1-1-1-2.jpg 599w, https:\/\/senoticias.com.br\/se\/wp-content\/uploads\/2017\/11\/Logo-fone-1-2-1-2-4-6-1-1-1-2-300x39.jpg 300w\" sizes=\"(max-width: 599px) 100vw, 599px\" \/><\/a><\/p>\n<p style=\"text-align: justify;\"><strong>Acompanhe tamb\u00e9m o SE Not\u00edcias no<\/strong><span class=\"apple-converted-space\"><b>\u00a0<\/b><\/span><a href=\"https:\/\/twitter.com\/Senoticias\" target=\"_blank\"><b>Twitter<\/b><\/a><strong>,<\/strong><span class=\"apple-converted-space\"><b>\u00a0<\/b><\/span><a href=\"https:\/\/www.facebook.com\/senoticias1\" target=\"_blank\"><b>Facebook<\/b><span class=\"apple-converted-space\"><b>\u00a0<\/b><\/span><\/a><strong>e no<\/strong><span class=\"apple-converted-space\"><b>\u00a0<\/b><\/span><a href=\"https:\/\/www.instagram.com\/senoticias\/\" target=\"_blank\"><b>Instagram<\/b><\/a><\/p>\n<p style=\"text-align: justify;\"><em>Reda\u00e7\u00e3o SE Not\u00edcias<\/em><\/p>\n","protected":false},"excerpt":{"rendered":"<p>O Departamento de Homic\u00eddios e Prote\u00e7\u00e3o a Pessoa (DHPP) investiga a motiva\u00e7\u00e3o de mais um crime registrado nesse domingo (12) na cidade de S\u00e3o Crist\u00f3v\u00e3o, na Grande Aracaju. A v\u00edtima, identificada como Jos\u00e9 Lima dos Santos, 27 anos, foi assassinado a golpes de arma branca na rua An\u00edsio de Oliveira, no Loteamento Lauro Rocha, em [&hellip;]<\/p>\n","protected":false},"author":2,"featured_media":108157,"comment_status":"closed","ping_status":"closed","sticky":false,"template":"","format":"standard","meta":{"footnotes":""},"categories":[15,7],"tags":[3662,7042,2621,335,857],"class_list":{"0":"post-108154","1":"post","2":"type-post","3":"status-publish","4":"format-standard","5":"has-post-thumbnail","7":"category-destaques","8":"category-policia","9":"tag-assassinado","10":"tag-departamento-de-homicidios-e-protecao-a-pessoa","11":"tag-dhpp","12":"tag-sao-cristovao","13":"tag-violencia"},"_links":{"self":[{"href":"https:\/\/senoticias.com.br\/se\/wp-json\/wp\/v2\/posts\/108154"}],"collection":[{"href":"https:\/\/senoticias.com.br\/se\/wp-json\/wp\/v2\/posts"}],"about":[{"href":"https:\/\/senoticias.com.br\/se\/wp-json\/wp\/v2\/types\/post"}],"author":[{"embeddable":true,"href":"https:\/\/senoticias.com.br\/se\/wp-json\/wp\/v2\/users\/2"}],"replies":[{"embeddable":true,"href":"https:\/\/senoticias.com.br\/se\/wp-json\/wp\/v2\/comments?post=108154"}],"version-history":[{"count":0,"href":"https:\/\/senoticias.com.br\/se\/wp-json\/wp\/v2\/posts\/108154\/revisions"}],"wp:featuredmedia":[{"embeddable":true,"href":"https:\/\/senoticias.com.br\/se\/wp-json\/wp\/v2\/media\/108157"}],"wp:attachment":[{"href":"https:\/\/senoticias.com.br\/se\/wp-json\/wp\/v2\/media?parent=108154"}],"wp:term":[{"taxonomy":"category","embeddable":true,"href":"https:\/\/senoticias.com.br\/se\/wp-json\/wp\/v2\/categories?post=108154"},{"taxonomy":"post_tag","embeddable":true,"href":"https:\/\/senoticias.com.br\/se\/wp-json\/wp\/v2\/tags?post=108154"}],"curies":[{"name":"wp","href":"https:\/\/api.w.org\/{rel}","templated":true}]}}