{"id":108106,"date":"2017-11-11T06:46:20","date_gmt":"2017-11-11T09:46:20","guid":{"rendered":"http:\/\/senoticias.com.br\/se\/?p=108106"},"modified":"2017-11-11T06:46:54","modified_gmt":"2017-11-11T09:46:54","slug":"ivete-sangalo-faz-bazar-para-vender-roupas","status":"publish","type":"post","link":"https:\/\/senoticias.com.br\/se\/ivete-sangalo-faz-bazar-para-vender-roupas\/","title":{"rendered":"Ivete Sangalo faz bazar para vender roupas"},"content":{"rendered":"<p>&nbsp;<\/p>\n<p style=\"text-align: justify;\">A cantora Ivete Sangalo ainda n\u00e3o conseguiu parar para descansar nem gr\u00e1vida. A morena segue trabalhando em ritmo acelerado tanto na televis\u00e3o, quando na realiza\u00e7\u00e3o dos seus shows. Atualmente ela pode ser vista na nova temporada do reality musical The Voice Brasil.<\/p>\n<div id=\"attachment_108107\" style=\"width: 609px\" class=\"wp-caption aligncenter\"><a href=\"http:\/\/senoticias.com.br\/se\/wp-content\/uploads\/2017\/11\/ivete-sngalo-senoticias.jpg\"><img loading=\"lazy\" decoding=\"async\" aria-describedby=\"caption-attachment-108107\" class=\"size-full wp-image-108107\" src=\"http:\/\/senoticias.com.br\/se\/wp-content\/uploads\/2017\/11\/ivete-sngalo-senoticias-e1510393392834.jpg\" alt=\"A cantora Ivete Sangalo no lan\u00e7amento do The Voice Brasil 6. (Foto: Globo\/F\u00e1bio Rocha)\" width=\"599\" height=\"400\" \/><\/a><p id=\"caption-attachment-108107\" class=\"wp-caption-text\">A cantora Ivete Sangalo no lan\u00e7amento do The Voice Brasil 6. (Foto: Globo\/F\u00e1bio Rocha)<\/p><\/div>\n<p style=\"text-align: justify;\">De acordo com informa\u00e7\u00f5es da jornalista Fab\u00edola Reipert, Ivete vai desapegar. A m\u00e3e de Marcelinho vai promover um bazar para vender roupas que lhe n\u00e3o servem mais e que n\u00e3o quer mais nem ver no seu guarda-roupas. Est\u00e1 desapegando.<\/p>\n<p style=\"text-align: justify;\">Ivete vai se desfazer de boa parte das roupas que tamb\u00e9m usou em shows. O bazar ficar\u00e1 localizado em Salvador com mais de quinhentas pe\u00e7as, entre sapatos, bolsas e vestidos. Ela tem um galp\u00e3o na capital da Bahia justamente para guardar o seu figurino. O dinheiro recebido ser\u00e1 doado para institui\u00e7\u00f5es de caridade.<\/p>\n<p><strong>IVETE SANGALO J\u00c1 TEM DATA PARA RETORNAR AO TRABALHO AP\u00d3S GRAVIDEZ:<\/strong><\/p>\n<p style=\"text-align: justify;\">A cantora Ivete Sangalo est\u00e1 trabalhando demais, mesmo estando gr\u00e1vida. No ar com a atual temporada do reality show musical The Voice Brasil, Ivete est\u00e1 \u00e0 espera de g\u00eameos, mas mesmo assim n\u00e3o parou de trabalhar nenhum minuto.<\/p>\n<p style=\"text-align: justify;\">De acordo com informa\u00e7\u00f5es do jornalista Leo Dias, a import\u00e2ncia da cantora baiana \u00e9 t\u00e3o grande no cen\u00e1rio musical que ela j\u00e1 tem compromissos marcados para depois do nascimento das filhas, que far\u00e3o companhia para o primog\u00eanito Marcelo.<\/p>\n<p style=\"text-align: justify;\">Entre os dias 18 e 20 de maio, ap\u00f3s dar \u00e0 luz, ela estar\u00e1 presente no San Island Weekend, que acontecer\u00e1 no Morro de S\u00e3o Paulo, na Bahia. A rainha de Salvador tamb\u00e9m acabou de lan\u00e7ar um novo hit, \u2018Cheguei pra Te Amar\u2019, ao lado de Mc Livinho.<\/p>\n<p style=\"text-align: justify;\"><a href=\"http:\/\/senoticias.com.br\/se\/wp-content\/uploads\/2017\/10\/Logo-fone-1-2-1-2-4-6-1-1-1-2-2.jpg\"><img loading=\"lazy\" decoding=\"async\" class=\"aligncenter size-full wp-image-107844\" src=\"http:\/\/senoticias.com.br\/se\/wp-content\/uploads\/2017\/10\/Logo-fone-1-2-1-2-4-6-1-1-1-2-2.jpg\" alt=\"Logo-fone-1-2-1-2-4-6-1-1-1-2\" width=\"599\" height=\"78\" srcset=\"https:\/\/senoticias.com.br\/se\/wp-content\/uploads\/2017\/10\/Logo-fone-1-2-1-2-4-6-1-1-1-2-2.jpg 599w, https:\/\/senoticias.com.br\/se\/wp-content\/uploads\/2017\/10\/Logo-fone-1-2-1-2-4-6-1-1-1-2-2-300x39.jpg 300w\" sizes=\"(max-width: 599px) 100vw, 599px\" \/><\/a><\/p>\n<p style=\"text-align: justify;\"><em><strong>Acompanhe tamb\u00e9m o SE Not\u00edcias no\u00a0<a href=\"https:\/\/twitter.com\/Senoticias\" target=\"_blank\">Twitter<\/a>,\u00a0<a href=\"https:\/\/www.facebook.com\/senoticias1\" target=\"_blank\">Facebook<\/a>\u00a0e no\u00a0<a href=\"https:\/\/www.instagram.com\/senoticias\/\" target=\"_blank\">Instagram<\/a><\/strong><\/em><\/p>\n<p style=\"text-align: justify;\"><em>Rog\u00e9rio Frandoloso, da OTVFOCO<\/em><\/p>\n","protected":false},"excerpt":{"rendered":"<p>&nbsp; A cantora Ivete Sangalo ainda n\u00e3o conseguiu parar para descansar nem gr\u00e1vida. A morena segue trabalhando em ritmo acelerado tanto na televis\u00e3o, quando na realiza\u00e7\u00e3o dos seus shows. Atualmente ela pode ser vista na nova temporada do reality musical The Voice Brasil. De acordo com informa\u00e7\u00f5es da jornalista Fab\u00edola Reipert, Ivete vai desapegar. A [&hellip;]<\/p>\n","protected":false},"author":2,"featured_media":108107,"comment_status":"closed","ping_status":"closed","sticky":false,"template":"","format":"standard","meta":{"footnotes":""},"categories":[15,8],"tags":[703,6311,6514,7010],"class_list":{"0":"post-108106","1":"post","2":"type-post","3":"status-publish","4":"format-standard","5":"has-post-thumbnail","7":"category-destaques","8":"category-esporte-e-cultura","9":"tag-gravidez","10":"tag-ivete-sangalo","11":"tag-roupas","12":"tag-vender-roupas"},"_links":{"self":[{"href":"https:\/\/senoticias.com.br\/se\/wp-json\/wp\/v2\/posts\/108106"}],"collection":[{"href":"https:\/\/senoticias.com.br\/se\/wp-json\/wp\/v2\/posts"}],"about":[{"href":"https:\/\/senoticias.com.br\/se\/wp-json\/wp\/v2\/types\/post"}],"author":[{"embeddable":true,"href":"https:\/\/senoticias.com.br\/se\/wp-json\/wp\/v2\/users\/2"}],"replies":[{"embeddable":true,"href":"https:\/\/senoticias.com.br\/se\/wp-json\/wp\/v2\/comments?post=108106"}],"version-history":[{"count":0,"href":"https:\/\/senoticias.com.br\/se\/wp-json\/wp\/v2\/posts\/108106\/revisions"}],"wp:featuredmedia":[{"embeddable":true,"href":"https:\/\/senoticias.com.br\/se\/wp-json\/wp\/v2\/media\/108107"}],"wp:attachment":[{"href":"https:\/\/senoticias.com.br\/se\/wp-json\/wp\/v2\/media?parent=108106"}],"wp:term":[{"taxonomy":"category","embeddable":true,"href":"https:\/\/senoticias.com.br\/se\/wp-json\/wp\/v2\/categories?post=108106"},{"taxonomy":"post_tag","embeddable":true,"href":"https:\/\/senoticias.com.br\/se\/wp-json\/wp\/v2\/tags?post=108106"}],"curies":[{"name":"wp","href":"https:\/\/api.w.org\/{rel}","templated":true}]}}