{"id":108103,"date":"2017-11-10T20:03:09","date_gmt":"2017-11-10T23:03:09","guid":{"rendered":"http:\/\/senoticias.com.br\/se\/?p=108103"},"modified":"2017-11-10T20:11:18","modified_gmt":"2017-11-10T23:11:18","slug":"em-nota-superintendente-do-ibama-fala-sobre-auto-de-infracao","status":"publish","type":"post","link":"https:\/\/senoticias.com.br\/se\/em-nota-superintendente-do-ibama-fala-sobre-auto-de-infracao\/","title":{"rendered":"Em nota, superintendente do Ibama esclarece auto de infra\u00e7\u00e3o"},"content":{"rendered":"<p style=\"text-align: justify;\">Em virtude de uma not\u00edcia que veicula na imprensa sobre uma autua\u00e7\u00e3o que um funcion\u00e1rio do Ibama fez a este superintendente, tenho a esclarecer os seguintes fatos.<\/p>\n<div id=\"attachment_106286\" style=\"width: 609px\" class=\"wp-caption aligncenter\"><a href=\"http:\/\/senoticias.com.br\/se\/wp-content\/uploads\/2017\/08\/Carlos-Tadeu-senoticias-e1504201827176.jpg\"><img loading=\"lazy\" decoding=\"async\" aria-describedby=\"caption-attachment-106286\" class=\"size-full wp-image-106286\" src=\"http:\/\/senoticias.com.br\/se\/wp-content\/uploads\/2017\/08\/Carlos-Tadeu-senoticias-e1504201827176.jpg\" alt=\"Autu\u00e7\u00e3o \u00e9 por conta de uma rea\u00e7\u00e3o \u00e0 pol\u00edtica de organiza\u00e7\u00e3o que implementou no Ibama desde que assumiu, Carlos Tadeu  (foto: Daniele Pereira)\" width=\"599\" height=\"456\" \/><\/a><p id=\"caption-attachment-106286\" class=\"wp-caption-text\">Autua\u00e7\u00e3o \u00e9 por conta de uma rea\u00e7\u00e3o \u00e0 pol\u00edtica de organiza\u00e7\u00e3o que implementou no Ibama desde que assumiu, diz Carlos Tadeu (foto: Daniele Pereira)<\/p><\/div>\n<p style=\"text-align: justify;\">Quero reafirmar que as medidas adotadas por mim, como respons\u00e1vel pelo Ibama em Sergipe, e que geraram a autua\u00e7\u00e3o, est\u00e3o todas embasadas administrativa e legalmente. Trata-se, apenas, de uma rea\u00e7\u00e3o \u00e0 pol\u00edtica de organiza\u00e7\u00e3o que implementei no Instituto desde que assumimos, buscando um melhor acompanhamento dos servi\u00e7os externos executados.<\/p>\n<p style=\"text-align: justify;\">Antes das medidas, a Superintend\u00eancia n\u00e3o tinha nenhuma informa\u00e7\u00e3o sobre as opera\u00e7\u00f5es realizadas pelo Ibama. Os ve\u00edculos, por exemplo, eram liberados diretamente apenas pelo Diretor T\u00e9cnico (DITEC), sem acompanhamento espec\u00edfico do superintendente.<\/p>\n<p style=\"text-align: justify;\">Assim, para melhor organizar e dar seguran\u00e7a a essas opera\u00e7\u00f5es, a Superintend\u00eancia publicou um Memorando determinando que todas as opera\u00e7\u00f5es que necessitassem de ve\u00edculos, fossem comunicadas com 24h de anteced\u00eancia, para que a Superintend\u00eancia pudesse analisar e liberar. Apesar do documento, foram registradas desobedi\u00eancias \u00e0s novas medidas, exigindo que o Memorando fosse reiterado.<\/p>\n<p style=\"text-align: justify;\">Neste caso espec\u00edfico, recebi da Diretoria T\u00e9cnica do Ibama, no dia 3 de novembro, um Memorando solicitando que a Superintend\u00eancia pedisse o apoio da Pol\u00edcia Rodovi\u00e1ria Federal para que liberasse tr\u00eas policiais em uma opera\u00e7\u00e3o a ser realizada nos dias 9 e 10 de novembro. No mesmo dia, encaminhei o Of\u00edcio \u00e0 PRF. No entanto, at\u00e9 o dia 8 de novembro, o Ibama n\u00e3o havia recebido a confirma\u00e7\u00e3o da Pol\u00edcia Rodovi\u00e1ria Federal, tornando a opera\u00e7\u00e3o invi\u00e1vel.<\/p>\n<p style=\"text-align: justify;\">No entanto, neste mesmo dia, \u00e0s 22h42, o diretor t\u00e9cnico solicitou a libera\u00e7\u00e3o do ve\u00edculo para \u00e0s 7h do dia seguinte para fazer a opera\u00e7\u00e3o. Por n\u00e3o haver seguran\u00e7a necess\u00e1ria aos agentes em virtude da falta de prote\u00e7\u00e3o dos policiais rodovi\u00e1rios, como foi solicitado pelo \u00f3rg\u00e3o, determinei que os ve\u00edculos n\u00e3o sa\u00edssem. Agindo de forma descontrolada e mostrando-se chateado por ter que cumprir uma ordem superior, o fiscal se dirigiu ao meu gabinete para fazer a \u2018autua\u00e7\u00e3o de obstru\u00e7\u00e3o \u00e0 fiscaliza\u00e7\u00e3o\u2019. Como superintendente e respons\u00e1vel pela integridade dos funcion\u00e1rios, n\u00e3o poderia agir de outra forma, uma vez que se ocorresse algum incidente ou algo mais grave com a equipe, a responsabilidade seria toda minha como superintendente do Ibama, por permitir a sa\u00edda de servidores sem a devida prote\u00e7\u00e3o.<\/p>\n<p style=\"text-align: justify;\">Todos os procedimentos adotados pela Superintend\u00eancia do Ibama em rela\u00e7\u00e3o a este fato isolado est\u00e3o documentados, com c\u00f3pias encaminhadas \u00e0 Presid\u00eancia nacional em Bras\u00edlia. Estou consciente de que, desde o in\u00edcio, agi no sentido de otimizar as a\u00e7\u00f5es do \u00f3rg\u00e3o, buscando uma maior efici\u00eancia das a\u00e7\u00f5es e seguran\u00e7a aos agentes de fiscaliza\u00e7\u00e3o.<\/p>\n<p style=\"text-align: justify;\">Estamos \u00e0 disposi\u00e7\u00e3o dos \u00f3rg\u00e3os de controle e conscientes das nossas a\u00e7\u00f5es, uma vez que agimos de forma legal e dentro dos princ\u00edpios que regem \u00e0 Administra\u00e7\u00e3o P\u00fablica.<\/p>\n<p>&nbsp;<\/p>\n<p style=\"text-align: justify;\"><em>Carlos Tadeu da Silva Rosa<\/em><br \/>\n<em>Superintendente do Ibama em Sergipe<\/em><\/p>\n<p style=\"text-align: justify;\">\n<p style=\"text-align: justify;\">\n<p style=\"text-align: justify;\"><a href=\"http:\/\/senoticias.com.br\/se\/wp-content\/uploads\/2017\/10\/Logo-fone-1-2-1-2-4-6-1-1-1-2-2.jpg\"><img loading=\"lazy\" decoding=\"async\" class=\"aligncenter size-full wp-image-107844\" src=\"http:\/\/senoticias.com.br\/se\/wp-content\/uploads\/2017\/10\/Logo-fone-1-2-1-2-4-6-1-1-1-2-2.jpg\" alt=\"Logo-fone-1-2-1-2-4-6-1-1-1-2\" width=\"599\" height=\"78\" srcset=\"https:\/\/senoticias.com.br\/se\/wp-content\/uploads\/2017\/10\/Logo-fone-1-2-1-2-4-6-1-1-1-2-2.jpg 599w, https:\/\/senoticias.com.br\/se\/wp-content\/uploads\/2017\/10\/Logo-fone-1-2-1-2-4-6-1-1-1-2-2-300x39.jpg 300w\" sizes=\"(max-width: 599px) 100vw, 599px\" \/><\/a><\/p>\n<p style=\"text-align: justify;\">\n<p style=\"text-align: justify;\"><em><strong>Acompanhe tamb\u00e9m o SE Not\u00edcias no\u00a0<a href=\"https:\/\/twitter.com\/Senoticias\" target=\"_blank\">Twitter<\/a>,\u00a0<a href=\"https:\/\/www.facebook.com\/senoticias1\" target=\"_blank\">Facebook<\/a>\u00a0e no\u00a0<a href=\"https:\/\/www.instagram.com\/senoticias\/\" target=\"_blank\">Instagram<\/a><\/strong><\/em><\/p>\n","protected":false},"excerpt":{"rendered":"<p>Em virtude de uma not\u00edcia que veicula na imprensa sobre uma autua\u00e7\u00e3o que um funcion\u00e1rio do Ibama fez a este superintendente, tenho a esclarecer os seguintes fatos. Quero reafirmar que as medidas adotadas por mim, como respons\u00e1vel pelo Ibama em Sergipe, e que geraram a autua\u00e7\u00e3o, est\u00e3o todas embasadas administrativa e legalmente. Trata-se, apenas, de [&hellip;]<\/p>\n","protected":false},"author":2,"featured_media":106286,"comment_status":"closed","ping_status":"closed","sticky":false,"template":"","format":"standard","meta":{"footnotes":""},"categories":[6],"tags":[7007,1536,5584],"class_list":{"0":"post-108103","1":"post","2":"type-post","3":"status-publish","4":"format-standard","5":"has-post-thumbnail","7":"category-politica","8":"tag-auto-de-infracao","9":"tag-ibama","10":"tag-superintendente"},"_links":{"self":[{"href":"https:\/\/senoticias.com.br\/se\/wp-json\/wp\/v2\/posts\/108103"}],"collection":[{"href":"https:\/\/senoticias.com.br\/se\/wp-json\/wp\/v2\/posts"}],"about":[{"href":"https:\/\/senoticias.com.br\/se\/wp-json\/wp\/v2\/types\/post"}],"author":[{"embeddable":true,"href":"https:\/\/senoticias.com.br\/se\/wp-json\/wp\/v2\/users\/2"}],"replies":[{"embeddable":true,"href":"https:\/\/senoticias.com.br\/se\/wp-json\/wp\/v2\/comments?post=108103"}],"version-history":[{"count":0,"href":"https:\/\/senoticias.com.br\/se\/wp-json\/wp\/v2\/posts\/108103\/revisions"}],"wp:featuredmedia":[{"embeddable":true,"href":"https:\/\/senoticias.com.br\/se\/wp-json\/wp\/v2\/media\/106286"}],"wp:attachment":[{"href":"https:\/\/senoticias.com.br\/se\/wp-json\/wp\/v2\/media?parent=108103"}],"wp:term":[{"taxonomy":"category","embeddable":true,"href":"https:\/\/senoticias.com.br\/se\/wp-json\/wp\/v2\/categories?post=108103"},{"taxonomy":"post_tag","embeddable":true,"href":"https:\/\/senoticias.com.br\/se\/wp-json\/wp\/v2\/tags?post=108103"}],"curies":[{"name":"wp","href":"https:\/\/api.w.org\/{rel}","templated":true}]}}