{"id":108084,"date":"2017-11-10T14:55:04","date_gmt":"2017-11-10T17:55:04","guid":{"rendered":"http:\/\/senoticias.com.br\/se\/?p=108084"},"modified":"2017-11-10T16:42:00","modified_gmt":"2017-11-10T19:42:00","slug":"edvaldo-entrega-600-tablets-ao-agentes-de-saude","status":"publish","type":"post","link":"https:\/\/senoticias.com.br\/se\/edvaldo-entrega-600-tablets-ao-agentes-de-saude\/","title":{"rendered":"Prefeito de Aracaju entrega 600 tablets aos agentes de Sa\u00fade"},"content":{"rendered":"<p style=\"text-align: justify;\"><span style=\"color: #000000;\">Na manh\u00e3 desta sexta-feira, 10, o prefeito Edvaldo Nogueira realizou a entrega de 600 tablets aos agentes comunit\u00e1rios de Sa\u00fade, em solenidade que lotou o audit\u00f3rio do Centro Administrativo do munic\u00edpio. Os aparelhos dar\u00e3o mais agilidade ao servi\u00e7o do agente, al\u00e9m de fornecer ao sistema de sa\u00fade um diagn\u00f3stico mais completo da realidade dos usu\u00e1rios.<\/span><\/p>\n<p style=\"text-align: justify;\"><span style=\"color: #000000;\">&#8220;Este \u00e9 um momento muito importante, pois falei, durante a minha campanha, que iria trabalhar para tornar Aracaju uma cidade mais humana, mais inteligente e criativa. E \u00e9 isto que come\u00e7amos a fazer hoje. Estes tablets v\u00e3o, primeiro, facilitar o trabalho dos agentes de sa\u00fade, porque ao inv\u00e9s de andarem com papel anotando, eles ter\u00e3o um equipamento onde far\u00e3o o cadastro de informa\u00e7\u00f5es automaticamente e de uma s\u00f3 vez. Segundo, o pr\u00f3prio tablet possui um georreferenciamento que identifica as ruas e as casas das pessoas visitadas. Isto ser\u00e1, mais a frente, incorporado a um sistema que nos dar\u00e1 um quadro da situa\u00e7\u00e3o de cada localidade, das doen\u00e7as mais recorrentes em cada regi\u00e3o. E em terceiro \u00e9 esta ideia da tecnologia servindo para melhorar o atendimento ao cidad\u00e3o&#8221;, afirmou o prefeito.<\/span><\/p>\n<div id=\"attachment_108085\" style=\"width: 609px\" class=\"wp-caption aligncenter\"><a href=\"http:\/\/senoticias.com.br\/se\/wp-content\/uploads\/2017\/11\/entrega_de_tablets_aos_agentes_comunitarios_de_saude_de_aracaju.fotos_sergio_silva_151_copia-e1510336445202.jpg\"><img loading=\"lazy\" decoding=\"async\" aria-describedby=\"caption-attachment-108085\" class=\"size-full wp-image-108085\" src=\"http:\/\/senoticias.com.br\/se\/wp-content\/uploads\/2017\/11\/entrega_de_tablets_aos_agentes_comunitarios_de_saude_de_aracaju.fotos_sergio_silva_151_copia-e1510336445202.jpg\" alt=\"Fotos: Sergio Silva\" width=\"599\" height=\"400\" \/><\/a><p id=\"caption-attachment-108085\" class=\"wp-caption-text\">Fotos: Sergio Silva<\/p><\/div>\n<p style=\"text-align: justify;\"><span style=\"color: #000000;\">Num discurso focado na import\u00e2ncia do trabalho dos servidores, Edvaldo destacou que apesar das dificuldades herdadas, sobretudo a d\u00edvida de R$ 540 milh\u00f5es deixada pela gest\u00e3o anterior, ele tem trabalhado para organizar a prefeitura, valorizar o funcionalismo p\u00fablico e priorizar a melhoria dos servi\u00e7os disponibilizados \u00e0 sociedade aracajuana. &#8220;Herdamos dois sal\u00e1rios atrasados, que paguei logo no in\u00edcio do ano. Al\u00e9m disso, j\u00e1 pagamos os dez sal\u00e1rios dos meses trabalhados este ano. At\u00e9 dezembro, teremos honrado o pagamento de 15 folhas salariais. Isto \u00e9 a maior prova do nosso esfor\u00e7o e do nosso compromisso com os servidores. Temos feito ainda cursos, promo\u00e7\u00f5es e adotado iniciativas, como o uso destes tablets, que facilitam e melhoram as condi\u00e7\u00f5es de trabalho dos nossos funcion\u00e1rios&#8221;, disse.<\/span><\/p>\n<p style=\"text-align: justify;\"><span style=\"color: #000000;\">O prefeito lembrou que o Or\u00e7amento anual da Sa\u00fade de Aracaju \u00e9 de R$ 550 milh\u00f5es, sendo que a gest\u00e3o tem feito um aporte anual de R$ 60 milh\u00f5es para lidar com d\u00e9ficit da pasta. &#8220;Esta situa\u00e7\u00e3o nos for\u00e7a a buscar as raz\u00f5es para as dificuldades que ainda temos no atendimento ao cidad\u00e3o. Temos que trabalhar para equacionar os recursos dispon\u00edveis e a melhora do servi\u00e7o oferecido ao usu\u00e1rio da rede p\u00fablica. Para tanto, precisamos nos unir e, cada um, dar a sua contribui\u00e7\u00e3o para que o cidad\u00e3o seja bem acolhido&#8221;, ressaltou.<\/span><\/p>\n<p style=\"text-align: justify;\"><span style=\"color: #000000;\"><strong>e-SUS Aten\u00e7\u00e3o B\u00e1sica<\/strong><\/span><\/p>\n<p style=\"text-align: justify;\"><span style=\"color: #000000;\">A Prefeitura de Aracaju, por meio da Secretaria da Sa\u00fade, distribuir\u00e1 600 tabletes para 116 Equipes de Sa\u00fade da Fam\u00edlia e Sa\u00fade Bucal, uma a\u00e7\u00e3o que ir\u00e1 beneficiar diretamente cerca de 500 mil aracajuanos. A iniciativa j\u00e1 est\u00e1 de acordo com as a\u00e7\u00f5es de implanta\u00e7\u00e3o do Prontu\u00e1rio Eletr\u00f4nico do Paciente, um dos projetos priorit\u00e1rios da gest\u00e3o do prefeito Edvaldo Nogueira para a Sa\u00fade do munic\u00edpio.<\/span><\/p>\n<p style=\"text-align: justify;\"><span style=\"color: #000000;\">Cada aparelho ter\u00e1 instalado o aplicativo de uso nacional e-SUS Aten\u00e7\u00e3o B\u00e1sica, respons\u00e1vel por armazenar todas as informa\u00e7\u00f5es colhidas pelos agentes, que antes eram realizadas apenas atrav\u00e9s de fichas de papel. Para a cria\u00e7\u00e3o deste aplicativo, foram considerados aspectos relacionados ao conforto, \u00e0 seguran\u00e7a e \u00e0 usabilidade da ferramenta dentro da realidade do processo de trabalho desses agentes.<\/span><\/p>\n<p style=\"text-align: justify;\"><span style=\"color: #000000;\">Esse novo recurso, al\u00e9m de agilizar o trabalho dos pr\u00f3prios profissionais, vai atualizar mais rapidamente os dados de cada usu\u00e1rio do Sistema \u00danico de Sa\u00fade de Aracaju, possibilitando que a gest\u00e3o municipal identifique e resolva de maneira mais eficaz, os principais problemas enfrentados pela popula\u00e7\u00e3o.<\/span><\/p>\n<p style=\"text-align: justify;\"><span style=\"color: #000000;\">O e-SUS Aten\u00e7\u00e3o B\u00e1sica \u00e9 uma estrat\u00e9gia do Departamento de Aten\u00e7\u00e3o B\u00e1sica para reestruturar as informa\u00e7\u00f5es da Aten\u00e7\u00e3o B\u00e1sica em n\u00edvel nacional. Esta a\u00e7\u00e3o est\u00e1 alinhada com a proposta mais geral de reestrutura\u00e7\u00e3o dos Sistemas de Informa\u00e7\u00e3o em Sa\u00fade do Minist\u00e9rio da Sa\u00fade, entendendo que a qualifica\u00e7\u00e3o da gest\u00e3o da informa\u00e7\u00e3o \u00e9 fundamental para ampliar a qualidade no atendimento \u00e0 popula\u00e7\u00e3o.<\/span><\/p>\n<p style=\"text-align: justify;\"><span style=\"color: #000000;\">Prestigiaram a solenidade os vereadores Dr. Gonzaga, F\u00e1bio Meireles e Antonio Bittencourt, a vice-prefeita Eliane Aquino e os secret\u00e1rios municipais.<\/span><\/p>\n<p style=\"text-align: justify;\"><a href=\"http:\/\/senoticias.com.br\/se\/wp-content\/uploads\/2017\/10\/Logo-fone-1-2-1-2-4-6-1-1-1-2-2.jpg\"><img loading=\"lazy\" decoding=\"async\" class=\"aligncenter size-full wp-image-107844\" src=\"http:\/\/senoticias.com.br\/se\/wp-content\/uploads\/2017\/10\/Logo-fone-1-2-1-2-4-6-1-1-1-2-2.jpg\" alt=\"Logo-fone-1-2-1-2-4-6-1-1-1-2\" width=\"599\" height=\"78\" srcset=\"https:\/\/senoticias.com.br\/se\/wp-content\/uploads\/2017\/10\/Logo-fone-1-2-1-2-4-6-1-1-1-2-2.jpg 599w, https:\/\/senoticias.com.br\/se\/wp-content\/uploads\/2017\/10\/Logo-fone-1-2-1-2-4-6-1-1-1-2-2-300x39.jpg 300w\" sizes=\"(max-width: 599px) 100vw, 599px\" \/><\/a><\/p>\n<p style=\"text-align: justify;\"><em><strong>Acompanhe tamb\u00e9m o SE Not\u00edcias no\u00a0<a href=\"https:\/\/twitter.com\/Senoticias\" target=\"_blank\">Twitter<\/a>,\u00a0<a href=\"https:\/\/www.facebook.com\/senoticias1\" target=\"_blank\">Facebook<\/a>\u00a0e no\u00a0<a href=\"https:\/\/www.instagram.com\/senoticias\/\" target=\"_blank\">Instagram<\/a><\/strong><\/em><\/p>\n<p style=\"text-align: justify;\"><em>Por Ag\u00eancia Aracaju de Not\u00edcias<\/em><\/p>\n","protected":false},"excerpt":{"rendered":"<p>Na manh\u00e3 desta sexta-feira, 10, o prefeito Edvaldo Nogueira realizou a entrega de 600 tablets aos agentes comunit\u00e1rios de Sa\u00fade, em solenidade que lotou o audit\u00f3rio do Centro Administrativo do munic\u00edpio. Os aparelhos dar\u00e3o mais agilidade ao servi\u00e7o do agente, al\u00e9m de fornecer ao sistema de sa\u00fade um diagn\u00f3stico mais completo da realidade dos usu\u00e1rios. [&hellip;]<\/p>\n","protected":false},"author":2,"featured_media":0,"comment_status":"closed","ping_status":"closed","sticky":false,"template":"","format":"standard","meta":{"footnotes":""},"categories":[6],"tags":[339,1436,1304,5251],"class_list":{"0":"post-108084","1":"post","2":"type-post","3":"status-publish","4":"format-standard","6":"category-politica","7":"tag-aracaju","8":"tag-edvaldo","9":"tag-saude","10":"tag-tablets"},"_links":{"self":[{"href":"https:\/\/senoticias.com.br\/se\/wp-json\/wp\/v2\/posts\/108084"}],"collection":[{"href":"https:\/\/senoticias.com.br\/se\/wp-json\/wp\/v2\/posts"}],"about":[{"href":"https:\/\/senoticias.com.br\/se\/wp-json\/wp\/v2\/types\/post"}],"author":[{"embeddable":true,"href":"https:\/\/senoticias.com.br\/se\/wp-json\/wp\/v2\/users\/2"}],"replies":[{"embeddable":true,"href":"https:\/\/senoticias.com.br\/se\/wp-json\/wp\/v2\/comments?post=108084"}],"version-history":[{"count":0,"href":"https:\/\/senoticias.com.br\/se\/wp-json\/wp\/v2\/posts\/108084\/revisions"}],"wp:attachment":[{"href":"https:\/\/senoticias.com.br\/se\/wp-json\/wp\/v2\/media?parent=108084"}],"wp:term":[{"taxonomy":"category","embeddable":true,"href":"https:\/\/senoticias.com.br\/se\/wp-json\/wp\/v2\/categories?post=108084"},{"taxonomy":"post_tag","embeddable":true,"href":"https:\/\/senoticias.com.br\/se\/wp-json\/wp\/v2\/tags?post=108084"}],"curies":[{"name":"wp","href":"https:\/\/api.w.org\/{rel}","templated":true}]}}