{"id":108073,"date":"2017-11-10T07:14:22","date_gmt":"2017-11-10T10:14:22","guid":{"rendered":"http:\/\/senoticias.com.br\/se\/?p=108073"},"modified":"2017-11-10T15:01:02","modified_gmt":"2017-11-10T18:01:02","slug":"servidores-receberao-segunda-parcela-do-13-na-integra-e-sem-prejuizos","status":"publish","type":"post","link":"https:\/\/senoticias.com.br\/se\/servidores-receberao-segunda-parcela-do-13-na-integra-e-sem-prejuizos\/","title":{"rendered":"Servidores do Estado receber\u00e3o segunda parcela do 13\u00b0 na \u00edntegra"},"content":{"rendered":"<p style=\"text-align: justify;\">Na quarta, dia 08, foi aprovado na Assembleia Legislativa o Projeto de Lei que concede para o servidor p\u00fablico estadual um abono especial no valor de 12,42% da gratifica\u00e7\u00e3o natalina. \u00a0Esse valor ser\u00e1 somado \u00e0 segunda parcela do 13\u00b0 a que o servidor tem direito. A primeira parcela foi paga no anivers\u00e1rio de cada servidor.<\/p>\n<div id=\"attachment_108074\" style=\"width: 609px\" class=\"wp-caption aligncenter\"><a href=\"http:\/\/senoticias.com.br\/se\/wp-content\/uploads\/2017\/11\/13-SALARIO-SENOTICIAS-e1510308763197.jpg\"><img loading=\"lazy\" decoding=\"async\" aria-describedby=\"caption-attachment-108074\" class=\"size-full wp-image-108074\" src=\"http:\/\/senoticias.com.br\/se\/wp-content\/uploads\/2017\/11\/13-SALARIO-SENOTICIAS-e1510308763197.jpg\" alt=\"Com o abono, o servidor poder\u00e1 antecipar integralmente o 13\u00b0 sal\u00e1rio sem preju\u00edzo.\" width=\"599\" height=\"473\" \/><\/a><p id=\"caption-attachment-108074\" class=\"wp-caption-text\">Com o abono, o servidor poder\u00e1 antecipar integralmente o 13\u00b0 sal\u00e1rio sem preju\u00edzo (foto: redes sociais)<\/p><\/div>\n<p style=\"text-align: justify;\">Com o abono, o servidor poder\u00e1 antecipar integralmente o 13\u00b0 sal\u00e1rio sem preju\u00edzo. O abono ser\u00e1 destinado para compensar os encargos financeiros da opera\u00e7\u00e3o de cr\u00e9dito. Quem preferir n\u00e3o antecipar receber\u00e1 o valor parcelado, em seis vezes, a partir da remunera\u00e7\u00e3o de janeiro, juntamente com o abono e o sal\u00e1rio mensal.<\/p>\n<p style=\"text-align: justify;\">A medida abrange servidores p\u00fablicos, ativos e inativos, civis ou militares, empregados p\u00fablicos da administra\u00e7\u00e3o p\u00fablica estadual, pensionistas pagos pelo Tesouro do Estado ou pelo Sergipeprevid\u00eancia e cargos em comiss\u00e3o.<\/p>\n<p style=\"text-align: justify;\">O servidor n\u00e3o pagar\u00e1 os encargos a partir do seu sal\u00e1rio mensal, considerando que a parcela do abono ser\u00e1 utilizada para fazer a amortiza\u00e7\u00e3o dos juros do empr\u00e9stimo. \u00a0O servidor que j\u00e1 antecipou o 13\u00b0 sal\u00e1rio deve procurar sua ag\u00eancia banc\u00e1ria.<\/p>\n<p>A antecipa\u00e7\u00e3o estar\u00e1 dispon\u00edvel em data posteriormente divulgada.<\/p>\n<p style=\"text-align: justify;\"><a href=\"http:\/\/senoticias.com.br\/se\/wp-content\/uploads\/2017\/10\/Logo-fone-1-2-1-2-4-6-1-1-1-2-2.jpg\"><img loading=\"lazy\" decoding=\"async\" class=\"aligncenter size-full wp-image-107844\" src=\"http:\/\/senoticias.com.br\/se\/wp-content\/uploads\/2017\/10\/Logo-fone-1-2-1-2-4-6-1-1-1-2-2.jpg\" alt=\"Logo-fone-1-2-1-2-4-6-1-1-1-2\" width=\"599\" height=\"78\" srcset=\"https:\/\/senoticias.com.br\/se\/wp-content\/uploads\/2017\/10\/Logo-fone-1-2-1-2-4-6-1-1-1-2-2.jpg 599w, https:\/\/senoticias.com.br\/se\/wp-content\/uploads\/2017\/10\/Logo-fone-1-2-1-2-4-6-1-1-1-2-2-300x39.jpg 300w\" sizes=\"(max-width: 599px) 100vw, 599px\" \/><\/a><\/p>\n<p style=\"text-align: justify;\"><em><strong>Acompanhe tamb\u00e9m o SE Not\u00edcias no\u00a0<a href=\"https:\/\/twitter.com\/Senoticias\" target=\"_blank\">Twitter<\/a>,\u00a0<a href=\"https:\/\/www.facebook.com\/senoticias1\" target=\"_blank\">Facebook<\/a>\u00a0e no\u00a0<a href=\"https:\/\/www.instagram.com\/senoticias\/\" target=\"_blank\">Instagram<\/a><\/strong><\/em><\/p>\n<p style=\"text-align: justify;\"><em>Ag\u00eancia Sergipe de Not\u00edcias<\/em><\/p>\n","protected":false},"excerpt":{"rendered":"<p>Na quarta, dia 08, foi aprovado na Assembleia Legislativa o Projeto de Lei que concede para o servidor p\u00fablico estadual um abono especial no valor de 12,42% da gratifica\u00e7\u00e3o natalina. \u00a0Esse valor ser\u00e1 somado \u00e0 segunda parcela do 13\u00b0 a que o servidor tem direito. A primeira parcela foi paga no anivers\u00e1rio de cada servidor. [&hellip;]<\/p>\n","protected":false},"author":2,"featured_media":108074,"comment_status":"closed","ping_status":"closed","sticky":false,"template":"","format":"standard","meta":{"footnotes":""},"categories":[6],"tags":[6990,6991,2936],"class_list":{"0":"post-108073","1":"post","2":"type-post","3":"status-publish","4":"format-standard","5":"has-post-thumbnail","7":"category-politica","8":"tag-13-salario","9":"tag-governo-paga-13","10":"tag-servidores"},"_links":{"self":[{"href":"https:\/\/senoticias.com.br\/se\/wp-json\/wp\/v2\/posts\/108073"}],"collection":[{"href":"https:\/\/senoticias.com.br\/se\/wp-json\/wp\/v2\/posts"}],"about":[{"href":"https:\/\/senoticias.com.br\/se\/wp-json\/wp\/v2\/types\/post"}],"author":[{"embeddable":true,"href":"https:\/\/senoticias.com.br\/se\/wp-json\/wp\/v2\/users\/2"}],"replies":[{"embeddable":true,"href":"https:\/\/senoticias.com.br\/se\/wp-json\/wp\/v2\/comments?post=108073"}],"version-history":[{"count":0,"href":"https:\/\/senoticias.com.br\/se\/wp-json\/wp\/v2\/posts\/108073\/revisions"}],"wp:featuredmedia":[{"embeddable":true,"href":"https:\/\/senoticias.com.br\/se\/wp-json\/wp\/v2\/media\/108074"}],"wp:attachment":[{"href":"https:\/\/senoticias.com.br\/se\/wp-json\/wp\/v2\/media?parent=108073"}],"wp:term":[{"taxonomy":"category","embeddable":true,"href":"https:\/\/senoticias.com.br\/se\/wp-json\/wp\/v2\/categories?post=108073"},{"taxonomy":"post_tag","embeddable":true,"href":"https:\/\/senoticias.com.br\/se\/wp-json\/wp\/v2\/tags?post=108073"}],"curies":[{"name":"wp","href":"https:\/\/api.w.org\/{rel}","templated":true}]}}