{"id":108065,"date":"2017-11-09T17:12:35","date_gmt":"2017-11-09T20:12:35","guid":{"rendered":"http:\/\/senoticias.com.br\/se\/?p=108065"},"modified":"2017-11-10T19:43:27","modified_gmt":"2017-11-10T22:43:27","slug":"trio-investigado-por-trafico-e-homicidios-morre-em-confronto-com-a-policia-no-santa-maria","status":"publish","type":"post","link":"https:\/\/senoticias.com.br\/se\/trio-investigado-por-trafico-e-homicidios-morre-em-confronto-com-a-policia-no-santa-maria\/","title":{"rendered":"Trio investigado por tr\u00e1fico e homic\u00eddios morre em confronto com a pol\u00edcia no Santa Maria"},"content":{"rendered":"<p style=\"text-align: justify;\">A Secretaria de Seguran\u00e7a P\u00fablica (SSP) apresenta, \u00e0s 8h desta sexta-feira (10), na Sala de Imprensa Radialista J\u00falio C\u00e9sar, detalhes de uma opera\u00e7\u00e3o realizada na tarde desta quinta-feira (9) no bairro Santa Maria, zona sul da capital.<\/p>\n<div id=\"attachment_108067\" style=\"width: 609px\" class=\"wp-caption aligncenter\"><a href=\"http:\/\/senoticias.com.br\/se\/wp-content\/uploads\/2017\/11\/Forca-Nacional-SE-NOTICIAS-e1510258855510.jpeg\"><img loading=\"lazy\" decoding=\"async\" aria-describedby=\"caption-attachment-108067\" class=\"size-full wp-image-108067\" src=\"http:\/\/senoticias.com.br\/se\/wp-content\/uploads\/2017\/11\/Forca-Nacional-SE-NOTICIAS-e1510258855510.jpeg\" alt=\"criminalidade continua mesmo com a presen\u00e7a da For\u00e7a Nacional \" width=\"599\" height=\"483\" \/><\/a><p id=\"caption-attachment-108067\" class=\"wp-caption-text\">Criminalidade no Santa Maria continua em alta mesmo com a presen\u00e7a da For\u00e7a Nacional (foto: redes sociais)<\/p><\/div>\n<p style=\"text-align: justify;\">Durante a a\u00e7\u00e3o, tr\u00eas integrantes de um grupo criminoso envolvido no tr\u00e1fico de drogas e em homic\u00eddios na localidade e que tinha como base o &#8220;Sovaco da Gata&#8221;, morreram em confronto com os policiais. Equipes da Pol\u00edcia Militar e Pol\u00edcia Civil participaram da a\u00e7\u00e3o policial.<\/p>\n<p style=\"text-align: justify;\">A investiga\u00e7\u00e3o teve o acompanhamento da Divis\u00e3o de Intelig\u00eancia e Planejamento Policial (Dipol) e foi conduzida h\u00e1 meses por equipes da PC. Os policiais militares e civis apreenderam armas e drogas. Representantes das duas institui\u00e7\u00f5es v\u00e3o detalhar as investiga\u00e7\u00f5es e trabalhos operacionais para chegar aos envolvidos.<\/p>\n<p style=\"text-align: justify;\"><a href=\"http:\/\/senoticias.com.br\/se\/wp-content\/uploads\/2017\/10\/Logo-fone-1-2-1-2-4-6-1-1-1-2-2.jpg\"><img loading=\"lazy\" decoding=\"async\" class=\"aligncenter size-full wp-image-107844\" src=\"http:\/\/senoticias.com.br\/se\/wp-content\/uploads\/2017\/10\/Logo-fone-1-2-1-2-4-6-1-1-1-2-2.jpg\" alt=\"Logo-fone-1-2-1-2-4-6-1-1-1-2\" width=\"599\" height=\"78\" srcset=\"https:\/\/senoticias.com.br\/se\/wp-content\/uploads\/2017\/10\/Logo-fone-1-2-1-2-4-6-1-1-1-2-2.jpg 599w, https:\/\/senoticias.com.br\/se\/wp-content\/uploads\/2017\/10\/Logo-fone-1-2-1-2-4-6-1-1-1-2-2-300x39.jpg 300w\" sizes=\"(max-width: 599px) 100vw, 599px\" \/><\/a><\/p>\n<p style=\"text-align: justify;\"><em><strong>Acompanhe tamb\u00e9m o SE Not\u00edcias no\u00a0<a href=\"https:\/\/twitter.com\/Senoticias\" target=\"_blank\">Twitter<\/a>,\u00a0<a href=\"https:\/\/www.facebook.com\/senoticias1\" target=\"_blank\">Facebook<\/a>\u00a0e no\u00a0<a href=\"https:\/\/www.instagram.com\/senoticias\/\" target=\"_blank\">Instagram<\/a><\/strong><\/em><\/p>\n<p style=\"text-align: justify;\"><em>Informa\u00e7\u00f5es da SSP\/SE<\/em><\/p>\n","protected":false},"excerpt":{"rendered":"<p>A Secretaria de Seguran\u00e7a P\u00fablica (SSP) apresenta, \u00e0s 8h desta sexta-feira (10), na Sala de Imprensa Radialista J\u00falio C\u00e9sar, detalhes de uma opera\u00e7\u00e3o realizada na tarde desta quinta-feira (9) no bairro Santa Maria, zona sul da capital. Durante a a\u00e7\u00e3o, tr\u00eas integrantes de um grupo criminoso envolvido no tr\u00e1fico de drogas e em homic\u00eddios na [&hellip;]<\/p>\n","protected":false},"author":2,"featured_media":0,"comment_status":"closed","ping_status":"closed","sticky":false,"template":"","format":"standard","meta":{"footnotes":""},"categories":[15,7],"tags":[3167,2848,324,593,6983],"class_list":{"0":"post-108065","1":"post","2":"type-post","3":"status-publish","4":"format-standard","6":"category-destaques","7":"category-policia","8":"tag-homicidios","9":"tag-morre","10":"tag-santa-maria","11":"tag-trafico","12":"tag-trio-investigado"},"_links":{"self":[{"href":"https:\/\/senoticias.com.br\/se\/wp-json\/wp\/v2\/posts\/108065"}],"collection":[{"href":"https:\/\/senoticias.com.br\/se\/wp-json\/wp\/v2\/posts"}],"about":[{"href":"https:\/\/senoticias.com.br\/se\/wp-json\/wp\/v2\/types\/post"}],"author":[{"embeddable":true,"href":"https:\/\/senoticias.com.br\/se\/wp-json\/wp\/v2\/users\/2"}],"replies":[{"embeddable":true,"href":"https:\/\/senoticias.com.br\/se\/wp-json\/wp\/v2\/comments?post=108065"}],"version-history":[{"count":0,"href":"https:\/\/senoticias.com.br\/se\/wp-json\/wp\/v2\/posts\/108065\/revisions"}],"wp:attachment":[{"href":"https:\/\/senoticias.com.br\/se\/wp-json\/wp\/v2\/media?parent=108065"}],"wp:term":[{"taxonomy":"category","embeddable":true,"href":"https:\/\/senoticias.com.br\/se\/wp-json\/wp\/v2\/categories?post=108065"},{"taxonomy":"post_tag","embeddable":true,"href":"https:\/\/senoticias.com.br\/se\/wp-json\/wp\/v2\/tags?post=108065"}],"curies":[{"name":"wp","href":"https:\/\/api.w.org\/{rel}","templated":true}]}}