{"id":108059,"date":"2017-11-09T15:41:59","date_gmt":"2017-11-09T18:41:59","guid":{"rendered":"http:\/\/senoticias.com.br\/se\/?p=108059"},"modified":"2017-11-09T17:03:45","modified_gmt":"2017-11-09T20:03:45","slug":"detran-comecara-a-notificar-multas-pelo-sistema-de-notificacao-eletronica","status":"publish","type":"post","link":"https:\/\/senoticias.com.br\/se\/detran-comecara-a-notificar-multas-pelo-sistema-de-notificacao-eletronica\/","title":{"rendered":"Detran come\u00e7ar\u00e1 a notificar multas pelo Sistema de Notifica\u00e7\u00e3o Eletr\u00f4nica"},"content":{"rendered":"<p style=\"text-align: justify;\"><span style=\"color: #000000;\">O Departamento Estadual de Tr\u00e2nsito (Detran\/SE) aderiu ao Sistema de Notifica\u00e7\u00e3o Eletr\u00f4nica (SNE) do Departamento Nacional de Tr\u00e2nsito (Denatran), que permite ao propriet\u00e1rio de ve\u00edculos (pessoa f\u00edsica) ser comunicado sobre infra\u00e7\u00f5es de tr\u00e2nsito, atrav\u00e9s de um aplicativo de dispositivo m\u00f3vel, podendo \u2013 caso ele abdique dos direitos de defesa da autua\u00e7\u00e3o e do recurso de infra\u00e7\u00e3o \u2013 pagar a multa de tr\u00e2nsito com desconto de at\u00e9 40%. Para as notifica\u00e7\u00f5es relacionadas ao Detran\/SE, o sistema come\u00e7ou a valer em 03 de novembro, contemplando todas as infra\u00e7\u00f5es cometidas a partir de 30 de abril.<\/span><\/p>\n<div id=\"attachment_108060\" style=\"width: 609px\" class=\"wp-caption aligncenter\"><a href=\"http:\/\/senoticias.com.br\/se\/wp-content\/uploads\/2017\/11\/detran-SENOTICIAS-e1510252758170.jpg\"><img loading=\"lazy\" decoding=\"async\" aria-describedby=\"caption-attachment-108060\" class=\"size-full wp-image-108060\" src=\"http:\/\/senoticias.com.br\/se\/wp-content\/uploads\/2017\/11\/detran-SENOTICIAS-e1510252758170.jpg\" alt=\"Imagem: Ascom \/ Detran\/SE\" width=\"599\" height=\"494\" \/><\/a><p id=\"caption-attachment-108060\" class=\"wp-caption-text\">Imagem: Ascom \/ Detran\/SE<\/p><\/div>\n<p style=\"text-align: justify;\"><span style=\"color: #000000;\">O SNE \u00e9 um aplicativo do Denatran, desenvolvido pelo Servi\u00e7o Federal de Processamento de Dados (Serpro), como forma de facilitar o acesso do usu\u00e1rio ao processo de notifica\u00e7\u00e3o de tr\u00e2nsito e para proporcionar a possibilidade de pagamento com desconto, de acordo com Art. 284 do C\u00f3digo de Tr\u00e2nsito Brasileiro (CTB). \u201cNosso objetivo com essa ades\u00e3o \u00e9 facilitar o acesso \u00e0s notifica\u00e7\u00f5es por parte dos cidad\u00e3os, uma vez que a desatualiza\u00e7\u00e3o de endere\u00e7o dos propriet\u00e1rios de ve\u00edculos \u00e9 um grande entrave para que a pessoa seja notificada de suas infra\u00e7\u00f5es, o que acarreta para ela a perda de prazo de recurso de defesa. Com o SNE, o cidad\u00e3o \u00e9 notificado via dispositivos m\u00f3veis e pode efetuar o pagamento com desconto pelo aplicativo\u201d, explica o diretor-presidente do Detran\/SE, cel. Luiz de Azevedo.<\/span><\/p>\n<p style=\"text-align: justify;\"><span style=\"color: #000000;\">Para se cadastrar ao SNE, o usu\u00e1rio deve baixar o aplicativo nas lojas dos sistemas Android e IOS. Com o registro realizado no app, a pessoa poder\u00e1 inserir os seus ve\u00edculos e receber notifica\u00e7\u00f5es de infra\u00e7\u00f5es aplicadas pelos \u00f3rg\u00e3os autuadores que aderiram ao sistema.<\/span><\/p>\n<p style=\"text-align: justify;\"><a href=\"http:\/\/senoticias.com.br\/se\/wp-content\/uploads\/2017\/10\/Logo-fone-1-2-1-2-4-6-1-1-1-2-2.jpg\"><img loading=\"lazy\" decoding=\"async\" class=\"aligncenter size-full wp-image-107844\" src=\"http:\/\/senoticias.com.br\/se\/wp-content\/uploads\/2017\/10\/Logo-fone-1-2-1-2-4-6-1-1-1-2-2.jpg\" alt=\"Logo-fone-1-2-1-2-4-6-1-1-1-2\" width=\"599\" height=\"78\" srcset=\"https:\/\/senoticias.com.br\/se\/wp-content\/uploads\/2017\/10\/Logo-fone-1-2-1-2-4-6-1-1-1-2-2.jpg 599w, https:\/\/senoticias.com.br\/se\/wp-content\/uploads\/2017\/10\/Logo-fone-1-2-1-2-4-6-1-1-1-2-2-300x39.jpg 300w\" sizes=\"(max-width: 599px) 100vw, 599px\" \/><\/a><\/p>\n<p><em><strong>Acompanhe tamb\u00e9m o SE Not\u00edcias no\u00a0<a href=\"https:\/\/twitter.com\/Senoticias\" target=\"_blank\">Twitter<\/a>,\u00a0<a href=\"https:\/\/www.facebook.com\/senoticias1\" target=\"_blank\">Facebook<\/a>\u00a0e no\u00a0<a href=\"https:\/\/www.instagram.com\/senoticias\/\" target=\"_blank\">Instagram<\/a><\/strong><\/em><\/p>\n<p>Por ASN<\/p>\n","protected":false},"excerpt":{"rendered":"<p>O Departamento Estadual de Tr\u00e2nsito (Detran\/SE) aderiu ao Sistema de Notifica\u00e7\u00e3o Eletr\u00f4nica (SNE) do Departamento Nacional de Tr\u00e2nsito (Denatran), que permite ao propriet\u00e1rio de ve\u00edculos (pessoa f\u00edsica) ser comunicado sobre infra\u00e7\u00f5es de tr\u00e2nsito, atrav\u00e9s de um aplicativo de dispositivo m\u00f3vel, podendo \u2013 caso ele abdique dos direitos de defesa da autua\u00e7\u00e3o e do recurso de [&hellip;]<\/p>\n","protected":false},"author":2,"featured_media":0,"comment_status":"closed","ping_status":"closed","sticky":false,"template":"","format":"standard","meta":{"footnotes":""},"categories":[1],"tags":[6980,1828,4080,223],"class_list":{"0":"post-108059","1":"post","2":"type-post","3":"status-publish","4":"format-standard","6":"category-sem-categoria","7":"tag-autuacoes","8":"tag-detran","9":"tag-multas","10":"tag-sergipe"},"_links":{"self":[{"href":"https:\/\/senoticias.com.br\/se\/wp-json\/wp\/v2\/posts\/108059"}],"collection":[{"href":"https:\/\/senoticias.com.br\/se\/wp-json\/wp\/v2\/posts"}],"about":[{"href":"https:\/\/senoticias.com.br\/se\/wp-json\/wp\/v2\/types\/post"}],"author":[{"embeddable":true,"href":"https:\/\/senoticias.com.br\/se\/wp-json\/wp\/v2\/users\/2"}],"replies":[{"embeddable":true,"href":"https:\/\/senoticias.com.br\/se\/wp-json\/wp\/v2\/comments?post=108059"}],"version-history":[{"count":0,"href":"https:\/\/senoticias.com.br\/se\/wp-json\/wp\/v2\/posts\/108059\/revisions"}],"wp:attachment":[{"href":"https:\/\/senoticias.com.br\/se\/wp-json\/wp\/v2\/media?parent=108059"}],"wp:term":[{"taxonomy":"category","embeddable":true,"href":"https:\/\/senoticias.com.br\/se\/wp-json\/wp\/v2\/categories?post=108059"},{"taxonomy":"post_tag","embeddable":true,"href":"https:\/\/senoticias.com.br\/se\/wp-json\/wp\/v2\/tags?post=108059"}],"curies":[{"name":"wp","href":"https:\/\/api.w.org\/{rel}","templated":true}]}}