{"id":108057,"date":"2017-11-09T15:33:38","date_gmt":"2017-11-09T18:33:38","guid":{"rendered":"http:\/\/senoticias.com.br\/se\/?p=108057"},"modified":"2017-11-09T17:03:04","modified_gmt":"2017-11-09T20:03:04","slug":"abertas-inscricoes-para-missao-pedagogica-no-parlamento","status":"publish","type":"post","link":"https:\/\/senoticias.com.br\/se\/abertas-inscricoes-para-missao-pedagogica-no-parlamento\/","title":{"rendered":"Abertas inscri\u00e7\u00f5es para Miss\u00e3o Pedag\u00f3gica no Parlamento"},"content":{"rendered":"<p style=\"text-align: justify;\"><span style=\"color: #000000;\">Os professores, coordenadores e orientadores pedag\u00f3gicos que estiverem interessados em participar da edi\u00e7\u00e3o de 2018 do programa Miss\u00e3o Pedag\u00f3gica no Parlamento j\u00e1 podem fazer a inscri\u00e7\u00e3o, que vai at\u00e9 o dia 13 de dezembro.<\/span><\/p>\n<p style=\"text-align: justify;\"><span style=\"color: #000000;\">As inscri\u00e7\u00f5es devem ser feitas atrav\u00e9s do site da C\u00e2mara dos Deputados, neste link, onde tamb\u00e9m se encontra o edital com todas as informa\u00e7\u00f5es.<\/span><\/p>\n<p style=\"text-align: justify;\"><span style=\"color: #000000;\"><a href=\"http:\/\/senoticias.com.br\/se\/wp-content\/uploads\/2017\/11\/missao-pedagogica-SENOTICIAS.jpg\"><img loading=\"lazy\" decoding=\"async\" class=\"aligncenter size-full wp-image-108058\" src=\"http:\/\/senoticias.com.br\/se\/wp-content\/uploads\/2017\/11\/missao-pedagogica-SENOTICIAS.jpg\" alt=\"missao pedagogica SENOTICIAS\" width=\"568\" height=\"245\" srcset=\"https:\/\/senoticias.com.br\/se\/wp-content\/uploads\/2017\/11\/missao-pedagogica-SENOTICIAS.jpg 568w, https:\/\/senoticias.com.br\/se\/wp-content\/uploads\/2017\/11\/missao-pedagogica-SENOTICIAS-300x129.jpg 300w, https:\/\/senoticias.com.br\/se\/wp-content\/uploads\/2017\/11\/missao-pedagogica-SENOTICIAS-567x245.jpg 567w\" sizes=\"(max-width: 568px) 100vw, 568px\" \/><\/a>O programa Miss\u00e3o Pedag\u00f3gica no Parlamento \u00e9 uma capacita\u00e7\u00e3o para educadores que desejam levar para as suas escolas aprendizagens sobre cidadania, pol\u00edtica, democracia e poder legislativo. Ele \u00e9 compreendido em fases: presencial e a dist\u00e2ncia.<\/span><\/p>\n<p style=\"text-align: justify;\"><span style=\"color: #000000;\">A fase presencial acontecer\u00e1 na C\u00e2mara dos Deputados, no per\u00edodo de 4 a 8 de junho de 2018, e abordar\u00e1 conte\u00fados e metodologias sobre educa\u00e7\u00e3o para a democracia nas escolas e temas relativos ao Parlamento de forma contextualizada e reflexiva. A C\u00e2mara dos Deputados custeia as passagens, hospedagem, translado e alimenta\u00e7\u00e3o dos participantes.<\/span><\/p>\n<p style=\"text-align: justify;\"><span style=\"color: #000000;\">Na fase a dist\u00e2ncia, os orientadores desenvolvem e aplicam em suas escolas um projeto de educa\u00e7\u00e3o para a democracia, tendo o Poder Legislativo como foco de interesse. A conclus\u00e3o com \u00eaxito de toda a forma\u00e7\u00e3o garantir\u00e1 aos participantes um certificado de 120 horas.<\/span><\/p>\n<p style=\"text-align: justify;\"><a href=\"http:\/\/senoticias.com.br\/se\/wp-content\/uploads\/2017\/10\/Logo-fone-1-2-1-2-4-6-1-1-1-2-2.jpg\"><img loading=\"lazy\" decoding=\"async\" class=\"aligncenter size-full wp-image-107844\" src=\"http:\/\/senoticias.com.br\/se\/wp-content\/uploads\/2017\/10\/Logo-fone-1-2-1-2-4-6-1-1-1-2-2.jpg\" alt=\"Logo-fone-1-2-1-2-4-6-1-1-1-2\" width=\"599\" height=\"78\" srcset=\"https:\/\/senoticias.com.br\/se\/wp-content\/uploads\/2017\/10\/Logo-fone-1-2-1-2-4-6-1-1-1-2-2.jpg 599w, https:\/\/senoticias.com.br\/se\/wp-content\/uploads\/2017\/10\/Logo-fone-1-2-1-2-4-6-1-1-1-2-2-300x39.jpg 300w\" sizes=\"(max-width: 599px) 100vw, 599px\" \/><\/a><\/p>\n<p><em><strong>Acompanhe tamb\u00e9m o SE Not\u00edcias no\u00a0<a href=\"https:\/\/twitter.com\/Senoticias\" target=\"_blank\">Twitter<\/a>,\u00a0<a href=\"https:\/\/www.facebook.com\/senoticias1\" target=\"_blank\">Facebook<\/a>\u00a0e no\u00a0<a href=\"https:\/\/www.instagram.com\/senoticias\/\" target=\"_blank\">Instagram<\/a><\/strong><\/em><\/p>\n<p>Por ASN<\/p>\n","protected":false},"excerpt":{"rendered":"<p>Os professores, coordenadores e orientadores pedag\u00f3gicos que estiverem interessados em participar da edi\u00e7\u00e3o de 2018 do programa Miss\u00e3o Pedag\u00f3gica no Parlamento j\u00e1 podem fazer a inscri\u00e7\u00e3o, que vai at\u00e9 o dia 13 de dezembro. As inscri\u00e7\u00f5es devem ser feitas atrav\u00e9s do site da C\u00e2mara dos Deputados, neste link, onde tamb\u00e9m se encontra o edital com [&hellip;]<\/p>\n","protected":false},"author":2,"featured_media":0,"comment_status":"closed","ping_status":"closed","sticky":false,"template":"","format":"standard","meta":{"footnotes":""},"categories":[10,6],"tags":[3921,6979,6976,6978,6977,3357],"class_list":{"0":"post-108057","1":"post","2":"type-post","3":"status-publish","4":"format-standard","6":"category-empregos","7":"category-politica","8":"tag-camaradosdeputados","9":"tag-coordenadores","10":"tag-missao","11":"tag-parlamento","12":"tag-pedagogica","13":"tag-professores"},"_links":{"self":[{"href":"https:\/\/senoticias.com.br\/se\/wp-json\/wp\/v2\/posts\/108057"}],"collection":[{"href":"https:\/\/senoticias.com.br\/se\/wp-json\/wp\/v2\/posts"}],"about":[{"href":"https:\/\/senoticias.com.br\/se\/wp-json\/wp\/v2\/types\/post"}],"author":[{"embeddable":true,"href":"https:\/\/senoticias.com.br\/se\/wp-json\/wp\/v2\/users\/2"}],"replies":[{"embeddable":true,"href":"https:\/\/senoticias.com.br\/se\/wp-json\/wp\/v2\/comments?post=108057"}],"version-history":[{"count":0,"href":"https:\/\/senoticias.com.br\/se\/wp-json\/wp\/v2\/posts\/108057\/revisions"}],"wp:attachment":[{"href":"https:\/\/senoticias.com.br\/se\/wp-json\/wp\/v2\/media?parent=108057"}],"wp:term":[{"taxonomy":"category","embeddable":true,"href":"https:\/\/senoticias.com.br\/se\/wp-json\/wp\/v2\/categories?post=108057"},{"taxonomy":"post_tag","embeddable":true,"href":"https:\/\/senoticias.com.br\/se\/wp-json\/wp\/v2\/tags?post=108057"}],"curies":[{"name":"wp","href":"https:\/\/api.w.org\/{rel}","templated":true}]}}