{"id":108045,"date":"2017-11-09T06:12:54","date_gmt":"2017-11-09T09:12:54","guid":{"rendered":"http:\/\/senoticias.com.br\/se\/?p=108045"},"modified":"2017-11-09T11:33:01","modified_gmt":"2017-11-09T14:33:01","slug":"urgencia-24h-de-sao-cristovao-e-reinaugurada","status":"publish","type":"post","link":"https:\/\/senoticias.com.br\/se\/urgencia-24h-de-sao-cristovao-e-reinaugurada\/","title":{"rendered":"Fechada desde o fim de 2016, Urg\u00eancia 24h do Eduardo Gomes \u00e9 reinaugurada"},"content":{"rendered":"<p style=\"text-align: justify;\">Fechada desde agosto de 2016, a Urg\u00eancia 24 do Eduardo Gomes horas foi reinaugurada nesta sexta-feira, 08, pelo prefeito de S\u00e3o Crist\u00f3v\u00e3o, Marcos Santana. A unidade estava fechada h\u00e1 15 meses. A Urg\u00eancia 24 horas abre efetivamente as portas dia 16 de novembro, porque \u00e9 preciso fazer o servi\u00e7o de desinfec\u00e7\u00e3o.<\/p>\n<div id=\"attachment_108047\" style=\"width: 609px\" class=\"wp-caption aligncenter\"><a href=\"http:\/\/senoticias.com.br\/se\/wp-content\/uploads\/2017\/11\/WhatsApp-Image-2017-11-09-at-05.57.38-e1510221818480.jpeg\"><img loading=\"lazy\" decoding=\"async\" aria-describedby=\"caption-attachment-108047\" class=\"size-full wp-image-108047\" src=\"http:\/\/senoticias.com.br\/se\/wp-content\/uploads\/2017\/11\/WhatsApp-Image-2017-11-09-at-05.57.38-e1510221818480.jpeg\" alt=\"Urg\u00eancia foi reaberta ap\u00f3s 15 meses fechada (Foto: M\u00e1rcio Garcez\/PMSC)\" width=\"599\" height=\"400\" \/><\/a><p id=\"caption-attachment-108047\" class=\"wp-caption-text\">Urg\u00eancia foi reaberta ap\u00f3s 15 meses fechada (foto: M\u00e1rcio Garcez\/PMSC)<\/p><\/div>\n<div id=\"container\">\n<div id=\"coluna01\">\n<div id=\"leitura\">\n<p style=\"text-align: justify;\">\u00a0Com capacidade para atender 250 pessoas diariamente, a Urg\u00eancia est\u00e1 localizada anexa \u00e0 Unidade B\u00e1sica de Sa\u00fade (UBS) Maria Jos\u00e9 Soares Figueiroa. A nova estrutura conta com 11 leitos, sendo dois de estabiliza\u00e7\u00e3o e nove de observa\u00e7\u00e3o, e uma equipe t\u00e9cnica composta por 65 profissionais entre m\u00e9dicos, enfermeiros, t\u00e9cnicos\/auxiliares de enfermagem, farmac\u00eautico, assistente social, recepcionista, agente administrativo, vigilante, executor de servi\u00e7os b\u00e1sicos e maqueiros.<\/p>\n<div id=\"attachment_108048\" style=\"width: 609px\" class=\"wp-caption aligncenter\"><a href=\"http:\/\/senoticias.com.br\/se\/wp-content\/uploads\/2017\/11\/WhatsApp-Image-2017-11-09-at-05.57.48-1.jpeg\"><img loading=\"lazy\" decoding=\"async\" aria-describedby=\"caption-attachment-108048\" class=\"size-full wp-image-108048\" src=\"http:\/\/senoticias.com.br\/se\/wp-content\/uploads\/2017\/11\/WhatsApp-Image-2017-11-09-at-05.57.48-1-e1510221975772.jpeg\" alt=\"O prefeito de S\u00e3o Crist\u00f3v\u00e3o, Marcos Santana, entregou nesta quarta-feira, 08, a Urg\u00eancia 24 horas do Eduardo Gomes totalmente reformada e equipada.\u00a0 (Foto: M\u00e1rcio Garcez\/PMSC)\" width=\"599\" height=\"360\" \/><\/a><p id=\"caption-attachment-108048\" class=\"wp-caption-text\">O prefeito de S\u00e3o Crist\u00f3v\u00e3o, Marcos Santana, entregou ontem, 08, a Urg\u00eancia 24 horas do Eduardo Gomes totalmente reformada e equipada\u00a0 (foto: M\u00e1rcio Garcez\/PMSC)<\/p><\/div>\n<p style=\"text-align: justify;\">Durante a cerim\u00f4nia, a secret\u00e1ria municipal de Sa\u00fade, Jo\u00e9lia Santos, explicou que o gerenciamento da Unidade se dar\u00e1 por empresa contratada por meio de chamamento p\u00fablico e destacou outras melhorias na rede de Sa\u00fade nos dez meses de gest\u00e3o, a exemplo da reforma das unidades de Sa\u00fade Jairo Teixeira de Jesus, localizada na Cidade Baixa, e Sinval Jos\u00e9 de Oliveira, no loteamento Lauro Rocha.<\/p>\n<p style=\"text-align: justify;\">\u201cEste 08 de novembro ficar\u00e1 marcado com o dia que a popula\u00e7\u00e3o do Eduardo Gomes ganhou um presente. Estamos entregando uma unidade readequada, com padr\u00e3o de estrutura para atender, em m\u00e9dia, 250 pessoas por dia. Num momento de crise como estamos vivendo, a prefeitura investe R$ 221 mil de recursos pr\u00f3prios numa Unidade com farm\u00e1cia sat\u00e9lite para abastecimento pr\u00f3prio e centro de material esterilizado, o qual atender\u00e1 o 24 horas e a unidade b\u00e1sica Maria Jos\u00e9 Soares Figueiroa. Nesses dez meses, essa \u00e9 a terceira unidade que entregamos para a popula\u00e7\u00e3o. Al\u00e9m disso, registramos um grande aumento de consultas e exames laboratoriais e na aquisi\u00e7\u00e3o de medicamentos\u201d, disse.<\/p>\n<p style=\"text-align: justify;\">Jo\u00e9lia informou, ainda, que a Prefeitura pretende abrir consult\u00f3rio odontol\u00f3gico na Urg\u00eancia 24 horas.\u00a0 Sobre o gerenciamento da Unidade, a secret\u00e1ria explicou que ser\u00e1 uma administra\u00e7\u00e3o mista, j\u00e1 que a empresa que atendeu o chamamento p\u00fablico trabalhar\u00e1 com os profissionais da rede.<\/p>\n<p><strong>Estrutura<\/strong><\/p>\n<p style=\"text-align: justify;\">A Urg\u00eancia 24 horas passa a oferecer os procedimentos de estabiliza\u00e7\u00e3o de pacientes cr\u00edticos; acolhimento de enfermagem; consulta m\u00e9dica; consulta de enfermagem; exames laboratoriais e eletrocardiograma (ECG); suturas e curativos; aferi\u00e7\u00e3o de sinais vitais; administra\u00e7\u00e3o de medica\u00e7\u00e3o; hidrata\u00e7\u00e3o e oxigenioterapia. Tendo capacidade, assim, de atender pacientes de risco.<\/p>\n<p style=\"text-align: justify;\">Os equipamentos foram adquiridos parte por doa\u00e7\u00e3o da Secretaria de Estado de Sa\u00fade, parte por ades\u00e3o \u00e0 Ata de Registro de Pre\u00e7os do Minist\u00e9rio da Sa\u00fade. Com a reforma, que incluiu reparos no telhado e constru\u00e7\u00e3o de mais dois banheiros, o pr\u00e9dio passa a dispor, tamb\u00e9m, de farm\u00e1cia e sala de repouso para os profissionais.<\/p>\n<p style=\"text-align: justify;\">Presente na inaugura\u00e7\u00e3o, o deputado estadual Francisco Gualberto ressaltou que a Urg\u00eancia 24 horas refor\u00e7ar\u00e1 a rede estadual de Sa\u00fade, j\u00e1 que desafogar\u00e1 o Hospital de Urg\u00eancias de Sergipe (Huse). \u201cEsse equipamento de sa\u00fade \u00e9 importante para S\u00e3o Crist\u00f3v\u00e3o e para a sa\u00fade p\u00fablica do estado porque vai aliviar o Huse, um hospital de alta complexidade\u201d, disse, informando que o governo do Estado ir\u00e1 reformar e ampliar a rodovia Jo\u00e3o Bebe \u00c1gua, que liga a capital \u00e0 sede de S\u00e3o Crist\u00f3v\u00e3o. \u201cEm pouco tempo, a rodovia Jo\u00e3o Bebe \u00c1gua n\u00e3o ser\u00e1 mais exemplo de rodovia esburacada. O governo do Estado ir\u00e1 recuper\u00e1-la e ampli\u00e1-la\u201d, assegurou.<\/p>\n<p style=\"text-align: justify;\">J\u00e1 o presidente da C\u00e2mara Municipal, vereador Vanderlan Correia, lembrou que a reabertura da Urg\u00eancia atende uma demanda dos moradores. \u201cEssa \u00e9 uma obra cobrada pelos moradores e pelos vereadores e representa um novo momento na sa\u00fade de nossa cidade\u201d.<\/p>\n<p style=\"text-align: justify;\"><strong>Popula\u00e7\u00e3o e funcion\u00e1rios<\/strong><\/p>\n<p style=\"text-align: justify;\">Maria Selma foi uma dos primeiras a chegar \u00e0 solenidade de inaugura\u00e7\u00e3o. Segundo ela, a reabertura da Urg\u00eancia 24 horas \u00e9 um marco para os moradores do Eduardo Gomes. \u201cEssa reabertura \u00e9 uma ben\u00e7\u00e3o para a gente. Estamos orgulhosos e gratos porque, muitas vezes, t\u00ednhamos que voltar para casa porque n\u00e3o tinha m\u00e9dico e n\u00e3o tinha como ir para Aracaju. De hoje em diante, as coisas v\u00e3o melhorar\u201d, afirmou.<\/p>\n<p style=\"text-align: justify;\">Marcela da Silva tamb\u00e9m acompanhou a inaugura\u00e7\u00e3o e conta que est\u00e1 mais tranquila, porque n\u00e3o precisar\u00e1 procurar atendimento em Aracaju em caso de enfermidade. \u201cIsso aqui era o sonho da comunidade. Cheg\u00e1vamos e nunca tinha m\u00e9dico, t\u00ednhamos que ir para Aracaju para ter atendimento de urg\u00eancia. Sa\u00ed de casa para ver perto se era verdade a reabertura da Urg\u00eancia 24 horas\u201d.<\/p>\n<p style=\"text-align: justify;\">Ac\u00e1cia Henrique Santos \u00e9 enfermeira efetiva da rede municipal e uma das profissionais que atuar\u00e1 na nova Urg\u00eancia 24 horas. Para ela, a reforma superou as expectativas. \u201cO pr\u00e9dio est\u00e1 al\u00e9m do que imaginamos. Trabalhamos aqui em tempos dif\u00edceis porque somos profissionais, mas n\u00e3o t\u00ednhamos material, equipamentos e seguran\u00e7a. Nossa ansiedade \u00e9 grande porque estamos vendo que a unidade atende o que \u00e9 cobrado pelos \u00f3rg\u00e3os fiscalizadores de Sa\u00fade\u201d.<\/p>\n<p style=\"text-align: justify;\"><strong>Prestigio<\/strong><\/p>\n<p style=\"text-align: justify;\">Acompanharam a reabertura da Urg\u00eancia 24 horas\u00a0 os vereadores Rafael Oliveira, Adailton Lopes, Leandro da Renova\u00e7\u00e3o, Edson Pereira, Tony da Academia, Vanderlan Nego, Paulo J\u00fanior, Diego Prado, Irm\u00e3o Lilo, Djalma Santana, Irm\u00e3o Gibson e Vanderlan Correia, presidente da C\u00e2mara Municipal; o diretor do Hospital Maternidade Senhor dos Passos, Paulo Roberto Santana (Paulinho do Correio); o secret\u00e1rio de Estado de Turismo, F\u00e1bio Henrique; os secret\u00e1rios municipais Thiago Souza (Infraestrutura),\u00a0 Thiago Correia (Agricultura e Meio Ambiente), Eldro Fran\u00e7a (Fazenda), Paola Santana (Governo), Fernanda Santana (Assist\u00eancia Social e Trabalho), Edson Fontes (Assuntos Parlamentares), M\u00e1rio Freire (Chefe de Gabinete), Genivaldo Silva (Servi\u00e7os Urbanos), Jo\u00e9lia Silva (Sa\u00fade), Nivia Lima (Comunica\u00e7\u00e3o); o presidente da Funda\u00e7\u00e3o Jo\u00e3o Bebe \u00c1gua, Everaldo Pinto Fontes Gaspeu; Jos\u00e9 Luiz Ferreira (J. Luiz), superintendente municipal de Transportes e Tr\u00e2nsito; Carlos Melo, superintendente do Servi\u00e7o Aut\u00f4nomo de \u00c1gua e Esgoto (SAAE) e o superintendente do Ibama em Sergipe, Carlos Tadeu da Silva Rosa. Al\u00e9m de dezenas de lideran\u00e7as comunit\u00e1rias.<\/p>\n<\/div>\n<p style=\"text-align: justify;\"><a href=\"http:\/\/senoticias.com.br\/se\/wp-content\/uploads\/2017\/10\/Logo-fone-1-2-1-2-4-6-1-1-1-2-2.jpg\"><img loading=\"lazy\" decoding=\"async\" class=\"aligncenter size-full wp-image-107844\" src=\"http:\/\/senoticias.com.br\/se\/wp-content\/uploads\/2017\/10\/Logo-fone-1-2-1-2-4-6-1-1-1-2-2.jpg\" alt=\"Logo-fone-1-2-1-2-4-6-1-1-1-2\" width=\"599\" height=\"78\" srcset=\"https:\/\/senoticias.com.br\/se\/wp-content\/uploads\/2017\/10\/Logo-fone-1-2-1-2-4-6-1-1-1-2-2.jpg 599w, https:\/\/senoticias.com.br\/se\/wp-content\/uploads\/2017\/10\/Logo-fone-1-2-1-2-4-6-1-1-1-2-2-300x39.jpg 300w\" sizes=\"(max-width: 599px) 100vw, 599px\" \/><\/a><\/p>\n<\/div>\n<p style=\"text-align: justify;\"><em><strong>Acompanhe tamb\u00e9m o SE Not\u00edcias no\u00a0<a href=\"https:\/\/twitter.com\/Senoticias\" target=\"_blank\">Twitter<\/a>,\u00a0<a href=\"https:\/\/www.facebook.com\/senoticias1\" target=\"_blank\">Facebook<\/a>\u00a0e no\u00a0<a href=\"https:\/\/www.instagram.com\/senoticias\/\" target=\"_blank\">Instagram<\/a><\/strong><\/em><\/p>\n<div id=\"coluna01\">\n<div id=\"leitura\">\n<p><em>Com informa\u00e7\u00f5es da\u00a0Assessoria de Imprensa<\/em><\/p>\n<\/div>\n<\/div>\n<\/div>\n","protected":false},"excerpt":{"rendered":"<p>Fechada desde agosto de 2016, a Urg\u00eancia 24 do Eduardo Gomes horas foi reinaugurada nesta sexta-feira, 08, pelo prefeito de S\u00e3o Crist\u00f3v\u00e3o, Marcos Santana. A unidade estava fechada h\u00e1 15 meses. A Urg\u00eancia 24 horas abre efetivamente as portas dia 16 de novembro, porque \u00e9 preciso fazer o servi\u00e7o de desinfec\u00e7\u00e3o. \u00a0Com capacidade para atender [&hellip;]<\/p>\n","protected":false},"author":2,"featured_media":108047,"comment_status":"closed","ping_status":"closed","sticky":false,"template":"","format":"standard","meta":{"footnotes":""},"categories":[15,38],"tags":[6157,1498,81,6972,6971],"class_list":{"0":"post-108045","1":"post","2":"type-post","3":"status-publish","4":"format-standard","5":"has-post-thumbnail","7":"category-destaques","8":"category-municipios","9":"tag-eduardo-gomes","10":"tag-marcos-santana","11":"tag-prefeitura-de-sao-cristovao","12":"tag-reinaugurada","13":"tag-urgencia-24-horas"},"_links":{"self":[{"href":"https:\/\/senoticias.com.br\/se\/wp-json\/wp\/v2\/posts\/108045"}],"collection":[{"href":"https:\/\/senoticias.com.br\/se\/wp-json\/wp\/v2\/posts"}],"about":[{"href":"https:\/\/senoticias.com.br\/se\/wp-json\/wp\/v2\/types\/post"}],"author":[{"embeddable":true,"href":"https:\/\/senoticias.com.br\/se\/wp-json\/wp\/v2\/users\/2"}],"replies":[{"embeddable":true,"href":"https:\/\/senoticias.com.br\/se\/wp-json\/wp\/v2\/comments?post=108045"}],"version-history":[{"count":0,"href":"https:\/\/senoticias.com.br\/se\/wp-json\/wp\/v2\/posts\/108045\/revisions"}],"wp:featuredmedia":[{"embeddable":true,"href":"https:\/\/senoticias.com.br\/se\/wp-json\/wp\/v2\/media\/108047"}],"wp:attachment":[{"href":"https:\/\/senoticias.com.br\/se\/wp-json\/wp\/v2\/media?parent=108045"}],"wp:term":[{"taxonomy":"category","embeddable":true,"href":"https:\/\/senoticias.com.br\/se\/wp-json\/wp\/v2\/categories?post=108045"},{"taxonomy":"post_tag","embeddable":true,"href":"https:\/\/senoticias.com.br\/se\/wp-json\/wp\/v2\/tags?post=108045"}],"curies":[{"name":"wp","href":"https:\/\/api.w.org\/{rel}","templated":true}]}}