{"id":108029,"date":"2017-11-08T06:02:03","date_gmt":"2017-11-08T09:02:03","guid":{"rendered":"http:\/\/senoticias.com.br\/se\/?p=108029"},"modified":"2017-11-08T06:06:43","modified_gmt":"2017-11-08T09:06:43","slug":"prefeitura-de-itaporanga-realiza-projeto-acao-e-cidadania-na-comunidade-no-povoado-nova-descoberta","status":"publish","type":"post","link":"https:\/\/senoticias.com.br\/se\/prefeitura-de-itaporanga-realiza-projeto-acao-e-cidadania-na-comunidade-no-povoado-nova-descoberta\/","title":{"rendered":"Prefeitura de Itaporanga realiza projeto A\u00e7\u00e3o e Cidadania na Nova Descoberta"},"content":{"rendered":"<p style=\"text-align: justify;\">Com o objetivo de levar os servi\u00e7os ofertados pela Prefeitura para os povoados, a Prefeitura de Itaporanga realizou na manh\u00e3 desta ter\u00e7a-feira, 7, a primeira edi\u00e7\u00e3o do Projeto A\u00e7\u00e3o e Cidadania na Comunidade, que aconteceu no povoado Nova Descoberta. Em uma parceria com o Servi\u00e7o Nacional de Aprendizagem Rural (Senar), tamb\u00e9m foram realizadas a\u00e7\u00f5es de combate ao c\u00e2ncer de pr\u00f3stata e de \u00fatero.<\/p>\n<div id=\"attachment_108030\" style=\"width: 609px\" class=\"wp-caption aligncenter\"><a href=\"http:\/\/senoticias.com.br\/se\/wp-content\/uploads\/2017\/11\/A\u00e7\u00e3o_e_Cidadania_na_Comunidade-9-e1510131829582.jpg\"><img loading=\"lazy\" decoding=\"async\" aria-describedby=\"caption-attachment-108030\" class=\"size-full wp-image-108030\" src=\"http:\/\/senoticias.com.br\/se\/wp-content\/uploads\/2017\/11\/A\u00e7\u00e3o_e_Cidadania_na_Comunidade-9-e1510131829582.jpg\" alt=\"Prefeitura de Itaporanga realiza projeto A\u00e7\u00e3o e Cidadania na Comunidade no povoado Nova Descoberta\" width=\"599\" height=\"399\" \/><\/a><p id=\"caption-attachment-108030\" class=\"wp-caption-text\">Prefeitura realiza projeto A\u00e7\u00e3o e Cidadania na povoado Nova Descoberta (foto: ascom)<\/p><\/div>\n<p style=\"text-align: justify;\">O prefeito Ot\u00e1vio Sobral esteve no evento, onde prestigiou todos os atendimentos dispon\u00edveis. Na oportunidade, destacou que esta \u00e9 a primeira de muitas a\u00e7\u00f5es que ser\u00e3o realizadas pela Administra\u00e7\u00e3o. \u201cEsta \u00e9 a nossa primeira edi\u00e7\u00e3o e j\u00e1 podemos ver o sucesso. Com certeza vir\u00e3o outras, abrangendo diversas comunidades do nosso munic\u00edpio. A inten\u00e7\u00e3o \u00e9 levar todos os nossos servi\u00e7os para os povoados, beneficiando as comunidades, proporcionando atividades diferentes que englobam todas as Secretarias\u201d, afirmou o gestor, orgulhoso.<\/p>\n<p style=\"text-align: justify;\">O vice-prefeito Francinaldo Alves diz que a Administra\u00e7\u00e3o ir\u00e1 trabalhar para fazer mais a\u00e7\u00f5es como esta nas comunidades. \u201cFiquei encantado com a a\u00e7\u00e3o. Passei pelo Nicola Mandarino onde foram realizadas as a\u00e7\u00f5es da sa\u00fade, com v\u00e1rios programas, entre eles os que s\u00e3o oferecidos pelo Senar em uma parceria firmada com a Prefeitura, e que a popula\u00e7\u00e3o tem a oportunidade de fazer aqui. Aqui na pra\u00e7a tamb\u00e9m temos diversas a\u00e7\u00f5es, voltadas tamb\u00e9m para as crian\u00e7as, fiquei realmente encantado e queremos fazer a\u00e7\u00f5es assim cada vez mais. \u00c9 muito importante porque aproxima um pouco a gente da popula\u00e7\u00e3o, n\u00f3s trazemos a prefeitura para a zona rural e podemos ouvir a comunidade\u201d, disse, feliz.<\/p>\n<p style=\"text-align: justify;\">O ex-prefeito e atual superintendente da Codevasf, C\u00e9sar Mandarino, esteve prestigiando o evento e enfatizou a import\u00e2ncia da oferta dos servi\u00e7os nas comunidades. \u201c\u00c9 um evento de suma import\u00e2ncia, uma integra\u00e7\u00e3o de todos os servi\u00e7os que a prefeitura faz e de servi\u00e7os que o Senar presta a popula\u00e7\u00e3o. Esta edi\u00e7\u00e3o est\u00e1 sendo realizada no povoado Nova Descoberta, mas o prefeito Ot\u00e1vio Sobral levar\u00e1 tamb\u00e9m para outras comunidades, coisa que realmente integra as pessoas, os servi\u00e7os e onde h\u00e1, tamb\u00e9m, uma grande parceria em prol do povo itaporanguense\u201d.<\/p>\n<p><strong>Popula\u00e7\u00e3o Satisfeita<\/strong><\/p>\n<p style=\"text-align: justify;\">O A\u00e7\u00e3o e Cidadania na Comunidade \u00e9 um projeto da Prefeitura de Itaporanga que leva at\u00e9 o cidad\u00e3o servi\u00e7os de sa\u00fade, bem-estar, assist\u00eancia, lazer e educa\u00e7\u00e3o. A a\u00e7\u00e3o \u00e9 uma uni\u00e3o de diversas Secretarias do munic\u00edpio, parceiros e volunt\u00e1rios. No povoado Nova Descoberta foram ofertados servi\u00e7os de cadastramento e recadastramento do Bolsa Fam\u00edlia, agendamento para o INSS, emiss\u00e3o de passe livre intermunicipal e interestadual para pessoa com defici\u00eancia e idoso, encaminhamento e solicita\u00e7\u00e3o de 2\u00aa certid\u00e3o, corte de cabelo, recria\u00e7\u00e3o para crian\u00e7as, vacina\u00e7\u00e3o, aferi\u00e7\u00e3o de press\u00e3o e glicemia, palestras e atendimentos do NASF, assist\u00eancia jur\u00eddica, entre outros.<\/p>\n<p style=\"text-align: justify;\">O aposentado Carlos Batalha de Almeida aprovou o projeto e diz que ficou bastante satisfeito com o servi\u00e7o que procurou. \u201cPra mim essa a\u00e7\u00e3o foi muito boa, porque pelo menos n\u00e3o gastamos dinheiro de passagem, j\u00e1 podemos fazer o servi\u00e7o aqui, tudo \u00f3timo. \u00c9 muito importante que a prefeitura continue com estas a\u00e7\u00f5es, eu gostei bastante. Vim trocar meu passe livre, para quem sabe dar uma passeada na casa dos parentes no final do ano\u201d, disse, satisfeito.<\/p>\n<p style=\"text-align: justify;\">J\u00e1 a dona de casa Jucilene dos Santos diz que foi muito bem assistida pela equipe da Prefeitura quando chegou ao evento. \u201cGostei muito dessa a\u00e7\u00e3o aqui, foi muito bom, aproveitei para tirar a segunda via do meu registro. Ainda quando cheguei aqui meu filho adoeceu e me foi dada toda a assist\u00eancia, como atendimento e at\u00e9 os rem\u00e9dios para ele. N\u00e3o tenho o que falar mesmo, foi maravilhoso\u201d.<\/p>\n<p style=\"text-align: justify;\"><strong>Parceria com o Senar<\/strong><\/p>\n<p style=\"text-align: justify;\">Em uma parceria firmada entre a Prefeitura de Itaporanga D\u2019Ajuda e o Senar, foi realizada mais uma edi\u00e7\u00e3o do Programa Sa\u00fade no Campo, desta vez no povoado Nova Descoberta. Trata-se de um programa do Senar, que atua na zona rural dos munic\u00edpios em parceria com as Prefeituras, ofertando exames voltados para a sa\u00fade do homem e da mulher.\u00a0O Programa consiste de um caminh\u00e3o equipado com dois consult\u00f3rios para a realiza\u00e7\u00e3o de exames Papanicolau, al\u00e9m da oferta de consultas m\u00e9dicas, palestras, teste r\u00e1pido, PSA e toque retal. No total, foram realizados 300 atendimentos, 150 para homens e 150 para mulheres.<\/p>\n<p style=\"text-align: justify;\"><a href=\"http:\/\/senoticias.com.br\/se\/wp-content\/uploads\/2017\/10\/Logo-fone-1-2-1-2-4-6-1-1-1-2-2.jpg\"><img loading=\"lazy\" decoding=\"async\" class=\"aligncenter size-full wp-image-107844\" src=\"http:\/\/senoticias.com.br\/se\/wp-content\/uploads\/2017\/10\/Logo-fone-1-2-1-2-4-6-1-1-1-2-2.jpg\" alt=\"Logo-fone-1-2-1-2-4-6-1-1-1-2\" width=\"599\" height=\"78\" srcset=\"https:\/\/senoticias.com.br\/se\/wp-content\/uploads\/2017\/10\/Logo-fone-1-2-1-2-4-6-1-1-1-2-2.jpg 599w, https:\/\/senoticias.com.br\/se\/wp-content\/uploads\/2017\/10\/Logo-fone-1-2-1-2-4-6-1-1-1-2-2-300x39.jpg 300w\" sizes=\"(max-width: 599px) 100vw, 599px\" \/><\/a><\/p>\n<p style=\"text-align: justify;\"><em><strong>Acompanhe tamb\u00e9m o SE Not\u00edcias no\u00a0<a href=\"https:\/\/twitter.com\/Senoticias\" target=\"_blank\">Twitter<\/a>,\u00a0<a href=\"https:\/\/www.facebook.com\/senoticias1\" target=\"_blank\">Facebook<\/a>\u00a0e no\u00a0<a href=\"https:\/\/www.instagram.com\/senoticias\/\" target=\"_blank\">Instagram<\/a><\/strong><\/em><\/p>\n<p style=\"text-align: justify;\"><em>Da Assessoria de Comunica\u00e7\u00e3o<\/em><\/p>\n","protected":false},"excerpt":{"rendered":"<p>Com o objetivo de levar os servi\u00e7os ofertados pela Prefeitura para os povoados, a Prefeitura de Itaporanga realizou na manh\u00e3 desta ter\u00e7a-feira, 7, a primeira edi\u00e7\u00e3o do Projeto A\u00e7\u00e3o e Cidadania na Comunidade, que aconteceu no povoado Nova Descoberta. Em uma parceria com o Servi\u00e7o Nacional de Aprendizagem Rural (Senar), tamb\u00e9m foram realizadas a\u00e7\u00f5es de [&hellip;]<\/p>\n","protected":false},"author":2,"featured_media":108030,"comment_status":"closed","ping_status":"closed","sticky":false,"template":"","format":"standard","meta":{"footnotes":""},"categories":[38,1],"tags":[6952,1838,1912,4033,6951],"class_list":{"0":"post-108029","1":"post","2":"type-post","3":"status-publish","4":"format-standard","5":"has-post-thumbnail","7":"category-municipios","8":"category-sem-categoria","9":"tag-francinaldo-alves","10":"tag-otavio-sobral","11":"tag-prefeito-otavio-sobral","12":"tag-prefeitura-de-itaporanga","13":"tag-projeto-acao-e-cidadania"},"_links":{"self":[{"href":"https:\/\/senoticias.com.br\/se\/wp-json\/wp\/v2\/posts\/108029"}],"collection":[{"href":"https:\/\/senoticias.com.br\/se\/wp-json\/wp\/v2\/posts"}],"about":[{"href":"https:\/\/senoticias.com.br\/se\/wp-json\/wp\/v2\/types\/post"}],"author":[{"embeddable":true,"href":"https:\/\/senoticias.com.br\/se\/wp-json\/wp\/v2\/users\/2"}],"replies":[{"embeddable":true,"href":"https:\/\/senoticias.com.br\/se\/wp-json\/wp\/v2\/comments?post=108029"}],"version-history":[{"count":0,"href":"https:\/\/senoticias.com.br\/se\/wp-json\/wp\/v2\/posts\/108029\/revisions"}],"wp:featuredmedia":[{"embeddable":true,"href":"https:\/\/senoticias.com.br\/se\/wp-json\/wp\/v2\/media\/108030"}],"wp:attachment":[{"href":"https:\/\/senoticias.com.br\/se\/wp-json\/wp\/v2\/media?parent=108029"}],"wp:term":[{"taxonomy":"category","embeddable":true,"href":"https:\/\/senoticias.com.br\/se\/wp-json\/wp\/v2\/categories?post=108029"},{"taxonomy":"post_tag","embeddable":true,"href":"https:\/\/senoticias.com.br\/se\/wp-json\/wp\/v2\/tags?post=108029"}],"curies":[{"name":"wp","href":"https:\/\/api.w.org\/{rel}","templated":true}]}}