{"id":108013,"date":"2017-11-07T15:27:25","date_gmt":"2017-11-07T18:27:25","guid":{"rendered":"http:\/\/senoticias.com.br\/se\/?p=108013"},"modified":"2017-11-08T05:47:17","modified_gmt":"2017-11-08T08:47:17","slug":"banese-card-reabre-loja-central-aracaju","status":"publish","type":"post","link":"https:\/\/senoticias.com.br\/se\/banese-card-reabre-loja-central-aracaju\/","title":{"rendered":"Banese Card reabre loja Central Aracaju"},"content":{"rendered":"<p style=\"text-align: justify;\"><span style=\"color: #000000;\">A loja Central do cart\u00e3o de cr\u00e9dito Banese Card, localizada na parte t\u00e9rrea do Edif\u00edcio Estado de Sergipe, no centro de Aracaju, foi reaberta na \u00faltima sexta-feira, 03, ap\u00f3s um per\u00edodo de 90 dias em reforma. Segundo a presidente do Banese Card, L\u00edvia Carvalho Meireles, a reforma foi feita para proporcionar maior conforto aos portadores do cart\u00e3o e aos lojistas credenciados pela empresa.<\/span><\/p>\n<p style=\"text-align: justify;\"><span style=\"color: #000000;\">\u201cO bom atendimento aos nossos clientes \u00e9 fundamental para a manuten\u00e7\u00e3o da nossa empresa\u201d, disse a presidente durante a solenidade de reabertura da loja, que contou com a presen\u00e7a do presidente do Banese, Fernando Mota, que tamb\u00e9m preside o Conselho de Administra\u00e7\u00e3o da Sergipe Administradora de Cart\u00f5es e Servi\u00e7os Ltda. (Seac), empresa que administra o cart\u00e3o de cr\u00e9dito Banese Card.<\/span><\/p>\n<div id=\"attachment_108014\" style=\"width: 609px\" class=\"wp-caption aligncenter\"><a href=\"http:\/\/senoticias.com.br\/se\/wp-content\/uploads\/2017\/11\/banese-SENOTICIAS-e1510079209118.jpg\"><img loading=\"lazy\" decoding=\"async\" aria-describedby=\"caption-attachment-108014\" class=\"size-full wp-image-108014\" src=\"http:\/\/senoticias.com.br\/se\/wp-content\/uploads\/2017\/11\/banese-SENOTICIAS-e1510079209118.jpg\" alt=\"Foto: divulga\u00e7\u00e3o\" width=\"599\" height=\"400\" \/><\/a><p id=\"caption-attachment-108014\" class=\"wp-caption-text\">Foto: divulga\u00e7\u00e3o<\/p><\/div>\n<p style=\"text-align: justify;\"><span style=\"color: #000000;\">Participaram ainda da solenidade o secret\u00e1rio estadual de Governo, Benedito Figueiredo, al\u00e9m de diretores e superintendentes do banco e do Banese Card, bem como diversos funcion\u00e1rios das duas institui\u00e7\u00f5es.<\/span><\/p>\n<p style=\"text-align: justify;\"><span style=\"color: #000000;\">De acordo com a diretoria do Banese Card, a nova loja Central ir\u00e1 funcionar dentro de um conceito de atendimento estritamente negocial. Com 12 pontos de atendimento e quatro terminais de autoatendimento, a unidade, entre outros servi\u00e7os e consultas, possibilita a ades\u00e3o ao cart\u00e3o, altera\u00e7\u00e3o cadastral, bloqueio e desbloqueio, solicita\u00e7\u00e3o de aumento de limite e renegocia\u00e7\u00e3o de d\u00edvidas, al\u00e9m de atendimento ao lojista para credenciamento e antecipa\u00e7\u00e3o de receb\u00edveis.<\/span><\/p>\n<p style=\"text-align: justify;\"><strong><span style=\"color: #000000;\">Novo modelo<\/span><\/strong><\/p>\n<p style=\"text-align: justify;\"><span style=\"color: #000000;\">Esta \u00e9 a segunda loja do Banese Card a adotar o modelo de atendimento estritamente negocial. A primeira foi inaugurada em setembro \u00faltimo no Shopping Pr\u00eamio, no munic\u00edpio de Nossa Senhora do Socorro, vizinho a Aracaju.<\/span><\/p>\n<p style=\"text-align: justify;\"><span style=\"color: #000000;\">A Diretoria do Banese Card ressalta que os clientes do cart\u00e3o possuem isen\u00e7\u00e3o da taxa de anuidade, programa de fidelidade com bonifica\u00e7\u00e3o e a op\u00e7\u00e3o de ades\u00e3o ao seguro contra roubo e outros sinistros. Segundo a Diretoria, o cart\u00e3o de cr\u00e9dito Banese Card, atualmente, possui cerca de 510 mil clientes aptos a comprar, al\u00e9m de 38 mil lojistas credenciados.<\/span><\/p>\n<p style=\"text-align: justify;\"><a href=\"http:\/\/senoticias.com.br\/se\/wp-content\/uploads\/2017\/10\/Logo-fone-1-2-1-2-4-6-1-1-1-2-2.jpg\"><img loading=\"lazy\" decoding=\"async\" class=\"aligncenter size-full wp-image-107844\" src=\"http:\/\/senoticias.com.br\/se\/wp-content\/uploads\/2017\/10\/Logo-fone-1-2-1-2-4-6-1-1-1-2-2.jpg\" alt=\"Logo-fone-1-2-1-2-4-6-1-1-1-2\" width=\"599\" height=\"78\" srcset=\"https:\/\/senoticias.com.br\/se\/wp-content\/uploads\/2017\/10\/Logo-fone-1-2-1-2-4-6-1-1-1-2-2.jpg 599w, https:\/\/senoticias.com.br\/se\/wp-content\/uploads\/2017\/10\/Logo-fone-1-2-1-2-4-6-1-1-1-2-2-300x39.jpg 300w\" sizes=\"(max-width: 599px) 100vw, 599px\" \/><\/a><\/p>\n<p><em><strong>Acompanhe tamb\u00e9m o SE Not\u00edcias no\u00a0<a href=\"https:\/\/twitter.com\/Senoticias\" target=\"_blank\">Twitter<\/a>,\u00a0<a href=\"https:\/\/www.facebook.com\/senoticias1\" target=\"_blank\">Facebook<\/a>\u00a0e no\u00a0<a href=\"https:\/\/www.instagram.com\/senoticias\/\" target=\"_blank\">Instagram<\/a><\/strong><\/em><\/p>\n<p>Por ASN<\/p>\n","protected":false},"excerpt":{"rendered":"<p>A loja Central do cart\u00e3o de cr\u00e9dito Banese Card, localizada na parte t\u00e9rrea do Edif\u00edcio Estado de Sergipe, no centro de Aracaju, foi reaberta na \u00faltima sexta-feira, 03, ap\u00f3s um per\u00edodo de 90 dias em reforma. Segundo a presidente do Banese Card, L\u00edvia Carvalho Meireles, a reforma foi feita para proporcionar maior conforto aos portadores [&hellip;]<\/p>\n","protected":false},"author":2,"featured_media":0,"comment_status":"closed","ping_status":"closed","sticky":false,"template":"","format":"standard","meta":{"footnotes":""},"categories":[15],"tags":[761,6838,5222,6944],"class_list":{"0":"post-108013","1":"post","2":"type-post","3":"status-publish","4":"format-standard","6":"category-destaques","7":"tag-banese","8":"tag-banesecard","9":"tag-centro","10":"tag-loja"},"_links":{"self":[{"href":"https:\/\/senoticias.com.br\/se\/wp-json\/wp\/v2\/posts\/108013"}],"collection":[{"href":"https:\/\/senoticias.com.br\/se\/wp-json\/wp\/v2\/posts"}],"about":[{"href":"https:\/\/senoticias.com.br\/se\/wp-json\/wp\/v2\/types\/post"}],"author":[{"embeddable":true,"href":"https:\/\/senoticias.com.br\/se\/wp-json\/wp\/v2\/users\/2"}],"replies":[{"embeddable":true,"href":"https:\/\/senoticias.com.br\/se\/wp-json\/wp\/v2\/comments?post=108013"}],"version-history":[{"count":0,"href":"https:\/\/senoticias.com.br\/se\/wp-json\/wp\/v2\/posts\/108013\/revisions"}],"wp:attachment":[{"href":"https:\/\/senoticias.com.br\/se\/wp-json\/wp\/v2\/media?parent=108013"}],"wp:term":[{"taxonomy":"category","embeddable":true,"href":"https:\/\/senoticias.com.br\/se\/wp-json\/wp\/v2\/categories?post=108013"},{"taxonomy":"post_tag","embeddable":true,"href":"https:\/\/senoticias.com.br\/se\/wp-json\/wp\/v2\/tags?post=108013"}],"curies":[{"name":"wp","href":"https:\/\/api.w.org\/{rel}","templated":true}]}}