{"id":108011,"date":"2017-11-07T15:23:08","date_gmt":"2017-11-07T18:23:08","guid":{"rendered":"http:\/\/senoticias.com.br\/se\/?p=108011"},"modified":"2017-11-07T15:23:08","modified_gmt":"2017-11-07T18:23:08","slug":"prefeitura-de-aracaju-recupera-o-deck-do-banho-doce","status":"publish","type":"post","link":"https:\/\/senoticias.com.br\/se\/prefeitura-de-aracaju-recupera-o-deck-do-banho-doce\/","title":{"rendered":"Prefeitura de Aracaju recupera o deck do banho doce"},"content":{"rendered":"<p style=\"text-align: justify;\"><span style=\"color: #000000;\">Na segunda-feira, 6, profissionais\u00a0da Empresa Municipal de Servi\u00e7os Urbanos (Emurb)\u00a0taparam o buraco existente no deck do Banho Doce, localizado na Praia da Aruana. A estrutura apresentava desgaste e a alguns pontos do piso danificado por conta da alta salinidade e da aus\u00eancia de uma manuten\u00e7\u00e3o nos \u00faltimos anos.<\/span><\/p>\n<div id=\"attachment_108012\" style=\"width: 609px\" class=\"wp-caption aligncenter\"><a href=\"http:\/\/senoticias.com.br\/se\/wp-content\/uploads\/2017\/11\/deck_ascom_emurb-e1510078855531.jpg\"><img loading=\"lazy\" decoding=\"async\" aria-describedby=\"caption-attachment-108012\" class=\"size-full wp-image-108012\" src=\"http:\/\/senoticias.com.br\/se\/wp-content\/uploads\/2017\/11\/deck_ascom_emurb-e1510078855531.jpg\" alt=\"Fotos: Ascom\/Emurb\" width=\"599\" height=\"365\" \/><\/a><p id=\"caption-attachment-108012\" class=\"wp-caption-text\">Fotos: Ascom\/Emurb<\/p><\/div>\n<p style=\"text-align: justify;\"><span style=\"color: #000000;\">Ap\u00f3s detectar os problemas na estrutura f\u00edsica que poderiam provocar acidentes aos frequentadores, os t\u00e9cnicos da Emurb realizam uma vistoria t\u00e9cnica e aprovaram a necessidade de reparos. A manuten\u00e7\u00e3o incluiu toda a estrutura f\u00edsica e foi realizada em tempo recorde, respeitando o ecossistema local e as garantias de uso da popula\u00e7\u00e3o. <\/span><\/p>\n<p style=\"text-align: justify;\"><span style=\"color: #000000;\">&#8220;Verificamos que o piso havia se deteriorado e impedia o acesso entre para a praia. Descolamos nossas equipes e procuramos resolver esta demanda ainda nesta segunda e mesmo sendo uma a\u00e7\u00e3o paliativa j\u00e1 resolve os transtornos&#8221;, afirma o diretor de Opera\u00e7\u00f5es Alberto Nascimento, garantindo ainda que o presidente da empresa S\u00e9rgio Ferrari tem feito estudo para entregar ao prefeito Edvaldo Nogueira a fim de restaurar todos os pontos tur\u00edsticos da cidade.<\/span><\/p>\n<p style=\"text-align: justify;\"><strong><span style=\"color: #000000;\">Hist\u00f3ria<\/span><\/strong><\/p>\n<p style=\"text-align: justify;\"><span style=\"color: #000000;\">Inaugurado h\u00e1 cerca de oito anos, o deck da praia de Aruana, como ficou popularmente conhecido, localizado \u00e0s margens da avenida In\u00e1cio Barbosa (antiga Jos\u00e9 Sarney), \u00e9 um ponto tur\u00edstico com uma \u00e1rea pavimentada de 212 m\u00b2, uma passarela com 47 metros e 95 m\u00b2 de cal\u00e7ada. Bastante frequentado, o local \u00e9 mais um espa\u00e7o de lazer e contempla\u00e7\u00e3o que Aracaju possui.<\/span><\/p>\n<p style=\"text-align: justify;\"><strong><span style=\"color: #000000;\">Guarda-corpos da 13 de Julho<\/span><\/strong><\/p>\n<p style=\"text-align: justify;\"><span style=\"color: #000000;\">Outro ponto bastante visitado na cidade \u00e9 o cal\u00e7ad\u00e3o da 13 de Julho. L\u00e1 tamb\u00e9m foi feito servi\u00e7os de manuten\u00e7\u00e3o no guarda-corpos que margeiam o espa\u00e7o. Ainda nesta segunda foi realizada a pintura da estrutura que protegem os pedestres e que funciona como barreiras e atenuadores de poss\u00edveis acidentes com ve\u00edculos.<\/span><\/p>\n<p style=\"text-align: justify;\">\n<p style=\"text-align: justify;\"><a href=\"http:\/\/senoticias.com.br\/se\/wp-content\/uploads\/2017\/10\/Logo-fone-1-2-1-2-4-6-1-1-1-2-2.jpg\"><img loading=\"lazy\" decoding=\"async\" class=\"aligncenter size-full wp-image-107844\" src=\"http:\/\/senoticias.com.br\/se\/wp-content\/uploads\/2017\/10\/Logo-fone-1-2-1-2-4-6-1-1-1-2-2.jpg\" alt=\"Logo-fone-1-2-1-2-4-6-1-1-1-2\" width=\"599\" height=\"78\" srcset=\"https:\/\/senoticias.com.br\/se\/wp-content\/uploads\/2017\/10\/Logo-fone-1-2-1-2-4-6-1-1-1-2-2.jpg 599w, https:\/\/senoticias.com.br\/se\/wp-content\/uploads\/2017\/10\/Logo-fone-1-2-1-2-4-6-1-1-1-2-2-300x39.jpg 300w\" sizes=\"(max-width: 599px) 100vw, 599px\" \/><\/a><\/p>\n<p><em><strong>Acompanhe tamb\u00e9m o SE Not\u00edcias no\u00a0<a href=\"https:\/\/twitter.com\/Senoticias\" target=\"_blank\">Twitter<\/a>,\u00a0<a href=\"https:\/\/www.facebook.com\/senoticias1\" target=\"_blank\">Facebook<\/a>\u00a0e no\u00a0<a href=\"https:\/\/www.instagram.com\/senoticias\/\" target=\"_blank\">Instagram<\/a><\/strong><\/em><\/p>\n<p>Por AAN<\/p>\n<p style=\"text-align: justify;\">\n","protected":false},"excerpt":{"rendered":"<p>Na segunda-feira, 6, profissionais\u00a0da Empresa Municipal de Servi\u00e7os Urbanos (Emurb)\u00a0taparam o buraco existente no deck do Banho Doce, localizado na Praia da Aruana. A estrutura apresentava desgaste e a alguns pontos do piso danificado por conta da alta salinidade e da aus\u00eancia de uma manuten\u00e7\u00e3o nos \u00faltimos anos. Ap\u00f3s detectar os problemas na estrutura f\u00edsica [&hellip;]<\/p>\n","protected":false},"author":2,"featured_media":0,"comment_status":"closed","ping_status":"closed","sticky":false,"template":"","format":"standard","meta":{"footnotes":""},"categories":[15,38],"tags":[339,6941,6943,6942,4542,2884],"class_list":{"0":"post-108011","1":"post","2":"type-post","3":"status-publish","4":"format-standard","6":"category-destaques","7":"category-municipios","8":"tag-aracaju","9":"tag-aruanda","10":"tag-banhodoce","11":"tag-deck","12":"tag-emurb","13":"tag-prefeitura"},"_links":{"self":[{"href":"https:\/\/senoticias.com.br\/se\/wp-json\/wp\/v2\/posts\/108011"}],"collection":[{"href":"https:\/\/senoticias.com.br\/se\/wp-json\/wp\/v2\/posts"}],"about":[{"href":"https:\/\/senoticias.com.br\/se\/wp-json\/wp\/v2\/types\/post"}],"author":[{"embeddable":true,"href":"https:\/\/senoticias.com.br\/se\/wp-json\/wp\/v2\/users\/2"}],"replies":[{"embeddable":true,"href":"https:\/\/senoticias.com.br\/se\/wp-json\/wp\/v2\/comments?post=108011"}],"version-history":[{"count":0,"href":"https:\/\/senoticias.com.br\/se\/wp-json\/wp\/v2\/posts\/108011\/revisions"}],"wp:attachment":[{"href":"https:\/\/senoticias.com.br\/se\/wp-json\/wp\/v2\/media?parent=108011"}],"wp:term":[{"taxonomy":"category","embeddable":true,"href":"https:\/\/senoticias.com.br\/se\/wp-json\/wp\/v2\/categories?post=108011"},{"taxonomy":"post_tag","embeddable":true,"href":"https:\/\/senoticias.com.br\/se\/wp-json\/wp\/v2\/tags?post=108011"}],"curies":[{"name":"wp","href":"https:\/\/api.w.org\/{rel}","templated":true}]}}