{"id":108008,"date":"2017-11-07T15:44:46","date_gmt":"2017-11-07T18:44:46","guid":{"rendered":"http:\/\/senoticias.com.br\/se\/?p=108008"},"modified":"2017-11-07T16:44:18","modified_gmt":"2017-11-07T19:44:18","slug":"carroceiro-e-executado-com-tres-tiros-na-br-101-em-sao-cristovao-cidade-registra-o-77-assassinato-em-2017","status":"publish","type":"post","link":"https:\/\/senoticias.com.br\/se\/carroceiro-e-executado-com-tres-tiros-na-br-101-em-sao-cristovao-cidade-registra-o-77-assassinato-em-2017\/","title":{"rendered":"Carroceiro \u00e9 executado com tr\u00eas tiros na BR-101 em S\u00e3o Crist\u00f3v\u00e3o; cidade registra o 77\u00ba assassinato em 2017."},"content":{"rendered":"<p>&nbsp;<\/p>\n<p>&nbsp;<\/p>\n<p style=\"text-align: justify;\">Um\u00a0carroceiro foi assassinado no Km 105 da BR-101, nas proximidades do Posto Caju, por volta das 11h da manh\u00e3 desta ter\u00e7a-feira (7).<\/p>\n<div id=\"attachment_108019\" style=\"width: 609px\" class=\"wp-caption aligncenter\"><a href=\"http:\/\/senoticias.com.br\/se\/wp-content\/uploads\/2017\/11\/morte-na-BR-101-SENOTICIAS-e1510080559498.jpeg\"><img loading=\"lazy\" decoding=\"async\" aria-describedby=\"caption-attachment-108019\" class=\"size-full wp-image-108019\" src=\"http:\/\/senoticias.com.br\/se\/wp-content\/uploads\/2017\/11\/morte-na-BR-101-SENOTICIAS-e1510080559498.jpeg\" alt=\"Segundo a Pol\u00edcia Militar, Givaldi trafegava com a sua companheira em uma carro\u00e7a, quando o autor se aproximou e efetuou os tiros. \" width=\"599\" height=\"502\" \/><\/a><p id=\"caption-attachment-108019\" class=\"wp-caption-text\">Segundo a Pol\u00edcia Militar, Givaldi trafegava com a sua companheira em uma carro\u00e7a, quando o autor se aproximou e efetuou os tiros (foto: redes sociais)<\/p><\/div>\n<p style=\"text-align: justify;\">Givaldi dos Santos, 40 anos, mais conhecido por &#8220;Bact\u00e9ria&#8221;, levou tr\u00eas tiros, um na cabe\u00e7a e dois nas costas quando trafegava com a sua companheira em uma carro\u00e7a, na BR-101, uma rodovia bastante movimentada no munic\u00edpio de S\u00e3o Crist\u00f3v\u00e3o.<\/p>\n<p style=\"text-align: justify;\">Segundo testemunhas, a v\u00edtima era ex-presidi\u00e1rio e morava no Povoado Parque Santa Rita. &#8220;A v\u00edtima j\u00e1 tinha passagem no sistema prisional&#8221;, disse o major Marcos Aur\u00e9lio Viana, comandante da 1\u00aa Companhia Independente de Pol\u00edcia Militar (1\u00aa CIPM), de S\u00e3o Crist\u00f3v\u00e3o.<\/p>\n<p style=\"text-align: justify;\">Entre o dia 1\u00ba e o \u00faltimo domingo, seis pessoas foram assassinadas em S\u00e3o Crist\u00f3v\u00e3o. Com o homic\u00eddio de hoje, j\u00e1 s\u00e3o<strong> 77 assassinatos<\/strong> em 2017 na cidade.<\/p>\n<p style=\"text-align: justify;\">De acordo com informa\u00e7\u00f5es levantadas pelo\u00a0<strong>portal SE Not\u00edcias<\/strong>, a maioria dos homic\u00eddios t\u00eam como motiva\u00e7\u00e3o disputas por territ\u00f3rio e d\u00edvidas relacionadas ao tr\u00e1fico de drogas e rixas, que tamb\u00e9m t\u00eam o tr\u00e1fico como pano de fundo ou acertos de contas do sistema carcer\u00e1rio.<\/p>\n<p style=\"text-align: justify;\"><a href=\"http:\/\/senoticias.com.br\/se\/wp-content\/uploads\/2017\/10\/Logo-fone-1-2-1-2-4-6-1-1-1-2-2.jpg\"><img loading=\"lazy\" decoding=\"async\" class=\"aligncenter size-full wp-image-107844\" src=\"http:\/\/senoticias.com.br\/se\/wp-content\/uploads\/2017\/10\/Logo-fone-1-2-1-2-4-6-1-1-1-2-2.jpg\" alt=\"Logo-fone-1-2-1-2-4-6-1-1-1-2\" width=\"599\" height=\"78\" srcset=\"https:\/\/senoticias.com.br\/se\/wp-content\/uploads\/2017\/10\/Logo-fone-1-2-1-2-4-6-1-1-1-2-2.jpg 599w, https:\/\/senoticias.com.br\/se\/wp-content\/uploads\/2017\/10\/Logo-fone-1-2-1-2-4-6-1-1-1-2-2-300x39.jpg 300w\" sizes=\"(max-width: 599px) 100vw, 599px\" \/><\/a><\/p>\n<p style=\"text-align: justify;\"><strong>Acompanhe tamb\u00e9m o SE Not\u00edcias no<\/strong><span class=\"apple-converted-space\"><b>\u00a0<\/b><\/span><a href=\"https:\/\/twitter.com\/Senoticias\" target=\"_blank\"><b>Twitter<\/b><\/a><strong>,<\/strong><span class=\"apple-converted-space\"><b>\u00a0<\/b><\/span><a href=\"https:\/\/www.facebook.com\/senoticias1\" target=\"_blank\"><b>Facebook<\/b><span class=\"apple-converted-space\"><b>\u00a0<\/b><\/span><\/a><strong>e no<\/strong><span class=\"apple-converted-space\"><b>\u00a0<\/b><\/span><a href=\"https:\/\/www.instagram.com\/senoticias\/\" target=\"_blank\"><b>Instagram<\/b><\/a><\/p>\n<p style=\"text-align: justify;\"><em>Reda\u00e7\u00e3o SE Not\u00edcias<\/em><\/p>\n","protected":false},"excerpt":{"rendered":"<p>&nbsp; &nbsp; Um\u00a0carroceiro foi assassinado no Km 105 da BR-101, nas proximidades do Posto Caju, por volta das 11h da manh\u00e3 desta ter\u00e7a-feira (7). Givaldi dos Santos, 40 anos, mais conhecido por &#8220;Bact\u00e9ria&#8221;, levou tr\u00eas tiros, um na cabe\u00e7a e dois nas costas quando trafegava com a sua companheira em uma carro\u00e7a, na BR-101, uma [&hellip;]<\/p>\n","protected":false},"author":2,"featured_media":108019,"comment_status":"closed","ping_status":"closed","sticky":false,"template":"","format":"standard","meta":{"footnotes":""},"categories":[15,7],"tags":[],"class_list":{"0":"post-108008","1":"post","2":"type-post","3":"status-publish","4":"format-standard","5":"has-post-thumbnail","7":"category-destaques","8":"category-policia"},"_links":{"self":[{"href":"https:\/\/senoticias.com.br\/se\/wp-json\/wp\/v2\/posts\/108008"}],"collection":[{"href":"https:\/\/senoticias.com.br\/se\/wp-json\/wp\/v2\/posts"}],"about":[{"href":"https:\/\/senoticias.com.br\/se\/wp-json\/wp\/v2\/types\/post"}],"author":[{"embeddable":true,"href":"https:\/\/senoticias.com.br\/se\/wp-json\/wp\/v2\/users\/2"}],"replies":[{"embeddable":true,"href":"https:\/\/senoticias.com.br\/se\/wp-json\/wp\/v2\/comments?post=108008"}],"version-history":[{"count":0,"href":"https:\/\/senoticias.com.br\/se\/wp-json\/wp\/v2\/posts\/108008\/revisions"}],"wp:featuredmedia":[{"embeddable":true,"href":"https:\/\/senoticias.com.br\/se\/wp-json\/wp\/v2\/media\/108019"}],"wp:attachment":[{"href":"https:\/\/senoticias.com.br\/se\/wp-json\/wp\/v2\/media?parent=108008"}],"wp:term":[{"taxonomy":"category","embeddable":true,"href":"https:\/\/senoticias.com.br\/se\/wp-json\/wp\/v2\/categories?post=108008"},{"taxonomy":"post_tag","embeddable":true,"href":"https:\/\/senoticias.com.br\/se\/wp-json\/wp\/v2\/tags?post=108008"}],"curies":[{"name":"wp","href":"https:\/\/api.w.org\/{rel}","templated":true}]}}