{"id":107994,"date":"2017-11-06T17:22:53","date_gmt":"2017-11-06T20:22:53","guid":{"rendered":"http:\/\/senoticias.com.br\/se\/?p=107994"},"modified":"2017-11-06T17:23:58","modified_gmt":"2017-11-06T20:23:58","slug":"em-protesto-por-mais-seguranca-onibus-do-transporte-publico-sao-apedrejados-em-socorro","status":"publish","type":"post","link":"https:\/\/senoticias.com.br\/se\/em-protesto-por-mais-seguranca-onibus-do-transporte-publico-sao-apedrejados-em-socorro\/","title":{"rendered":"Em protesto por mais seguran\u00e7a, \u00f4nibus s\u00e3o apedrejados em Socorro"},"content":{"rendered":"<p style=\"text-align: justify;\"><span style=\"color: #000000;\">Nesta segunda-feira, 06, dois \u00f4nibus do transporte coletivo foram apedrejados em Nossa Senhora do Socorro.\u00a0A popula\u00e7\u00e3o pedia por mais seguran\u00e7a e protestava contra a morte de uma jovem de 13 anos no \u00faltimo fim de semana. <\/span><\/p>\n<div id=\"attachment_107995\" style=\"width: 609px\" class=\"wp-caption aligncenter\"><a href=\"http:\/\/senoticias.com.br\/se\/wp-content\/uploads\/2017\/11\/onibus-SENOTICIAS-e1509999727371.jpeg\"><img loading=\"lazy\" decoding=\"async\" aria-describedby=\"caption-attachment-107995\" class=\"size-full wp-image-107995\" src=\"http:\/\/senoticias.com.br\/se\/wp-content\/uploads\/2017\/11\/onibus-SENOTICIAS-e1509999727371.jpeg\" alt=\"Fotos enviadas pelo Setransp\" width=\"599\" height=\"449\" \/><\/a><p id=\"caption-attachment-107995\" class=\"wp-caption-text\">Fotos enviadas pelo Setransp<\/p><\/div>\n<p style=\"text-align: justify;\"><span style=\"color: #000000;\">O \u00f4nibus da linha Marcos Freire III (061) foi apedrejado nas proximidades do Caique do Conjunto Albano Franco, no Marcos Freire I, e teve 17 janelas quebradas.\u00a0Segundo a assessoria do Sindicato das Empresas de Transporte de Passageiros de Aracaju (Setransp), as pessoas tamb\u00e9m tentaram incendiar o ve\u00edculo.\u00a0<\/span><\/p>\n<p style=\"text-align: justify;\"><span style=\"color: #000000;\"><a href=\"http:\/\/senoticias.com.br\/se\/wp-content\/uploads\/2017\/11\/vandalismo-SENOTICIAS-e1509999760697.jpeg\"><img loading=\"lazy\" decoding=\"async\" class=\"aligncenter size-full wp-image-107996\" src=\"http:\/\/senoticias.com.br\/se\/wp-content\/uploads\/2017\/11\/vandalismo-SENOTICIAS-e1509999760697.jpeg\" alt=\"vandalismo SENOTICIAS\" width=\"599\" height=\"449\" \/><\/a><\/span><\/p>\n<p style=\"text-align: justify;\"><span style=\"color: #000000;\">O outro \u00f4nibus foi vandalizado durante a tarde, desta vez no final de linha do Albano Franco.\u00a0 A popula\u00e7\u00e3o ateou fogo nos bancos do motorista e do cobrador. Ainda segundo o Setransp, os dois ve\u00edculos foram retirados de linha.<\/span><\/p>\n<p style=\"text-align: justify;\"><a href=\"http:\/\/senoticias.com.br\/se\/wp-content\/uploads\/2017\/10\/Logo-fone-1-2-1-2-4-6-1-1-1-2-2.jpg\"><img loading=\"lazy\" decoding=\"async\" class=\"aligncenter size-full wp-image-107844\" src=\"http:\/\/senoticias.com.br\/se\/wp-content\/uploads\/2017\/10\/Logo-fone-1-2-1-2-4-6-1-1-1-2-2.jpg\" alt=\"Logo-fone-1-2-1-2-4-6-1-1-1-2\" width=\"599\" height=\"78\" srcset=\"https:\/\/senoticias.com.br\/se\/wp-content\/uploads\/2017\/10\/Logo-fone-1-2-1-2-4-6-1-1-1-2-2.jpg 599w, https:\/\/senoticias.com.br\/se\/wp-content\/uploads\/2017\/10\/Logo-fone-1-2-1-2-4-6-1-1-1-2-2-300x39.jpg 300w\" sizes=\"(max-width: 599px) 100vw, 599px\" \/><\/a><\/p>\n<p style=\"text-align: justify;\"><em><strong>Acompanhe tamb\u00e9m o SE Not\u00edcias no\u00a0<a href=\"https:\/\/twitter.com\/Senoticias\" target=\"_blank\">Twitter<\/a>,\u00a0<a href=\"https:\/\/www.facebook.com\/senoticias1\" target=\"_blank\">Facebook<\/a>\u00a0e no\u00a0<a href=\"https:\/\/www.instagram.com\/senoticias\/\" target=\"_blank\">Instagram<\/a><\/strong><\/em><\/p>\n<p style=\"text-align: justify;\"><span style=\"color: #000000;\">Ascom Setransp<\/span><\/p>\n","protected":false},"excerpt":{"rendered":"<p>Nesta segunda-feira, 06, dois \u00f4nibus do transporte coletivo foram apedrejados em Nossa Senhora do Socorro.\u00a0A popula\u00e7\u00e3o pedia por mais seguran\u00e7a e protestava contra a morte de uma jovem de 13 anos no \u00faltimo fim de semana. O \u00f4nibus da linha Marcos Freire III (061) foi apedrejado nas proximidades do Caique do Conjunto Albano Franco, no [&hellip;]<\/p>\n","protected":false},"author":2,"featured_media":0,"comment_status":"closed","ping_status":"closed","sticky":false,"template":"","format":"standard","meta":{"footnotes":""},"categories":[15,38],"tags":[2875,2970,2746,3704,857],"class_list":{"0":"post-107994","1":"post","2":"type-post","3":"status-publish","4":"format-standard","6":"category-destaques","7":"category-municipios","8":"tag-onibus","9":"tag-protesto","10":"tag-socorro","11":"tag-transporte-publico","12":"tag-violencia"},"_links":{"self":[{"href":"https:\/\/senoticias.com.br\/se\/wp-json\/wp\/v2\/posts\/107994"}],"collection":[{"href":"https:\/\/senoticias.com.br\/se\/wp-json\/wp\/v2\/posts"}],"about":[{"href":"https:\/\/senoticias.com.br\/se\/wp-json\/wp\/v2\/types\/post"}],"author":[{"embeddable":true,"href":"https:\/\/senoticias.com.br\/se\/wp-json\/wp\/v2\/users\/2"}],"replies":[{"embeddable":true,"href":"https:\/\/senoticias.com.br\/se\/wp-json\/wp\/v2\/comments?post=107994"}],"version-history":[{"count":0,"href":"https:\/\/senoticias.com.br\/se\/wp-json\/wp\/v2\/posts\/107994\/revisions"}],"wp:attachment":[{"href":"https:\/\/senoticias.com.br\/se\/wp-json\/wp\/v2\/media?parent=107994"}],"wp:term":[{"taxonomy":"category","embeddable":true,"href":"https:\/\/senoticias.com.br\/se\/wp-json\/wp\/v2\/categories?post=107994"},{"taxonomy":"post_tag","embeddable":true,"href":"https:\/\/senoticias.com.br\/se\/wp-json\/wp\/v2\/tags?post=107994"}],"curies":[{"name":"wp","href":"https:\/\/api.w.org\/{rel}","templated":true}]}}