{"id":107993,"date":"2017-11-06T16:08:47","date_gmt":"2017-11-06T19:08:47","guid":{"rendered":"http:\/\/senoticias.com.br\/se\/?p=107993"},"modified":"2017-11-06T16:11:29","modified_gmt":"2017-11-06T19:11:29","slug":"confira-o-gabarito-extraoficial-do-enem","status":"publish","type":"post","link":"https:\/\/senoticias.com.br\/se\/confira-o-gabarito-extraoficial-do-enem\/","title":{"rendered":"Confira o gabarito extraoficial do Enem"},"content":{"rendered":"<p style=\"text-align: justify;\"><span style=\"color: #000000;\">No \u00faltimo domingo, 5 de novembro, 4,3 milh\u00f5es de candidatos fizeram a prova do Exame Nacional do Ensino M\u00e9dio (Enem), o que representa 70% do total de inscritos. Segundo o Instituto Nacional de Pesquisas Educacionais (Inep), os gabaritos oficiais ser\u00e3o divulgados no dia 16 de novembro.<\/span><\/p>\n<div id=\"attachment_105149\" style=\"width: 516px\" class=\"wp-caption aligncenter\"><a href=\"http:\/\/senoticias.com.br\/se\/wp-content\/uploads\/2017\/07\/enem-SENOTICIAS.jpg\"><img loading=\"lazy\" decoding=\"async\" aria-describedby=\"caption-attachment-105149\" class=\"size-full wp-image-105149\" src=\"http:\/\/senoticias.com.br\/se\/wp-content\/uploads\/2017\/07\/enem-SENOTICIAS.jpg\" alt=\"Foto; ASN\" width=\"506\" height=\"348\" srcset=\"https:\/\/senoticias.com.br\/se\/wp-content\/uploads\/2017\/07\/enem-SENOTICIAS.jpg 506w, https:\/\/senoticias.com.br\/se\/wp-content\/uploads\/2017\/07\/enem-SENOTICIAS-300x206.jpg 300w, https:\/\/senoticias.com.br\/se\/wp-content\/uploads\/2017\/07\/enem-SENOTICIAS-95x64.jpg 95w\" sizes=\"(max-width: 506px) 100vw, 506px\" \/><\/a><p id=\"caption-attachment-105149\" class=\"wp-caption-text\">Foto; ASN<\/p><\/div>\n<p style=\"text-align: justify;\"><span style=\"color: #000000;\">O resultado oficial s\u00f3 \u00e9 divulgado em janeiro, antes da abertura das inscri\u00e7\u00f5es para o Sistema de Sele\u00e7\u00e3o Unificada (Sisu), que seleciona alunos para institui\u00e7\u00f5es p\u00fablicas de ensino a partir da nota no Enem. O espelho das reda\u00e7\u00f5es poder\u00e1 ser acessado apenas em mar\u00e7o, per\u00edodo em que poder\u00e3o consultar a nota que tiraram em cada uma das compet\u00eancias avaliadas.<\/span><\/p>\n<p style=\"text-align: justify;\"><span style=\"color: #000000;\">Professores do Curso e Col\u00e9gio Objetivo elaboraram, a pedido do jornal O Estado de S\u00e3o Paulo, um gabarito extraoficial, que pode ser conferido <a href=\"https:\/\/www1.curso-objetivo.br\/vestibular\/resolucao_comentada\/enem\/enem2017_1dia.asp?img=01\">aqui<\/a>.<\/span><\/p>\n<p style=\"text-align: justify;\"><a href=\"http:\/\/senoticias.com.br\/se\/wp-content\/uploads\/2017\/10\/Logo-fone-1-2-1-2-4-6-1-1-1-2-2.jpg\"><img loading=\"lazy\" decoding=\"async\" class=\"aligncenter size-full wp-image-107844\" src=\"http:\/\/senoticias.com.br\/se\/wp-content\/uploads\/2017\/10\/Logo-fone-1-2-1-2-4-6-1-1-1-2-2.jpg\" alt=\"Logo-fone-1-2-1-2-4-6-1-1-1-2\" width=\"599\" height=\"78\" srcset=\"https:\/\/senoticias.com.br\/se\/wp-content\/uploads\/2017\/10\/Logo-fone-1-2-1-2-4-6-1-1-1-2-2.jpg 599w, https:\/\/senoticias.com.br\/se\/wp-content\/uploads\/2017\/10\/Logo-fone-1-2-1-2-4-6-1-1-1-2-2-300x39.jpg 300w\" sizes=\"(max-width: 599px) 100vw, 599px\" \/><\/a><\/p>\n<p style=\"text-align: justify;\"><em><strong>Acompanhe tamb\u00e9m o SE Not\u00edcias no\u00a0<a href=\"https:\/\/twitter.com\/Senoticias\" target=\"_blank\">Twitter<\/a>,\u00a0<a href=\"https:\/\/www.facebook.com\/senoticias1\" target=\"_blank\">Facebook<\/a>\u00a0e no\u00a0<a href=\"https:\/\/www.instagram.com\/senoticias\/\" target=\"_blank\">Instagram<\/a><\/strong><\/em><\/p>\n<p style=\"text-align: justify;\">Com informa\u00e7\u00f5es do Estad\u00e3o<\/p>\n","protected":false},"excerpt":{"rendered":"<p>No \u00faltimo domingo, 5 de novembro, 4,3 milh\u00f5es de candidatos fizeram a prova do Exame Nacional do Ensino M\u00e9dio (Enem), o que representa 70% do total de inscritos. Segundo o Instituto Nacional de Pesquisas Educacionais (Inep), os gabaritos oficiais ser\u00e3o divulgados no dia 16 de novembro. O resultado oficial s\u00f3 \u00e9 divulgado em janeiro, antes [&hellip;]<\/p>\n","protected":false},"author":2,"featured_media":0,"comment_status":"closed","ping_status":"closed","sticky":false,"template":"","format":"standard","meta":{"footnotes":""},"categories":[15,44,8],"tags":[1306,764,3359,5340,4262,3773],"class_list":{"0":"post-107993","1":"post","2":"type-post","3":"status-publish","4":"format-standard","6":"category-destaques","7":"category-educacao","8":"category-esporte-e-cultura","9":"tag-educacao","10":"tag-enem","11":"tag-ensinomedio","12":"tag-estadao","13":"tag-gabarito","14":"tag-universidade"},"_links":{"self":[{"href":"https:\/\/senoticias.com.br\/se\/wp-json\/wp\/v2\/posts\/107993"}],"collection":[{"href":"https:\/\/senoticias.com.br\/se\/wp-json\/wp\/v2\/posts"}],"about":[{"href":"https:\/\/senoticias.com.br\/se\/wp-json\/wp\/v2\/types\/post"}],"author":[{"embeddable":true,"href":"https:\/\/senoticias.com.br\/se\/wp-json\/wp\/v2\/users\/2"}],"replies":[{"embeddable":true,"href":"https:\/\/senoticias.com.br\/se\/wp-json\/wp\/v2\/comments?post=107993"}],"version-history":[{"count":0,"href":"https:\/\/senoticias.com.br\/se\/wp-json\/wp\/v2\/posts\/107993\/revisions"}],"wp:attachment":[{"href":"https:\/\/senoticias.com.br\/se\/wp-json\/wp\/v2\/media?parent=107993"}],"wp:term":[{"taxonomy":"category","embeddable":true,"href":"https:\/\/senoticias.com.br\/se\/wp-json\/wp\/v2\/categories?post=107993"},{"taxonomy":"post_tag","embeddable":true,"href":"https:\/\/senoticias.com.br\/se\/wp-json\/wp\/v2\/tags?post=107993"}],"curies":[{"name":"wp","href":"https:\/\/api.w.org\/{rel}","templated":true}]}}