{"id":107951,"date":"2017-11-04T23:14:07","date_gmt":"2017-11-05T02:14:07","guid":{"rendered":"http:\/\/senoticias.com.br\/se\/?p=107951"},"modified":"2017-11-04T23:15:34","modified_gmt":"2017-11-05T02:15:34","slug":"inaugurado-voo-da-linha-aracaju-buenos-aires","status":"publish","type":"post","link":"https:\/\/senoticias.com.br\/se\/inaugurado-voo-da-linha-aracaju-buenos-aires\/","title":{"rendered":"Inaugurado voo da linha Aracaju-Buenos Aires"},"content":{"rendered":"<p style=\"text-align: justify;\">O primeiro voo da linha Aracaju-Buenos Aires come\u00e7ou a operar \u00e0s 12h45 desse s\u00e1bado (4) no Aeroporto Santa Maria, em Aracaju (SE), com chegada prevista para \u00e0s 19h45 na Argentina.<\/p>\n<p style=\"text-align: justify;\">O voo faz escala em Salvador, na Bahia, e ir\u00e1 operar semanalmente, sempre aos s\u00e1bados. A expectativa \u00e9 de que o novo voo atraia uma m\u00e9dia de 600 argentinos para Sergipe todos os meses.<\/p>\n<p style=\"text-align: justify;\">O voo ser\u00e1 operado por uma aeronave Boeing 737-800, da empresa Gol Linhas A\u00e9reas, cadastrado com o n\u00famero G3-7491. Decolando \u00e0s 12h45, o hor\u00e1rio previsto de chegada em Buenos Aires \u00e9 19h25. O retorno (voo G3-7490) partir\u00e1 de Buenos Aires\/Ezeiza \u00e0s 20h25 e chegar\u00e1 \u00e0s 02h40 do domingo. Ser\u00e3o disponibilizados 170 assentos com tarifas a partir de U$ 300, ida e volta. As vendas foram iniciadas na \u00faltima segunda-feira, 23.<\/p>\n<div id=\"attachment_107952\" style=\"width: 609px\" class=\"wp-caption aligncenter\"><a href=\"http:\/\/senoticias.com.br\/se\/wp-content\/uploads\/2017\/11\/619be0bdabf1b9de4d969170814a480a-e1509847712577.jpg\"><img loading=\"lazy\" decoding=\"async\" aria-describedby=\"caption-attachment-107952\" class=\"size-full wp-image-107952\" src=\"http:\/\/senoticias.com.br\/se\/wp-content\/uploads\/2017\/11\/619be0bdabf1b9de4d969170814a480a-e1509847712577.jpg\" alt=\"Neste s\u00e1bado, 04 de novembro, o primeiro voo da linha Aracaju - Buenos Aires - Aracaju partir\u00e1 do Aeroporto Santa Maria \/ Foto: Marcelle Cristinne\/ASN\" width=\"599\" height=\"398\" \/><\/a><p id=\"caption-attachment-107952\" class=\"wp-caption-text\">Neste s\u00e1bado, 04 de novembro, o primeiro voo da linha Aracaju &#8211; Buenos Aires &#8211; Aracaju partiu do Aeroporto Santa Maria (foto: Marcelle Cristinne\/ASN)<\/p><\/div>\n<p style=\"text-align: justify;\">A implanta\u00e7\u00e3o do voo, cujas tratativas se iniciaram no m\u00eas de mar\u00e7o, abriu espa\u00e7o para a efetiva\u00e7\u00e3o do Aeroporto Santa Maria na categoria internacional. Para tanto, foram necess\u00e1rias interven\u00e7\u00f5es autorizadas pela Ag\u00eancia Nacional de Avia\u00e7\u00e3o Civil (Anac), al\u00e9m de parcerias com a Empresa Brasileira de Infraestrutura Aeroportu\u00e1ria (Infraero), com a Pol\u00edcia Federal, com a Receita Federal e com a Ag\u00eancia Nacional de Vigil\u00e2ncia Sanit\u00e1ria (Anvisa).<\/p>\n<p style=\"text-align: justify;\">Para viabilizar a implanta\u00e7\u00e3o, o governo de Sergipe concedeu incentivo no querosene de avia\u00e7\u00e3o (QAV), reduzindo a al\u00edquota do ICMS incidente para 6%. Participando de todas as discuss\u00f5es, o governo se fez presente atrav\u00e9s da secretaria de Estado do Turismo (Setur) e da Empresa Sergipana de Turismo (Emsetur).<\/p>\n<p style=\"text-align: justify;\">De acordo com o secret\u00e1rio do Turismo, F\u00e1bio Henrique, o voo inaugural representa um momento hist\u00f3rico para o turismo de Sergipe. \u201cSer\u00e3o muitos argentinos nas praias, bares, restaurantes e hot\u00e9is, conhecendo e consumindo, se admirando com o nosso artesanato. N\u00e3o tenho d\u00favida de que ser\u00e1 um grande marco do governo de Sergipe, da gest\u00e3o do governador Jackson Barreto\u201d, declarou, acrescentando que pelo menos 52 grupos econ\u00f4micos devem ser movimentados com a chegada dos turistas da Argentina.<\/p>\n<p style=\"text-align: justify;\">A estudante Lara Tavares, de 16 anos, visitou a capital argentina em 2016. Com o novo voo, ela poder\u00e1 voltar \u00e0 Argentina para conhecer outras cidades. &#8220;Gostei muito da novidade. O custo da viagem vai ficar menor e assim fica mais f\u00e1cil de ir mais vezes&#8221;, disse.<\/p>\n<p style=\"text-align: justify;\">J\u00e1 a sergipana Aline Molina, de 29 anos, mora em Buenos Aires e costuma voltar a Sergipe periodicamente para visitar familiares. Para ela, o novo voo trar\u00e1 grandes vantagens. \u201cVivo em Buenos Aires por conta dos estudos. Achei essa novidade da rota a\u00e9rea direta uma maravilha. Ir\u00e1 facilitar muito minhas viagens no final do ano. Em dezembro do ano passado, voltando de Buenos Aires para Aracaju, passei 19 horas em Guarulhos esperando um voo. Se torna uma viagem de quase um dia, sendo que a dist\u00e2ncia nem \u00e9 t\u00e3o grande. Acho que j\u00e1 era hora de Aracaju ter esse translado direto, minha expectativa \u00e9 a melhor poss\u00edvel. Pretendo utilizar essa rota em janeiro de 2018, para voltar de Aracaju para Buenos Aires\u201d, afirmou.<\/p>\n<p><strong>Trade tur\u00edstico<\/strong><\/p>\n<p style=\"text-align: justify;\">A diretora da ag\u00eancia Cacilda Viagens e coordenadora da C\u00e2mara Empresarial de Turismo da Fecom\u00e9rcio\/SE, Cacilda Arag\u00e3o, salienta que o novo voo trar\u00e1 conforto e economia ao sergipano.<\/p>\n<p style=\"text-align: justify;\">\u201cEssa \u00e9 uma iniciativa que ir\u00e1 promover o nosso estado como destino. Quanto mais Sergipe for visto, mais se desperta o desejo de conhecer nossas potencialidades tur\u00edsticas. \u00c9 preciso que o trabalho de divulga\u00e7\u00e3o seja feito permanentemente. Vai ser um processo gradativo para que os voos da Argentina para c\u00e1 comecem a encher. Para o sergipano, as tarifas s\u00e3o mais convidativas e o voo ser\u00e1 mais confort\u00e1vel, em um hor\u00e1rio melhor, sem necessidade de passar por S\u00e3o Paulo. \u00c9 uma troca. Quem ganha, principalmente, s\u00e3o os sergipanos e a sociedade. Particularmente, estou muito otimista, e vejo esse voo como um pontap\u00e9 inicial. Estou muito feliz de ver meu estado despontando, e parabenizo o governador pela iniciativa\u201d, diz.<\/p>\n<p style=\"text-align: justify;\">Para Lu\u00eds Sim\u00f5es, membro da diretoria da Associa\u00e7\u00e3o Brasileira da Ind\u00fastria de Hot\u00e9is (ABIH\/SE), o voo significa uma nova via de neg\u00f3cios. \u201cAcho que o voo tem que ser encarado como uma iniciativa v\u00e1lida no momento da crise, porque significa abrir novos caminhos para aumentar o nosso fluxo tur\u00edstico. Uma das a\u00e7\u00f5es para dar sustenta\u00e7\u00e3o ao turismo \u00e9 uma divulga\u00e7\u00e3o permanente e bem programada. \u00c9 preciso um relacionamento cont\u00ednuo entre os empres\u00e1rios e agentes de viagens daqui e da Argentina. A meta \u00e9 aquecer o turismo, principalmente nesta \u00e9poca de fim de ano\u201d, considera.<\/p>\n<p style=\"text-align: justify;\">Lu\u00eds acrescenta que a implanta\u00e7\u00e3o do voo Aracaju &#8211; Buenos Aires integra uma s\u00e9rie de a\u00e7\u00f5es, cujo cronograma prossegue at\u00e9 mar\u00e7o do ano que vem. Dentro da programa\u00e7\u00e3o est\u00e3o previstas diversas rodadas de neg\u00f3cios com o objetivo de ampliar a abertura de Sergipe como destino tur\u00edstico na Am\u00e9rica do Sul. \u201cO voo \u00e9 uma esp\u00e9cie de inaugura\u00e7\u00e3o de todas essas a\u00e7\u00f5es que v\u00e3o acontecer. \u00c9 uma a\u00e7\u00e3o conveniada, um termo de colabora\u00e7\u00e3o m\u00fatua, da qual fazem parte o governo do Estado com a secretaria de Turismo, a Emsetur e todo o trade tur\u00edstico sergipano, representado pela ABIH\u201d, pontua.<\/p>\n<p style=\"text-align: justify;\">As a\u00e7\u00f5es de promo\u00e7\u00e3o do destino Sergipe tiveram in\u00edcio na Argentina, na Feira Internacional de Turismo da Am\u00e9rica Latina 2017 (FIT 20170). O evento ocorreu entre os dias 28 e 31 de outubro no Rural Pr\u00e9dio Serial, em Buenos Aires. Sergipe se fez presente com um stand no setor Brasil. Diversos representantes do trade tur\u00edstico sergipano fizeram parte da viagem de divulga\u00e7\u00e3o, que dever\u00e1 se repetir ainda em novembro.<\/p>\n<p><strong>Aeroporto<\/strong><\/p>\n<p style=\"text-align: justify;\">Em 2016, o Aeroporto de Aracaju recebeu 1.225.591 passageiros. Em 2017, at\u00e9 setembro, as estat\u00edsticas da Infraero indicam que o aeroporto j\u00e1 recebeu um total de 913.376 passageiros.<\/p>\n<p style=\"text-align: justify;\">Em 02 de junho, a Infraero apresentou o novo projeto de amplia\u00e7\u00e3o do terminal de passageiros do Aeroporto Santa Maria. A obra est\u00e1 or\u00e7ada em R$ 85 milh\u00f5es, valor que compreende o novo terminal e a amplia\u00e7\u00e3o do p\u00e1tio de aeronaves em 8.500 m2. Outros R$ 25 milh\u00f5es ser\u00e3o destinados \u00e0 conclus\u00e3o da obra da pista de pouso e decolagem, que j\u00e1 alcan\u00e7aram 80% de execu\u00e7\u00e3o.<\/p>\n<p style=\"text-align: justify;\">A Infraero j\u00e1 disp\u00f5e dos R$ 110 milh\u00f5es necess\u00e1rios. Os recursos s\u00e3o oriundos de emendas parlamentares (R$ 70 milh\u00f5es de 2016 e R$ 40 milh\u00f5es do or\u00e7amento de 2017). Na amplia\u00e7\u00e3o e refor\u00e7o da pista de pouso e decolagem, a Infraero j\u00e1 investiu R$ 60 milh\u00f5es. Com as novas interven\u00e7\u00f5es, o total investido no aeroporto atingir\u00e1 R$ 170 milh\u00f5es.<\/p>\n<p style=\"text-align: justify;\">Desde 2013, o governo de Sergipe realizou uma s\u00e9rie de interven\u00e7\u00f5es complementares \u00e0 amplia\u00e7\u00e3o do Complexo Aeroportu\u00e1rio, a exemplo da implanta\u00e7\u00e3o de um novo sistema vi\u00e1rio no entorno do aeroporto, o desmonte do Morro da Pi\u00e7arreira e a demoli\u00e7\u00e3o do reservat\u00f3rio de \u00e1gua da Deso, o R-5. Computando-se todas as interven\u00e7\u00f5es executadas, o Governo do Estado executou a\u00e7\u00f5es que corresponderam a um investimento total de aproximadamente R$ 55,5 milh\u00f5es.<\/p>\n<p style=\"text-align: justify;\"><strong>Interven\u00e7\u00f5es\u00a0<\/strong><\/p>\n<p style=\"text-align: justify;\">O governo do Estado vem empreendendo diversas a\u00e7\u00f5es voltadas \u00e0 amplia\u00e7\u00e3o e dinamiza\u00e7\u00e3o do setor tur\u00edstico sergipano. Neste sentido, o Programa de Desenvolvimento do Turismo (Prodetur) \u00e9 uma iniciativa de destaque. O Prodetur \u00e9 uma linha de cr\u00e9dito entre o governo do Estado e o Banco Interamericano de Desenvolvimento no Brasil (BID) no valor de US$ 100 milh\u00f5es para o desenvolvimento do turismo em Sergipe, no \u00e2mbito do Prodetur Nacional. Cabe ao BID o financiamento de US$ 60 milh\u00f5es e US$ 40 milh\u00f5es s\u00e3o a contrapartida estadual.<\/p>\n<p style=\"text-align: justify;\">Em mar\u00e7o, o governo do Estado, no \u00e2mbito do Prodetur, firmou Ordem de Servi\u00e7o para implanta\u00e7\u00e3o do sistema de esgotamento sanit\u00e1rio no povoado Crasto \u2013 o investimento \u00e9 de R$ 5.984.822,66.<\/p>\n<p style=\"text-align: justify;\">Na mesma data, o governador Jackson Barreto assinou autoriza\u00e7\u00e3o para abertura do processo licitat\u00f3rio para constru\u00e7\u00e3o da orla do povoado Crasto \u2013 o investimento previsto \u00e9 de R$ 2.757.648,03. A licita\u00e7\u00e3o est\u00e1 sendo finalizada e aguarda autoriza\u00e7\u00e3o da SPU. Em julho de 2016, foi inaugurada a orla de Canind\u00e9, investimento de R$ 6.633.884,61.<\/p>\n<p style=\"text-align: justify;\">Est\u00e1 em execu\u00e7\u00e3o a reforma do Centro de Turismo de Aracaju, com investimento de R$ 1.345.000,00. Encontra-se em processo de licita\u00e7\u00e3o os servi\u00e7os de constru\u00e7\u00e3o e urbaniza\u00e7\u00e3o da orla do povoado Curralinho, no munic\u00edpio de Po\u00e7o Redondo. O investimento \u00e9 de R$ 3.145.963,06. Tamb\u00e9m est\u00e1 em processo licitat\u00f3rio a constru\u00e7\u00e3o dos atracadouros da Ilha Mem de S\u00e1, situada no rio Vaza Barris, e do novo atracadouro do Povoado Caibr\u00f3s, em Itaporanga. O investimento nos atracadouros \u00e9 de R$ 2.445.041,74.<\/p>\n<p style=\"text-align: justify;\">O BID j\u00e1 aprovou no Plano de Aquisi\u00e7\u00f5es as seguintes a\u00e7\u00f5es: Reforma da Orla P\u00f4r do Sol e do Atracadouro, em Aracaju, com investimento de R$ 1,7 milh\u00e3o; Constru\u00e7\u00e3o da orla do Povoado Pontal, com investimento de R$ 2,5 milh\u00f5es; Constru\u00e7\u00e3o do esgotamento sanit\u00e1rio do Povoado Sa\u00fade, em Santana do S\u00e3o Francisco, com investimento de R$ 6 milh\u00f5es. Todos esses empreendimentos j\u00e1 est\u00e3o em licita\u00e7\u00e3o.<\/p>\n<p style=\"text-align: justify;\">Com recursos do Prodetur, o governo do Estado disp\u00f5e de R$ 20 milh\u00f5es para projeto e execu\u00e7\u00e3o da obra de adequa\u00e7\u00e3o urban\u00edstica da orla do litoral sul de Aracaju. O Projeto da nova orla est\u00e1 sendo realizado. A orla ter\u00e1 16,5 quil\u00f4metros, se estendendo do final da Passarela do Caranguejo at\u00e9 o farol da praia do Mosqueiro. A interven\u00e7\u00e3o englobar\u00e1 as praias de Cinel\u00e2ndia, Aruana, Robalo, Ref\u00fagio, N\u00e1ufragos e Mosqueiro, que ser\u00e3o urbanizadas e dotadas de infraestrutura.<\/p>\n<p style=\"text-align: justify;\"><em><strong>Acompanhe tamb\u00e9m o SE Not\u00edcias no\u00a0<a href=\"https:\/\/twitter.com\/Senoticias\" target=\"_blank\">Twitter<\/a>,\u00a0<a href=\"https:\/\/www.facebook.com\/senoticias1\" target=\"_blank\">Facebook<\/a>\u00a0e no\u00a0<a href=\"https:\/\/www.instagram.com\/senoticias\/\" target=\"_blank\">Instagram<\/a><\/strong><\/em><\/p>\n<p style=\"text-align: justify;\"><a href=\"http:\/\/senoticias.com.br\/se\/wp-content\/uploads\/2017\/10\/Logo-fone-1-2-1-2-4-6-1-1-1-2-2.jpg\"><img loading=\"lazy\" decoding=\"async\" class=\"aligncenter size-full wp-image-107844\" src=\"http:\/\/senoticias.com.br\/se\/wp-content\/uploads\/2017\/10\/Logo-fone-1-2-1-2-4-6-1-1-1-2-2.jpg\" alt=\"Logo-fone-1-2-1-2-4-6-1-1-1-2\" width=\"599\" height=\"78\" srcset=\"https:\/\/senoticias.com.br\/se\/wp-content\/uploads\/2017\/10\/Logo-fone-1-2-1-2-4-6-1-1-1-2-2.jpg 599w, https:\/\/senoticias.com.br\/se\/wp-content\/uploads\/2017\/10\/Logo-fone-1-2-1-2-4-6-1-1-1-2-2-300x39.jpg 300w\" sizes=\"(max-width: 599px) 100vw, 599px\" \/><\/a><\/p>\n<p style=\"text-align: justify;\"><em>Ag\u00eancia Sergipe de Not\u00edcias<\/em><\/p>\n","protected":false},"excerpt":{"rendered":"<p>O primeiro voo da linha Aracaju-Buenos Aires come\u00e7ou a operar \u00e0s 12h45 desse s\u00e1bado (4) no Aeroporto Santa Maria, em Aracaju (SE), com chegada prevista para \u00e0s 19h45 na Argentina. O voo faz escala em Salvador, na Bahia, e ir\u00e1 operar semanalmente, sempre aos s\u00e1bados. A expectativa \u00e9 de que o novo voo atraia uma [&hellip;]<\/p>\n","protected":false},"author":2,"featured_media":107952,"comment_status":"closed","ping_status":"closed","sticky":false,"template":"","format":"standard","meta":{"footnotes":""},"categories":[15],"tags":[4854,6892,6891,6899,6896,6898,6895,6894,2246,6900,4850,114,6893,2231,6897],"class_list":{"0":"post-107951","1":"post","2":"type-post","3":"status-publish","4":"format-standard","5":"has-post-thumbnail","7":"category-destaques","8":"tag-aeroporto-santa-maria","9":"tag-agencia-nacional-de-aviacao-civil","10":"tag-anac","11":"tag-boeing-737-800","12":"tag-buenos-aires","13":"tag-empresa-brasileira-de-infraestrutura-aeroportuaria","14":"tag-empresa-sergipana-de-turismo","15":"tag-emsetur","16":"tag-fabio-henrique","17":"tag-gol-linhas-aereas","18":"tag-infraero","19":"tag-jackson-barreto","20":"tag-secretaria-de-estado-do-turismo","21":"tag-setur","22":"tag-voo-inaugural"},"_links":{"self":[{"href":"https:\/\/senoticias.com.br\/se\/wp-json\/wp\/v2\/posts\/107951"}],"collection":[{"href":"https:\/\/senoticias.com.br\/se\/wp-json\/wp\/v2\/posts"}],"about":[{"href":"https:\/\/senoticias.com.br\/se\/wp-json\/wp\/v2\/types\/post"}],"author":[{"embeddable":true,"href":"https:\/\/senoticias.com.br\/se\/wp-json\/wp\/v2\/users\/2"}],"replies":[{"embeddable":true,"href":"https:\/\/senoticias.com.br\/se\/wp-json\/wp\/v2\/comments?post=107951"}],"version-history":[{"count":0,"href":"https:\/\/senoticias.com.br\/se\/wp-json\/wp\/v2\/posts\/107951\/revisions"}],"wp:featuredmedia":[{"embeddable":true,"href":"https:\/\/senoticias.com.br\/se\/wp-json\/wp\/v2\/media\/107952"}],"wp:attachment":[{"href":"https:\/\/senoticias.com.br\/se\/wp-json\/wp\/v2\/media?parent=107951"}],"wp:term":[{"taxonomy":"category","embeddable":true,"href":"https:\/\/senoticias.com.br\/se\/wp-json\/wp\/v2\/categories?post=107951"},{"taxonomy":"post_tag","embeddable":true,"href":"https:\/\/senoticias.com.br\/se\/wp-json\/wp\/v2\/tags?post=107951"}],"curies":[{"name":"wp","href":"https:\/\/api.w.org\/{rel}","templated":true}]}}