{"id":107943,"date":"2017-11-04T15:55:40","date_gmt":"2017-11-04T18:55:40","guid":{"rendered":"http:\/\/senoticias.com.br\/se\/?p=107943"},"modified":"2017-11-04T15:55:40","modified_gmt":"2017-11-04T18:55:40","slug":"stf-proibe-nota-zero-para-redacao-do-enem-que-ferir-direitos-humanos","status":"publish","type":"post","link":"https:\/\/senoticias.com.br\/se\/stf-proibe-nota-zero-para-redacao-do-enem-que-ferir-direitos-humanos\/","title":{"rendered":"STF pro\u00edbe nota zero para reda\u00e7\u00e3o do Enem que ferir direitos humanos"},"content":{"rendered":"<p style=\"text-align: justify;\">A presidente do STF (Supremo Tribunal Federal), ministra C\u00e1rmen L\u00facia, manteve neste s\u00e1bado (4) decis\u00e3o da Justi\u00e7a que suspende a regra do Enem (Exame Nacional do Ensino M\u00e9dio) que d\u00e1 nota zero para a reda\u00e7\u00e3o considerada desrespeitosa aos direitos humanos. A decis\u00e3o j\u00e1 vale para a edi\u00e7\u00e3o deste ano. A prova de reda\u00e7\u00e3o do exame ser\u00e1 aplicada a mais de 6 milh\u00f5es de candidatos neste domingo (5). A ministra entendeu que a proibi\u00e7\u00e3o implicaria em limitar a liberdade de express\u00e3o. &#8220;O cumprimento da Constitui\u00e7\u00e3o da Rep\u00fablica imp\u00f5e, em sua base mesma, pleno respeito aos direitos humanos, contrariados pelo racismo, pelo preconceito, pela intoler\u00e2ncia, dentre outras pr\u00e1ticas inaceit\u00e1veis numa democracia e firmemente adversas ao sistema jur\u00eddico vigente.<\/p>\n<div id=\"attachment_95144\" style=\"width: 610px\" class=\"wp-caption aligncenter\"><a href=\"http:\/\/senoticias.com.br\/se\/wp-content\/uploads\/2016\/08\/Ministra-Carmem-Lucia-SE-Noticias.jpeg\"><img loading=\"lazy\" decoding=\"async\" aria-describedby=\"caption-attachment-95144\" class=\"size-full wp-image-95144\" src=\"http:\/\/senoticias.com.br\/se\/wp-content\/uploads\/2016\/08\/Ministra-Carmem-Lucia-SE-Noticias.jpeg\" alt=\"Ministra C\u00e1rmen L\u00facia pro\u00edbe nota zero para reda\u00e7\u00e3o do Enem que ferir direitos humanos. (Foto: arquivo\/STF)\" width=\"600\" height=\"399\" srcset=\"https:\/\/senoticias.com.br\/se\/wp-content\/uploads\/2016\/08\/Ministra-Carmem-Lucia-SE-Noticias.jpeg 600w, https:\/\/senoticias.com.br\/se\/wp-content\/uploads\/2016\/08\/Ministra-Carmem-Lucia-SE-Noticias-300x200.jpeg 300w, https:\/\/senoticias.com.br\/se\/wp-content\/uploads\/2016\/08\/Ministra-Carmem-Lucia-SE-Noticias-90x60.jpeg 90w, https:\/\/senoticias.com.br\/se\/wp-content\/uploads\/2016\/08\/Ministra-Carmem-Lucia-SE-Noticias-180x120.jpeg 180w, https:\/\/senoticias.com.br\/se\/wp-content\/uploads\/2016\/08\/Ministra-Carmem-Lucia-SE-Noticias-95x64.jpeg 95w\" sizes=\"(max-width: 600px) 100vw, 600px\" \/><\/a><p id=\"caption-attachment-95144\" class=\"wp-caption-text\">Ministra C\u00e1rmen L\u00facia pro\u00edbe nota zero para reda\u00e7\u00e3o do Enem que ferir direitos humanos. (Foto: arquivo\/STF)<\/p><\/div>\n<p style=\"text-align: justify;\">Mas n\u00e3o se combate a intoler\u00e2ncia social com maior intoler\u00e2ncia estatal. Sensibiliza-se para os direitos humanos com maior solidariedade at\u00e9 com os erros pouco humanos, n\u00e3o com morda\u00e7a&#8221;, escreveu C\u00e1rmen L\u00facia. &#8220;O que se aspira \u00e9 o eco dos direitos humanos garantidos, n\u00e3o o sil\u00eancio de direitos emudecidos. N\u00e3o se garantem direitos fundamentais eliminando-se alguns deles para se impedir possa algu\u00e9m insurgir-se pela palavra contra o que a outro parece instiga\u00e7\u00e3o ou inj\u00faria. H\u00e1 meios e modos para se questionar, administrativa ou judicialmente, eventuais excessos.<\/p>\n<p style=\"text-align: justify;\">E s\u00e3o estas formas e estes instrumentos que asseguram a compatibilidade dos direitos fundamentais e a conviv\u00eancia pac\u00edfica e harmoniosa dos cidad\u00e3os de uma Rep\u00fablica.&#8221; O item 14.9.4 do edital do Enem 2017 estabelece que ser\u00e1 atribu\u00edda nota zero \u00e0 reda\u00e7\u00e3o &#8220;que apresente improp\u00e9rios, desenhos e outras formas propositais de anula\u00e7\u00e3o, bem como que desrespeite os direitos humanos, que ser\u00e1 considerada &#8216;anulada'&#8221;.<\/p>\n<p style=\"text-align: justify;\">No dia 26, o TRF-1 (Tribunal Regional Federal da 1\u00aa Regi\u00e3o) determinou a suspens\u00e3o desta regra do edital do Enem. A PGR (Procuradoria-Geral da Rep\u00fablica) e a AGU (Advocacia-Geral da Uni\u00e3o) recorreram ao Supremo. A AGU entrou com pedido representando o Inep (Instituto Nacional de Estudos e Pesquisas Educacionais An\u00edsio Teixeira), \u00f3rg\u00e3o do MEC (Minist\u00e9rio da Educa\u00e7\u00e3o). O Inep criticou a atua\u00e7\u00e3o do TRF-1 ao afirmar ter havido ofensa &#8220;ao normal e leg\u00edtimo exerc\u00edcio da fun\u00e7\u00e3o administrativa pela autoridade legalmente constitu\u00edda&#8221;. A abordagem de temas relacionados aos direitos como proposta de reda\u00e7\u00e3o \u00e9 recorrente no Enem. De 19 edi\u00e7\u00f5es, 11 tratavam de tema relacionado a essas quest\u00f5es. Em 2015, 9.942 textos foram anulados por desrespeito aos direitos humanos. O tema naquele ano era &#8220;viol\u00eancia contra a mulher&#8221;. No ano anterior, foram 955.<\/p>\n<p style=\"text-align: justify;\">O Enem exige que os candidatos desenvolvam, dentro de um texto dissertativo, uma proposta de interven\u00e7\u00e3o ao tema. Essa proposta configura um dos cinco crit\u00e9rios de corre\u00e7\u00e3o da reda\u00e7\u00e3o. No ano passado, quando o tema foi liberdade religiosa, tiveram os textos anulados participantes que escreveram coisas como: &#8220;para combater a intoler\u00e2ncia religiosa, deveria acabar com a liberdade de express\u00e3o&#8221; ou &#8220;o governo deveria punir e banir essas outras &#8216;cren\u00e7as&#8217;, que n\u00e3o sejam referentes a B\u00edblia&#8221;.<\/p>\n<p style=\"text-align: justify;\">Em 2015, ao propor solu\u00e7\u00f5es para a viol\u00eancia contra a mulher, tiveram textos anulados candidatos que escreveram, por exemplo: &#8220;[quem comete essa viol\u00eancia deve] ser massacrado na cadeia&#8221;, &#8220;fazer sofrer da mesma forma a pessoa que comete esse crime&#8221; ou &#8220;as mulheres fazerem justi\u00e7a com as pr\u00f3prias m\u00e3os&#8221;. A nota da reda\u00e7\u00e3o vai de zero a mil. Para cursos concorridos, em que candidatos t\u00eam desempenho muito similar nas provas objetivas, costuma ser determinante para quem garante uma vaga na universidade.<\/p>\n<p>O Enem \u00e9 a porta de entrada para praticamente todas as federais. A USP tamb\u00e9m adota a nota para selecionar parte dos alunos.<\/p>\n<p><strong>IMBR\u00d3GLIO <\/strong><\/p>\n<p style=\"text-align: justify;\">No final de outubro, a Justi\u00e7a Federal determinou a suspens\u00e3o da regra do Enem (Exame Nacional do Ensino M\u00e9dio) que d\u00e1 nota zero, sem direito \u00e0 corre\u00e7\u00e3o de seu conte\u00fado, para a prova de reda\u00e7\u00e3o que seja considerada desrespeitosa aos direitos humanos.<\/p>\n<p style=\"text-align: justify;\">A decis\u00e3o foi tomada em car\u00e1ter de urg\u00eancia a pedido da Associa\u00e7\u00e3o Escola Sem Partido, tendo em vista a proximidade da realiza\u00e7\u00e3o das provas. Em julgamento, a 5\u00aa turma do TRF-1 (Tribunal Federal da 1\u00aa Regi\u00e3o) acolheu o pedido da Associa\u00e7\u00e3o Escola Sem Partido por 2 votos a 1.<\/p>\n<p style=\"text-align: justify;\">Na a\u00e7\u00e3o, a Associa\u00e7\u00e3o Escola Sem Partido sustenta que &#8220;nenhum dos candidatos deveria ser punido ou beneficiado por possuir ou expressar sua opini\u00e3o&#8221; e que n\u00e3o existe um referencial objetivo sobre os par\u00e2metros adotados, &#8220;impondo-se aos candidatos, em verdade, respeito ao &#8216;politicamente correto'&#8221;.<\/p>\n<p style=\"text-align: justify;\">A procuradora-geral da Rep\u00fablica, Raquel Dodge, pediu na sexta-feira (3), que o STF suspendesse a decis\u00e3o liminar do TRF-1. Dodge argumentou que a medida do TRF1 viola a seguran\u00e7a jur\u00eddica e que sua suspens\u00e3o evitaria &#8220;grave les\u00e3o \u00e0 ordem p\u00fablica&#8221; e &#8220;o desnecess\u00e1rio tumulto na prepara\u00e7\u00e3o dos candidatos&#8221;<\/p>\n<p style=\"text-align: justify;\"><a href=\"http:\/\/senoticias.com.br\/se\/wp-content\/uploads\/2017\/10\/Logo-fone-1-2-1-2-4-6-1-1-1-2-2.jpg\"><img loading=\"lazy\" decoding=\"async\" class=\"aligncenter size-full wp-image-107844\" src=\"http:\/\/senoticias.com.br\/se\/wp-content\/uploads\/2017\/10\/Logo-fone-1-2-1-2-4-6-1-1-1-2-2.jpg\" alt=\"Logo-fone-1-2-1-2-4-6-1-1-1-2\" width=\"599\" height=\"78\" srcset=\"https:\/\/senoticias.com.br\/se\/wp-content\/uploads\/2017\/10\/Logo-fone-1-2-1-2-4-6-1-1-1-2-2.jpg 599w, https:\/\/senoticias.com.br\/se\/wp-content\/uploads\/2017\/10\/Logo-fone-1-2-1-2-4-6-1-1-1-2-2-300x39.jpg 300w\" sizes=\"(max-width: 599px) 100vw, 599px\" \/><\/a><\/p>\n<p style=\"text-align: justify;\"><em><strong>Acompanhe tamb\u00e9m o SE Not\u00edcias no\u00a0<a href=\"https:\/\/twitter.com\/Senoticias\" target=\"_blank\">Twitter<\/a>,\u00a0<a href=\"https:\/\/www.facebook.com\/senoticias1\" target=\"_blank\">Facebook<\/a>\u00a0e no\u00a0<a href=\"https:\/\/www.instagram.com\/senoticias\/\" target=\"_blank\">Instagram<\/a><\/strong><\/em><\/p>\n<p style=\"text-align: justify;\">\n<em>LET\u00cdCIA CASADO BRAS\u00cdLIA, DF (FOLHAPRESS)<\/em><\/p>\n","protected":false},"excerpt":{"rendered":"<p>A presidente do STF (Supremo Tribunal Federal), ministra C\u00e1rmen L\u00facia, manteve neste s\u00e1bado (4) decis\u00e3o da Justi\u00e7a que suspende a regra do Enem (Exame Nacional do Ensino M\u00e9dio) que d\u00e1 nota zero para a reda\u00e7\u00e3o considerada desrespeitosa aos direitos humanos. A decis\u00e3o j\u00e1 vale para a edi\u00e7\u00e3o deste ano. A prova de reda\u00e7\u00e3o do exame [&hellip;]<\/p>\n","protected":false},"author":2,"featured_media":95144,"comment_status":"closed","ping_status":"closed","sticky":false,"template":"","format":"standard","meta":{"footnotes":""},"categories":[6],"tags":[6884,6883,6882,6175,836],"class_list":{"0":"post-107943","1":"post","2":"type-post","3":"status-publish","4":"format-standard","5":"has-post-thumbnail","7":"category-politica","8":"tag-direitos-humanos","9":"tag-nota-zero","10":"tag-proibe","11":"tag-redacao","12":"tag-stf"},"_links":{"self":[{"href":"https:\/\/senoticias.com.br\/se\/wp-json\/wp\/v2\/posts\/107943"}],"collection":[{"href":"https:\/\/senoticias.com.br\/se\/wp-json\/wp\/v2\/posts"}],"about":[{"href":"https:\/\/senoticias.com.br\/se\/wp-json\/wp\/v2\/types\/post"}],"author":[{"embeddable":true,"href":"https:\/\/senoticias.com.br\/se\/wp-json\/wp\/v2\/users\/2"}],"replies":[{"embeddable":true,"href":"https:\/\/senoticias.com.br\/se\/wp-json\/wp\/v2\/comments?post=107943"}],"version-history":[{"count":0,"href":"https:\/\/senoticias.com.br\/se\/wp-json\/wp\/v2\/posts\/107943\/revisions"}],"wp:featuredmedia":[{"embeddable":true,"href":"https:\/\/senoticias.com.br\/se\/wp-json\/wp\/v2\/media\/95144"}],"wp:attachment":[{"href":"https:\/\/senoticias.com.br\/se\/wp-json\/wp\/v2\/media?parent=107943"}],"wp:term":[{"taxonomy":"category","embeddable":true,"href":"https:\/\/senoticias.com.br\/se\/wp-json\/wp\/v2\/categories?post=107943"},{"taxonomy":"post_tag","embeddable":true,"href":"https:\/\/senoticias.com.br\/se\/wp-json\/wp\/v2\/tags?post=107943"}],"curies":[{"name":"wp","href":"https:\/\/api.w.org\/{rel}","templated":true}]}}