{"id":107899,"date":"2017-11-01T22:53:06","date_gmt":"2017-11-02T01:53:06","guid":{"rendered":"http:\/\/senoticias.com.br\/se\/?p=107899"},"modified":"2017-11-01T22:53:06","modified_gmt":"2017-11-02T01:53:06","slug":"preso-acusado-de-participar-de-assalto-a-gbarbosa-em-capela","status":"publish","type":"post","link":"https:\/\/senoticias.com.br\/se\/preso-acusado-de-participar-de-assalto-a-gbarbosa-em-capela\/","title":{"rendered":"Preso acusado de participar de assalto a GBarbosa em Capela"},"content":{"rendered":"<p style=\"text-align: justify;\">Na manh\u00e3 de ter\u00e7a-feira, 31, foi preso, na cidade de Salvador (Bahia), Wellington da Paix\u00e3o Junior, mais conhecido como Junior, 25, acusado de ter sido um dos autores do roubo ocorrido a uma loja da rede GBarbosa na cidade de Capela, distante 67km da capital.<\/p>\n<div id=\"attachment_107900\" style=\"width: 609px\" class=\"wp-caption aligncenter\"><a href=\"http:\/\/senoticias.com.br\/se\/wp-content\/uploads\/2017\/11\/suspeito-de-roubar-GBarbosa-SENOTICIAS-e1509587421164.jpeg\"><img loading=\"lazy\" decoding=\"async\" aria-describedby=\"caption-attachment-107900\" class=\"size-full wp-image-107900\" src=\"http:\/\/senoticias.com.br\/se\/wp-content\/uploads\/2017\/11\/suspeito-de-roubar-GBarbosa-SENOTICIAS-e1509587421164.jpeg\" alt=\"Wellington j\u00e1 tem passagem pela pol\u00edcia pelo crime de roubo\" width=\"599\" height=\"444\" \/><\/a><p id=\"caption-attachment-107900\" class=\"wp-caption-text\">Segundo a pol\u00edcia, Wellington j\u00e1 tem passagem pela pol\u00edcia pelo crime de roubo (foto: SSP\/BA)<\/p><\/div>\n<p style=\"text-align: justify;\">No \u00faltimo dia 28 de Outubro, tr\u00eas indiv\u00edduos se passaram por clientes, adentraram o estabelecimento e anunciaram o assalto. O objetivo deles era subtrair a maior quantidade de aparelhos eletr\u00f4nicos poss\u00edvel, ent\u00e3o eles renderam os funcion\u00e1rios para ter acesso ao estoque e exigiram a renda do local, o preju\u00edzo estimado foi em torno de R$ 80 mil reais. N\u00e3o houve qualquer tipo de crime contra os consumidores presentes no estabelecimento durante a a\u00e7\u00e3o criminosa.<\/p>\n<p style=\"text-align: justify;\">Assim que a den\u00fancia chegou \u00e0 Delegacia de Capela, por meio das imagens das c\u00e2meras de seguran\u00e7a do estabelecimento, foi poss\u00edvel identificar o ve\u00edculo utilizado, que pertencia a uma locadora da cidade de Salvador.<\/p>\n<p style=\"text-align: justify;\">&#8220;Fizemos o contato com o gerente da locadora e com a pol\u00edcia Civil de l\u00e1 e, no momento da devolu\u00e7\u00e3o do ve\u00edculo, um dos autores foi preso&#8221;, pontua a delegada respons\u00e1vel pelo caso, Mariana Amorim. Wellington confessou o crime cometido em Capela, al\u00e9m de ter sido reconhecido pelas v\u00edtimas do local. Com ele, ainda foi encontrada uma grande quantidade de equipamentos. Os outros dois suspeitos est\u00e3o foragidos.<\/p>\n<p style=\"text-align: justify;\">De acordo com a Pol\u00edcia Civil da Bahia, Wellington j\u00e1 tem passagem pela pol\u00edcia pelo crime de roubo. &#8220;Existem ainda diversas den\u00fancias de que o mesmo faz parte de uma quadrilha especializada em assaltos a lojas de eletr\u00f4nicos&#8221;, finaliza a delegada.<\/p>\n<p style=\"text-align: justify;\"><a href=\"http:\/\/senoticias.com.br\/se\/wp-content\/uploads\/2017\/10\/Logo-fone-1-2-1-2-4-6-1-1-1-2-2.jpg\"><img loading=\"lazy\" decoding=\"async\" class=\"aligncenter size-full wp-image-107844\" src=\"http:\/\/senoticias.com.br\/se\/wp-content\/uploads\/2017\/10\/Logo-fone-1-2-1-2-4-6-1-1-1-2-2.jpg\" alt=\"Logo-fone-1-2-1-2-4-6-1-1-1-2\" width=\"599\" height=\"78\" srcset=\"https:\/\/senoticias.com.br\/se\/wp-content\/uploads\/2017\/10\/Logo-fone-1-2-1-2-4-6-1-1-1-2-2.jpg 599w, https:\/\/senoticias.com.br\/se\/wp-content\/uploads\/2017\/10\/Logo-fone-1-2-1-2-4-6-1-1-1-2-2-300x39.jpg 300w\" sizes=\"(max-width: 599px) 100vw, 599px\" \/><\/a><\/p>\n<p style=\"text-align: justify;\"><em><strong>Acompanhe tamb\u00e9m o SE Not\u00edcias no\u00a0<a href=\"https:\/\/twitter.com\/Senoticias\" target=\"_blank\">Twitter<\/a>,\u00a0<a href=\"https:\/\/www.facebook.com\/senoticias1\" target=\"_blank\">Facebook<\/a>\u00a0e no\u00a0<a href=\"https:\/\/www.instagram.com\/senoticias\/\" target=\"_blank\">Instagram<\/a><\/strong><\/em><\/p>\n<p style=\"text-align: justify;\"><em>Informa\u00e7\u00f5es da SSP\/SE<\/em><\/p>\n","protected":false},"excerpt":{"rendered":"<p>Na manh\u00e3 de ter\u00e7a-feira, 31, foi preso, na cidade de Salvador (Bahia), Wellington da Paix\u00e3o Junior, mais conhecido como Junior, 25, acusado de ter sido um dos autores do roubo ocorrido a uma loja da rede GBarbosa na cidade de Capela, distante 67km da capital. No \u00faltimo dia 28 de Outubro, tr\u00eas indiv\u00edduos se passaram [&hellip;]<\/p>\n","protected":false},"author":2,"featured_media":107900,"comment_status":"closed","ping_status":"closed","sticky":false,"template":"","format":"standard","meta":{"footnotes":""},"categories":[15,7],"tags":[2945,978,4359,6848,6847,2645,2866],"class_list":{"0":"post-107899","1":"post","2":"type-post","3":"status-publish","4":"format-standard","5":"has-post-thumbnail","7":"category-destaques","8":"category-policia","9":"tag-assalto","10":"tag-capela","11":"tag-delegacia-de-capela","12":"tag-delegada-mariana-amorim","13":"tag-gbarbosa","14":"tag-mariana-amorim","15":"tag-preso"},"_links":{"self":[{"href":"https:\/\/senoticias.com.br\/se\/wp-json\/wp\/v2\/posts\/107899"}],"collection":[{"href":"https:\/\/senoticias.com.br\/se\/wp-json\/wp\/v2\/posts"}],"about":[{"href":"https:\/\/senoticias.com.br\/se\/wp-json\/wp\/v2\/types\/post"}],"author":[{"embeddable":true,"href":"https:\/\/senoticias.com.br\/se\/wp-json\/wp\/v2\/users\/2"}],"replies":[{"embeddable":true,"href":"https:\/\/senoticias.com.br\/se\/wp-json\/wp\/v2\/comments?post=107899"}],"version-history":[{"count":0,"href":"https:\/\/senoticias.com.br\/se\/wp-json\/wp\/v2\/posts\/107899\/revisions"}],"wp:featuredmedia":[{"embeddable":true,"href":"https:\/\/senoticias.com.br\/se\/wp-json\/wp\/v2\/media\/107900"}],"wp:attachment":[{"href":"https:\/\/senoticias.com.br\/se\/wp-json\/wp\/v2\/media?parent=107899"}],"wp:term":[{"taxonomy":"category","embeddable":true,"href":"https:\/\/senoticias.com.br\/se\/wp-json\/wp\/v2\/categories?post=107899"},{"taxonomy":"post_tag","embeddable":true,"href":"https:\/\/senoticias.com.br\/se\/wp-json\/wp\/v2\/tags?post=107899"}],"curies":[{"name":"wp","href":"https:\/\/api.w.org\/{rel}","templated":true}]}}