{"id":107896,"date":"2017-11-01T22:25:33","date_gmt":"2017-11-02T01:25:33","guid":{"rendered":"http:\/\/senoticias.com.br\/se\/?p=107896"},"modified":"2017-11-01T22:34:16","modified_gmt":"2017-11-02T01:34:16","slug":"policia-federal-apreende-1-900-caixas-de-cigarro-contrabandeados","status":"publish","type":"post","link":"https:\/\/senoticias.com.br\/se\/policia-federal-apreende-1-900-caixas-de-cigarro-contrabandeados\/","title":{"rendered":"No interior de Sergipe, Pol\u00edcia Federal apreende 1.900 caixas de cigarros contrabandeados"},"content":{"rendered":"<p style=\"text-align: justify;\">A Pol\u00edcia Federal em Sergipe realizou a maior apreens\u00e3o de cigarros contrabandeados da hist\u00f3ria da Regi\u00e3o Nordeste do pa\u00eds.<\/p>\n<p style=\"text-align: justify;\">Em duas Opera\u00e7\u00f5es Policiais, a Pol\u00edcia Federal conseguiu apreender aproximadamente 1.900 caixas de cigarros de origem Paraguaia, que estavam sendo transportadas em duas carretas bitrens e que seriam distribu\u00eddas na Regi\u00e3o Nordeste do pa\u00eds, inclusive em Sergipe.<\/p>\n<div id=\"attachment_107897\" style=\"width: 609px\" class=\"wp-caption aligncenter\"><a href=\"http:\/\/senoticias.com.br\/se\/wp-content\/uploads\/2017\/11\/carga-de-cigarros-apreendida-senoticias-e1509586071133.jpg\"><img loading=\"lazy\" decoding=\"async\" aria-describedby=\"caption-attachment-107897\" class=\"size-full wp-image-107897\" src=\"http:\/\/senoticias.com.br\/se\/wp-content\/uploads\/2017\/11\/carga-de-cigarros-apreendida-senoticias-e1509586071133.jpg\" alt=\"Cigarros apreendidos pela PF em Sergipe (Foto: Pol\u00edcia Federal )\" width=\"599\" height=\"375\" \/><\/a><p id=\"caption-attachment-107897\" class=\"wp-caption-text\">Cigarros apreendidos pela PF em Sergipe (foto: Pol\u00edcia Federal )<\/p><\/div>\n<p style=\"text-align: justify;\">H\u00e1 fortes ind\u00edcios de que essa Organiza\u00e7\u00e3o Criminosa, especializada na compra, venda, transporte e distribui\u00e7\u00e3o de cigarros tenham ramifica\u00e7\u00f5es nas Regi\u00f5es Sul, Sudeste e Nordeste do pa\u00eds.<\/p>\n<p style=\"text-align: justify;\">A primeira apreens\u00e3o ocorreu no dia 04 de outubro do corrente ano, a PF apreendeu um grande carregamento de cigarros contrabandeados na cidade de Sim\u00e3o Dias\/SE.<\/p>\n<p style=\"text-align: justify;\">A carga de cigarros, totalizada em 832 caixas estava sendo transportada em uma carreta bitrem, Scania, placa GZT 0685\/PR e foi encaminhada para o dep\u00f3sito da Receita Federal em Aracaju\/SE.<\/p>\n<p style=\"text-align: justify;\">A PF recebeu informa\u00e7\u00f5es de que a referida carreta estaria transportando uma grande quantidade de cigarros e que o ve\u00edculo VW\/Gol, cor branca, placa QAA 1359\/SP estaria sendo utilizado como \u201cbatedor\u201d, ou seja, estaria trafegando a frente da carreta observando se havia alguma fiscaliza\u00e7\u00e3o Policial na Rodovia.<\/p>\n<p style=\"text-align: justify;\">Com base nessas informa\u00e7\u00f5es foram realizadas Opera\u00e7\u00f5es Policiais nas rodovias com o objetivo de localizar, identificar e prender os envolvidos.<\/p>\n<p>Na ocasi\u00e3o da abordagem aos ve\u00edculos, o motorista da carreta empreendeu fuga e o motorista do Gol, o \u201cbatedor\u201d, foi preso pelos Policiais.<\/p>\n<p style=\"text-align: justify;\">O motorista do Gol foi identificado como sendo o nacional Hermes Esperoni Rocha, 43 anos, natural de Eldorado\/MS com diversos registros criminais por contrabando e outros crimes.<\/p>\n<p style=\"text-align: justify;\">Na segunda apreens\u00e3o, no dia 30 de outubro do corrente no, a PF obteve informa\u00e7\u00f5es que o mesmo grupo criminoso estaria transportando outro grande carregamento de cigarros em uma carreta bitrem, VW 25.390, cor branca, placa BWZ 0191\/PR e que o \u201cbatedor\u201d estaria em um ve\u00edculo VW\/GOL, cor branca.<\/p>\n<p style=\"text-align: justify;\">Foram realizadas barreiras policiais nas rodovias com o objetivo de identificar tais ve\u00edculos. Na ocasi\u00e3o da abordagem, a PF conseguiu interceptar a carreta citada, mas o \u201cbatedor\u201d conseguiu empreender fuga. Na fiscaliza\u00e7\u00e3o da carga encontrou-se um grande carregamento de caixas de cigarros de origem estrangeira.<\/p>\n<p style=\"text-align: justify;\">O motorista da carreta, identificado como sendo o nacional Aleandro da Silva, 32 anos de idade, natural do Estado de Mato Grosso do Sul, possui duas incid\u00eancias criminais por contrabando de cigarros.<\/p>\n<p style=\"text-align: justify;\">Todos os envolvidos foram autuados por Importar mercadoria proibida (Contrabando) podendo ser condenados a uma pena de 2 a 5 anos de reclus\u00e3o. Foram encaminhados ao Sistema Penitenci\u00e1rio do Estado.<\/p>\n<p style=\"text-align: justify;\"><a href=\"http:\/\/senoticias.com.br\/se\/wp-content\/uploads\/2017\/10\/Logo-fone-1-2-1-2-4-6-1-1-1-2-2.jpg\"><img loading=\"lazy\" decoding=\"async\" class=\"aligncenter size-full wp-image-107844\" src=\"http:\/\/senoticias.com.br\/se\/wp-content\/uploads\/2017\/10\/Logo-fone-1-2-1-2-4-6-1-1-1-2-2.jpg\" alt=\"Logo-fone-1-2-1-2-4-6-1-1-1-2\" width=\"599\" height=\"78\" srcset=\"https:\/\/senoticias.com.br\/se\/wp-content\/uploads\/2017\/10\/Logo-fone-1-2-1-2-4-6-1-1-1-2-2.jpg 599w, https:\/\/senoticias.com.br\/se\/wp-content\/uploads\/2017\/10\/Logo-fone-1-2-1-2-4-6-1-1-1-2-2-300x39.jpg 300w\" sizes=\"(max-width: 599px) 100vw, 599px\" \/><\/a><\/p>\n<p style=\"text-align: justify;\"><em><strong>Acompanhe tamb\u00e9m o SE Not\u00edcias no\u00a0<a href=\"https:\/\/twitter.com\/Senoticias\" target=\"_blank\">Twitter<\/a>,\u00a0<a href=\"https:\/\/www.facebook.com\/senoticias1\" target=\"_blank\">Facebook<\/a>\u00a0e no\u00a0<a href=\"https:\/\/www.instagram.com\/senoticias\/\" target=\"_blank\">Instagram<\/a><\/strong><\/em><\/p>\n<p style=\"text-align: justify;\">Por Ascom\/Pol\u00edcia Federal\/Sergipe<\/p>\n<p>&nbsp;<\/p>\n","protected":false},"excerpt":{"rendered":"<p>A Pol\u00edcia Federal em Sergipe realizou a maior apreens\u00e3o de cigarros contrabandeados da hist\u00f3ria da Regi\u00e3o Nordeste do pa\u00eds. Em duas Opera\u00e7\u00f5es Policiais, a Pol\u00edcia Federal conseguiu apreender aproximadamente 1.900 caixas de cigarros de origem Paraguaia, que estavam sendo transportadas em duas carretas bitrens e que seriam distribu\u00eddas na Regi\u00e3o Nordeste do pa\u00eds, inclusive em [&hellip;]<\/p>\n","protected":false},"author":2,"featured_media":107897,"comment_status":"closed","ping_status":"closed","sticky":false,"template":"","format":"standard","meta":{"footnotes":""},"categories":[15,1],"tags":[6845,6846,1947,223],"class_list":{"0":"post-107896","1":"post","2":"type-post","3":"status-publish","4":"format-standard","5":"has-post-thumbnail","7":"category-destaques","8":"category-sem-categoria","9":"tag-1-900-caixas-de-cigarros","10":"tag-contrabandeados","11":"tag-policia-federal","12":"tag-sergipe"},"_links":{"self":[{"href":"https:\/\/senoticias.com.br\/se\/wp-json\/wp\/v2\/posts\/107896"}],"collection":[{"href":"https:\/\/senoticias.com.br\/se\/wp-json\/wp\/v2\/posts"}],"about":[{"href":"https:\/\/senoticias.com.br\/se\/wp-json\/wp\/v2\/types\/post"}],"author":[{"embeddable":true,"href":"https:\/\/senoticias.com.br\/se\/wp-json\/wp\/v2\/users\/2"}],"replies":[{"embeddable":true,"href":"https:\/\/senoticias.com.br\/se\/wp-json\/wp\/v2\/comments?post=107896"}],"version-history":[{"count":0,"href":"https:\/\/senoticias.com.br\/se\/wp-json\/wp\/v2\/posts\/107896\/revisions"}],"wp:featuredmedia":[{"embeddable":true,"href":"https:\/\/senoticias.com.br\/se\/wp-json\/wp\/v2\/media\/107897"}],"wp:attachment":[{"href":"https:\/\/senoticias.com.br\/se\/wp-json\/wp\/v2\/media?parent=107896"}],"wp:term":[{"taxonomy":"category","embeddable":true,"href":"https:\/\/senoticias.com.br\/se\/wp-json\/wp\/v2\/categories?post=107896"},{"taxonomy":"post_tag","embeddable":true,"href":"https:\/\/senoticias.com.br\/se\/wp-json\/wp\/v2\/tags?post=107896"}],"curies":[{"name":"wp","href":"https:\/\/api.w.org\/{rel}","templated":true}]}}