{"id":107841,"date":"2017-10-31T05:42:15","date_gmt":"2017-10-31T08:42:15","guid":{"rendered":"http:\/\/senoticias.com.br\/se\/?p=107841"},"modified":"2017-10-31T18:51:46","modified_gmt":"2017-10-31T21:51:46","slug":"em-reuniao-com-o-governador-prefeito-solicita-obras-de-infraestrutura-para-sao-cristovao","status":"publish","type":"post","link":"https:\/\/senoticias.com.br\/se\/em-reuniao-com-o-governador-prefeito-solicita-obras-de-infraestrutura-para-sao-cristovao\/","title":{"rendered":"Em reuni\u00e3o com o governador, prefeito solicita obras de infraestrutura para S\u00e3o Crist\u00f3v\u00e3o"},"content":{"rendered":"<p style=\"text-align: justify;\">O prefeito de S\u00e3o Crist\u00f3v\u00e3o, Marcos Santana, e o vice-prefeito Adilson Junior foram recebidos em audi\u00eancia pelo governador de Sergipe, Jackson Barreto, na manh\u00e3 desta segunda-feira, 30, no Pal\u00e1cio do Veraneio, em Aracaju. Na pauta das discuss\u00f5es, importantes obras estruturantes para o munic\u00edpio, al\u00e9m do apoio do Estado ao 34\u00ba Festival de Artes de S\u00e3o Crist\u00f3v\u00e3o (Fasc), que ocorrer\u00e1 de 1\u00ba a 3 de dezembro.<\/p>\n<div id=\"attachment_107842\" style=\"width: 609px\" class=\"wp-caption aligncenter\"><a href=\"http:\/\/senoticias.com.br\/se\/wp-content\/uploads\/2017\/10\/Francisco-Gualberto-e-Marcos-Santana-1-e1509439042127.jpg\"><img loading=\"lazy\" decoding=\"async\" aria-describedby=\"caption-attachment-107842\" class=\"size-full wp-image-107842\" src=\"http:\/\/senoticias.com.br\/se\/wp-content\/uploads\/2017\/10\/Francisco-Gualberto-e-Marcos-Santana-1-e1509439042127.jpg\" alt=\"Prefeito Marcos Santana participa de audi\u00eancia com governador e solicita obras para S\u00e3o Crist\u00f3v\u00e3o\" width=\"599\" height=\"400\" \/><\/a><p id=\"caption-attachment-107842\" class=\"wp-caption-text\">Prefeito Marcos Santana participa de audi\u00eancia com governador e solicita obras para S\u00e3o Crist\u00f3v\u00e3o (foto: M\u00e1rcio Garcez)<\/p><\/div>\n<p style=\"text-align: justify;\">Tamb\u00e9m participaram da audi\u00eancia o deputado federal F\u00e1bio Reis; o deputado estadual Francisco Gualberto; o diretor comercial financeiro da Companhia de Saneamento de Sergipe (Deso), Wanderl\u00ea Correia; e o diretor-presidente do Departamento Estadual da Infraestrutura Rodovi\u00e1ria de Sergipe (DER), Antonio Jos\u00e9 de Vasconcelos.<\/p>\n<p style=\"text-align: justify;\">O gestor sancristovense aproveitou a oportunidade para agradecer o empenho do governador Jackson Barreto em buscar mecanismos para a revitaliza\u00e7\u00e3o da rodovia Jo\u00e3o Bebe-\u00c1gua, fazendo uma obra que ampliar\u00e1 essa importante via de acesso ao munic\u00edpio. Tamb\u00e9m destacou o compromisso assumido pela gest\u00e3o estadual de concluir a rodovia Zezinho da Everest (SE-466), que liga a sede ao povoado Rita Cacete \u2013 as duas obras j\u00e1 foram anunciadas oficialmente pelo governo do Estado.<\/p>\n<p style=\"text-align: justify;\">Sobre as demandas apresentadas, o prefeito falou sobre a import\u00e2ncia desses projetos para S\u00e3o Crist\u00f3v\u00e3o, entre os quais a pavimenta\u00e7\u00e3o do Rosa Elze, Rosa Maria e estrada do povoado Pedreiras, recapeamento asf\u00e1ltico da entrada da cidade pela BR-101 &#8211; reivindica\u00e7\u00e3o hist\u00f3ria da popula\u00e7\u00e3o-, al\u00e9m da reurbaniza\u00e7\u00e3o da Bica dos Pintos e do apoio ao 34\u00ba Fasc.<\/p>\n<p><strong>Participa\u00e7\u00e3o efetiva<\/strong><\/p>\n<p style=\"text-align: justify;\">\u201cSa\u00edmos muito esperan\u00e7osos de que vamos conseguir concretizar importantes projetos para S\u00e3o Crist\u00f3v\u00e3o. Trouxemos ao governador um elenco de obras e projetos estruturantes para o munic\u00edpio, fundamentais para conquistarmos melhorias para o povo sancristovense, e percebemos a disposi\u00e7\u00e3o do governador em atender as nossas demandas. Inclusive, com rela\u00e7\u00e3o ao Fasc, o pr\u00f3prio governador se antecipou e sinalizou positivamente para a participa\u00e7\u00e3o e o apoio do Estado ao festival\u201d, ressaltou o prefeito Marcos Santana.<\/p>\n<p style=\"text-align: justify;\">Neste aspecto, o governador Jackson Barreto pontuou o valor hist\u00f3rico e cultural do Fasc para S\u00e3o Crist\u00f3v\u00e3o e para Sergipe, caracterizando-o como um grande encontro dos diversos segmentos art\u00edsticos &#8211; m\u00fasica, literatura, dan\u00e7a, artes pl\u00e1sticas-, que tem na participa\u00e7\u00e3o da juventude um diferencial mobilizador e socializador. \u201cColocamos-nos \u00e0 disposi\u00e7\u00e3o para ajudar no que for poss\u00edvel, e parabenizo a iniciativa do prefeito Marcos Santana em reeditar o festival, inclusive, envolvendo a Universidade Federal de Sergipe (UFS), que muito ter\u00e1 a contribuir ao evento\u201d, ponderou.<\/p>\n<p style=\"text-align: justify;\">\u201cTratamos tamb\u00e9m sobre muitas obras estruturantes para o munic\u00edpio, e o prefeito cobrou uma participa\u00e7\u00e3o efetiva do governo do Estado nos projetos estruturantes para S\u00e3o Crist\u00f3v\u00e3o. Dentro das nossas possibilidades, assumimos o compromisso com S\u00e3o Crist\u00f3v\u00e3o, para contribuir com este novo momento pelo qual passa a cidade com a administra\u00e7\u00e3o de Marcos Santana\u201d, frisou o governador Jackson Barreto.<\/p>\n<p style=\"text-align: justify;\"><strong>Fortalecer parcerias<\/strong><\/p>\n<p style=\"text-align: justify;\">J\u00e1 o vice-prefeito Adilson Junior avaliou ser importante o fortalecimento da parceria com o governo do Estado que os servi\u00e7os p\u00fablicos possam chegar \u00e0 sociedade. \u201cS\u00e3o Crist\u00f3v\u00e3o vem sofrendo h\u00e1 muitos anos. O Estado tem uma d\u00edvida hist\u00f3rica de levar obras e desenvolvimento \u00e0 cidade. O governador entendeu essa necessidade, reconheceu essa d\u00edvida e se colocou \u00e0 disposi\u00e7\u00e3o para tentar encaminhar os pleitos que trouxemos\u201d, comentou.<\/p>\n<p style=\"text-align: justify;\">Opini\u00e3o compartilhada pelo deputado federal F\u00e1bio Reis: \u201cS\u00e3o Crist\u00f3v\u00e3o vive um novo tempo, e tem muito a crescer com esta nova administra\u00e7\u00e3o e com parcerias que contribuam com o desenvolvimento do munic\u00edpio\u201d, argumentou.<\/p>\n<p style=\"text-align: justify;\">Para o deputado estadual Francisco Gualberto, as a\u00e7\u00f5es resultam em melhorias concretas para o sancristovense. \u201cA prefeitura trouxe uma rela\u00e7\u00e3o de obras que vai alterar a cidade e a qualidade de vida de seu povo, e tivemos grande receptividade do governador. Depois de tantos anos sem acontecer nada importante em termos administrativos, de obras, vivemos um novo momento em S\u00e3o Crist\u00f3v\u00e3o, e ainda teremos muito que comemorar.\u201d<\/p>\n<p style=\"text-align: justify;\"><a href=\"http:\/\/senoticias.com.br\/se\/wp-content\/uploads\/2017\/10\/Logo-fone-1-2-1-2-4-6-1-1-1-2-2.jpg\"><img loading=\"lazy\" decoding=\"async\" class=\"aligncenter size-full wp-image-107844\" src=\"http:\/\/senoticias.com.br\/se\/wp-content\/uploads\/2017\/10\/Logo-fone-1-2-1-2-4-6-1-1-1-2-2.jpg\" alt=\"Logo-fone-1-2-1-2-4-6-1-1-1-2\" width=\"599\" height=\"78\" srcset=\"https:\/\/senoticias.com.br\/se\/wp-content\/uploads\/2017\/10\/Logo-fone-1-2-1-2-4-6-1-1-1-2-2.jpg 599w, https:\/\/senoticias.com.br\/se\/wp-content\/uploads\/2017\/10\/Logo-fone-1-2-1-2-4-6-1-1-1-2-2-300x39.jpg 300w\" sizes=\"(max-width: 599px) 100vw, 599px\" \/><\/a><\/p>\n<p style=\"text-align: justify;\"><em><strong>Acompanhe tamb\u00e9m o SE Not\u00edcias no\u00a0<a href=\"https:\/\/twitter.com\/Senoticias\" target=\"_blank\">Twitter<\/a>,\u00a0<a href=\"https:\/\/www.facebook.com\/senoticias1\" target=\"_blank\">Facebook<\/a>\u00a0e no\u00a0<a href=\"https:\/\/www.instagram.com\/senoticias\/\" target=\"_blank\">Instagram<\/a><\/strong><\/em><\/p>\n<p style=\"text-align: justify;\"><em>Da Ascom\/PMSC<\/em><\/p>\n","protected":false},"excerpt":{"rendered":"<p>O prefeito de S\u00e3o Crist\u00f3v\u00e3o, Marcos Santana, e o vice-prefeito Adilson Junior foram recebidos em audi\u00eancia pelo governador de Sergipe, Jackson Barreto, na manh\u00e3 desta segunda-feira, 30, no Pal\u00e1cio do Veraneio, em Aracaju. Na pauta das discuss\u00f5es, importantes obras estruturantes para o munic\u00edpio, al\u00e9m do apoio do Estado ao 34\u00ba Festival de Artes de S\u00e3o [&hellip;]<\/p>\n","protected":false},"author":2,"featured_media":107842,"comment_status":"closed","ping_status":"closed","sticky":false,"template":"","format":"standard","meta":{"footnotes":""},"categories":[15,6],"tags":[743,4244,2748,3935,1498,314,932,335],"class_list":{"0":"post-107841","1":"post","2":"type-post","3":"status-publish","4":"format-standard","5":"has-post-thumbnail","7":"category-destaques","8":"category-politica","9":"tag-adilson-junior","10":"tag-francisco-gualberto","11":"tag-governador","12":"tag-infraestrutura","13":"tag-marcos-santana","14":"tag-prefeito","15":"tag-reuniao","16":"tag-sao-cristovao"},"_links":{"self":[{"href":"https:\/\/senoticias.com.br\/se\/wp-json\/wp\/v2\/posts\/107841"}],"collection":[{"href":"https:\/\/senoticias.com.br\/se\/wp-json\/wp\/v2\/posts"}],"about":[{"href":"https:\/\/senoticias.com.br\/se\/wp-json\/wp\/v2\/types\/post"}],"author":[{"embeddable":true,"href":"https:\/\/senoticias.com.br\/se\/wp-json\/wp\/v2\/users\/2"}],"replies":[{"embeddable":true,"href":"https:\/\/senoticias.com.br\/se\/wp-json\/wp\/v2\/comments?post=107841"}],"version-history":[{"count":0,"href":"https:\/\/senoticias.com.br\/se\/wp-json\/wp\/v2\/posts\/107841\/revisions"}],"wp:featuredmedia":[{"embeddable":true,"href":"https:\/\/senoticias.com.br\/se\/wp-json\/wp\/v2\/media\/107842"}],"wp:attachment":[{"href":"https:\/\/senoticias.com.br\/se\/wp-json\/wp\/v2\/media?parent=107841"}],"wp:term":[{"taxonomy":"category","embeddable":true,"href":"https:\/\/senoticias.com.br\/se\/wp-json\/wp\/v2\/categories?post=107841"},{"taxonomy":"post_tag","embeddable":true,"href":"https:\/\/senoticias.com.br\/se\/wp-json\/wp\/v2\/tags?post=107841"}],"curies":[{"name":"wp","href":"https:\/\/api.w.org\/{rel}","templated":true}]}}