{"id":107839,"date":"2017-10-30T21:57:06","date_gmt":"2017-10-31T00:57:06","guid":{"rendered":"http:\/\/senoticias.com.br\/se\/?p=107839"},"modified":"2017-10-30T22:13:17","modified_gmt":"2017-10-31T01:13:17","slug":"pelo-decimo-mes-seguido-prefeitura-de-sao-cristovao-paga-os-salarios-dos-servidores-em-dia","status":"publish","type":"post","link":"https:\/\/senoticias.com.br\/se\/pelo-decimo-mes-seguido-prefeitura-de-sao-cristovao-paga-os-salarios-dos-servidores-em-dia\/","title":{"rendered":"Pelo d\u00e9cimo m\u00eas seguido, Prefeitura de S\u00e3o Crist\u00f3v\u00e3o paga os sal\u00e1rios dos servidores em dia"},"content":{"rendered":"<p style=\"text-align: justify;\">Os sal\u00e1rios de todos os servidores da prefeitura de S\u00e3o Crist\u00f3v\u00e3o, referentes ao m\u00eas de outubro, ser\u00e3o creditados na conta \u00a0a partir das 10\u00a0horas da\u00a0manh\u00e3 desta ter\u00e7a-feira, 31.<\/p>\n<div id=\"attachment_105033\" style=\"width: 609px\" class=\"wp-caption aligncenter\"><a href=\"http:\/\/senoticias.com.br\/se\/wp-content\/uploads\/2017\/07\/IMG_6557-e1500677409145.jpg\"><img loading=\"lazy\" decoding=\"async\" aria-describedby=\"caption-attachment-105033\" class=\"size-full wp-image-105033\" src=\"http:\/\/senoticias.com.br\/se\/wp-content\/uploads\/2017\/07\/IMG_6557-e1500677409145.jpg\" alt=\"pelo d\u00e9cimo m\u00eas seguido, a administra\u00e7\u00e3o do prefeito Marcos Santana honra o compromisso de pagar os sal\u00e1rios em dia, dentro do m\u00eas trabalhado.\" width=\"599\" height=\"399\" \/><\/a><p id=\"caption-attachment-105033\" class=\"wp-caption-text\">Pelo d\u00e9cimo m\u00eas seguido, a administra\u00e7\u00e3o do prefeito Marcos Santana honra o compromisso de pagar os sal\u00e1rios em dia, dentro do m\u00eas trabalhado (foto: ascom\/PMSC)<\/p><\/div>\n<p style=\"text-align: justify;\">O pagamento da folha salarial dentro do m\u00eas trabalhado refor\u00e7a o compromisso do prefeito\u00a0Marcos Santana com o funcionalismo p\u00fablico municipal.<\/p>\n<p style=\"text-align: justify;\"><a href=\"http:\/\/senoticias.com.br\/se\/wp-content\/uploads\/2017\/10\/Logo-fone-1-2-1-2-4-6-1-1-1-2-1-1.jpg\"><img loading=\"lazy\" decoding=\"async\" class=\"aligncenter size-full wp-image-107713\" src=\"http:\/\/senoticias.com.br\/se\/wp-content\/uploads\/2017\/10\/Logo-fone-1-2-1-2-4-6-1-1-1-2-1-1.jpg\" alt=\"Logo-fone-1-2-1-2-4-6-1-1-1-2-1\" width=\"599\" height=\"78\" srcset=\"https:\/\/senoticias.com.br\/se\/wp-content\/uploads\/2017\/10\/Logo-fone-1-2-1-2-4-6-1-1-1-2-1-1.jpg 599w, https:\/\/senoticias.com.br\/se\/wp-content\/uploads\/2017\/10\/Logo-fone-1-2-1-2-4-6-1-1-1-2-1-1-300x39.jpg 300w\" sizes=\"(max-width: 599px) 100vw, 599px\" \/><\/a><\/p>\n<p style=\"text-align: justify;\"><em><strong>Acompanhe tamb\u00e9m o SE Not\u00edcias no\u00a0<a href=\"https:\/\/twitter.com\/Senoticias\" target=\"_blank\">Twitter<\/a>,\u00a0<a href=\"https:\/\/www.facebook.com\/senoticias1\" target=\"_blank\">Facebook<\/a>\u00a0e no\u00a0<a href=\"https:\/\/www.instagram.com\/senoticias\/\" target=\"_blank\">Instagram<\/a><\/strong><\/em><\/p>\n<p><strong><em>Reda\u00e7\u00e3o SE Not\u00edcias<\/em><\/strong><\/p>\n","protected":false},"excerpt":{"rendered":"<p>Os sal\u00e1rios de todos os servidores da prefeitura de S\u00e3o Crist\u00f3v\u00e3o, referentes ao m\u00eas de outubro, ser\u00e3o creditados na conta \u00a0a partir das 10\u00a0horas da\u00a0manh\u00e3 desta ter\u00e7a-feira, 31. O pagamento da folha salarial dentro do m\u00eas trabalhado refor\u00e7a o compromisso do prefeito\u00a0Marcos Santana com o funcionalismo p\u00fablico municipal. Acompanhe tamb\u00e9m o SE Not\u00edcias no\u00a0Twitter,\u00a0Facebook\u00a0e no\u00a0Instagram [&hellip;]<\/p>\n","protected":false},"author":2,"featured_media":105033,"comment_status":"closed","ping_status":"closed","sticky":false,"template":"","format":"standard","meta":{"footnotes":""},"categories":[38],"tags":[6792,1498,6793,81,335],"class_list":{"0":"post-107839","1":"post","2":"type-post","3":"status-publish","4":"format-standard","5":"has-post-thumbnail","7":"category-municipios","8":"tag-decimo-mes","9":"tag-marcos-santana","10":"tag-pagamento-de-salario","11":"tag-prefeitura-de-sao-cristovao","12":"tag-sao-cristovao"},"_links":{"self":[{"href":"https:\/\/senoticias.com.br\/se\/wp-json\/wp\/v2\/posts\/107839"}],"collection":[{"href":"https:\/\/senoticias.com.br\/se\/wp-json\/wp\/v2\/posts"}],"about":[{"href":"https:\/\/senoticias.com.br\/se\/wp-json\/wp\/v2\/types\/post"}],"author":[{"embeddable":true,"href":"https:\/\/senoticias.com.br\/se\/wp-json\/wp\/v2\/users\/2"}],"replies":[{"embeddable":true,"href":"https:\/\/senoticias.com.br\/se\/wp-json\/wp\/v2\/comments?post=107839"}],"version-history":[{"count":0,"href":"https:\/\/senoticias.com.br\/se\/wp-json\/wp\/v2\/posts\/107839\/revisions"}],"wp:featuredmedia":[{"embeddable":true,"href":"https:\/\/senoticias.com.br\/se\/wp-json\/wp\/v2\/media\/105033"}],"wp:attachment":[{"href":"https:\/\/senoticias.com.br\/se\/wp-json\/wp\/v2\/media?parent=107839"}],"wp:term":[{"taxonomy":"category","embeddable":true,"href":"https:\/\/senoticias.com.br\/se\/wp-json\/wp\/v2\/categories?post=107839"},{"taxonomy":"post_tag","embeddable":true,"href":"https:\/\/senoticias.com.br\/se\/wp-json\/wp\/v2\/tags?post=107839"}],"curies":[{"name":"wp","href":"https:\/\/api.w.org\/{rel}","templated":true}]}}