{"id":107825,"date":"2017-10-30T15:48:48","date_gmt":"2017-10-30T18:48:48","guid":{"rendered":"http:\/\/senoticias.com.br\/se\/?p=107825"},"modified":"2017-10-30T20:32:38","modified_gmt":"2017-10-30T23:32:38","slug":"contran-determina-a-identificacao-de-agente-de-transito-que-aplicou-multa","status":"publish","type":"post","link":"https:\/\/senoticias.com.br\/se\/contran-determina-a-identificacao-de-agente-de-transito-que-aplicou-multa\/","title":{"rendered":"Contran determina a identifica\u00e7\u00e3o de agente de tr\u00e2nsito que aplicou multa"},"content":{"rendered":"<p style=\"text-align: justify;\"><span style=\"color: #000000;\">Quem for multado e quiser identificar o agente de tr\u00e2nsito que aplicou a penalidade poder\u00e1 buscar essa informa\u00e7\u00e3o na internet. Listas com os c\u00f3digos e nomes dos agentes e autoridades de tr\u00e2nsito que atuam na fiscaliza\u00e7\u00e3o e s\u00e3o respons\u00e1veis por autua\u00e7\u00e3o de infra\u00e7\u00f5es dever\u00e3o estar dispon\u00edveis na internet para pesquisa.<\/span><\/p>\n<p style=\"text-align: justify;\"><span style=\"color: #000000;\">A determina\u00e7\u00e3o est\u00e1 na Resolu\u00e7\u00e3o 709 do Conselho Nacional de Tr\u00e2nsito (Contran) publicada na edi\u00e7\u00e3o desta segunda-feira (30) do Di\u00e1rio Oficial da Uni\u00e3o.<\/span><\/p>\n<p style=\"text-align: justify;\"><span style=\"color: #000000;\">A lista deve ficar dispon\u00edvel no portal de cada \u00f3rg\u00e3o que comp\u00f5e o Sistema Nacional de Tr\u00e2nsito (SNT). A resolu\u00e7\u00e3o prev\u00ea tamb\u00e9m que sejam publicadas na internet c\u00f3pias dos conv\u00eanios de fiscaliza\u00e7\u00e3o de tr\u00e2nsito firmados pelos \u00f3rg\u00e3os e entidades executivas de tr\u00e2nsito.<\/span><\/p>\n<div id=\"attachment_100792\" style=\"width: 609px\" class=\"wp-caption aligncenter\"><a href=\"http:\/\/senoticias.com.br\/se\/wp-content\/uploads\/2017\/02\/SENot\u00edcias-1317560835-smtt.jpg\"><img loading=\"lazy\" decoding=\"async\" aria-describedby=\"caption-attachment-100792\" class=\"size-full wp-image-100792\" src=\"http:\/\/senoticias.com.br\/se\/wp-content\/uploads\/2017\/02\/SENot\u00edcias-1317560835-smtt.jpg\" alt=\"Foto: Divulga\u00e7\u00e3o \" width=\"599\" height=\"382\" srcset=\"https:\/\/senoticias.com.br\/se\/wp-content\/uploads\/2017\/02\/SENot\u00edcias-1317560835-smtt.jpg 599w, https:\/\/senoticias.com.br\/se\/wp-content\/uploads\/2017\/02\/SENot\u00edcias-1317560835-smtt-300x191.jpg 300w, https:\/\/senoticias.com.br\/se\/wp-content\/uploads\/2017\/02\/SENot\u00edcias-1317560835-smtt-190x122.jpg 190w, https:\/\/senoticias.com.br\/se\/wp-content\/uploads\/2017\/02\/SENot\u00edcias-1317560835-smtt-120x76.jpg 120w, https:\/\/senoticias.com.br\/se\/wp-content\/uploads\/2017\/02\/SENot\u00edcias-1317560835-smtt-265x168.jpg 265w, https:\/\/senoticias.com.br\/se\/wp-content\/uploads\/2017\/02\/SENot\u00edcias-1317560835-smtt-284x180.jpg 284w, https:\/\/senoticias.com.br\/se\/wp-content\/uploads\/2017\/02\/SENot\u00edcias-1317560835-smtt-220x140.jpg 220w\" sizes=\"(max-width: 599px) 100vw, 599px\" \/><\/a><p id=\"caption-attachment-100792\" class=\"wp-caption-text\">Foto: Divulga\u00e7\u00e3o<\/p><\/div>\n<p style=\"text-align: justify;\"><span style=\"color: #000000;\">De acordo com o Contran, o intuito das medidas \u00e9 ampliar a transpar\u00eancia nos processos de infra\u00e7\u00e3o de tr\u00e2nsito, bem como a garantir a ampla defesa. A resolu\u00e7\u00e3o entra em vigor a partir da publica\u00e7\u00e3o no Di\u00e1rio Oficial.<\/span><\/p>\n<p style=\"text-align: justify;\"><span style=\"color: #000000;\">A Ag\u00eancia Brasil procurou o Contran para saber como ser\u00e1 a indentifica\u00e7\u00e3o do agente que aplicou a multa, mas n\u00e3o obteve retorno at\u00e9 a publica\u00e7\u00e3o desta mat\u00e9ria.<\/span><\/p>\n<p style=\"text-align: justify;\"><strong><span style=\"color: #000000;\">Regulamenta\u00e7\u00e3o de multa a pessoa jur\u00eddica<\/span><\/strong><\/p>\n<p style=\"text-align: justify;\"><span style=\"color: #000000;\">Outra resolu\u00e7\u00e3o publicada hoje regulamenta e unifica os procedimentos para que a multa seja aplica\u00e7\u00e3o a pessoa jur\u00eddica propriet\u00e1ria do ve\u00edculo quando o condutor que cometeu a infra\u00e7\u00e3o n\u00e3o for identificado.<\/span><\/p>\n<p style=\"text-align: justify;\"><span style=\"color: #000000;\">A Resolu\u00e7\u00e3o 710, que entra em vigor em 30 dias, regulamenta o par\u00e1grafo oitavo do Artigo 257 do C\u00f3digo Brasileiro de Tr\u00e2nsito e determina que a notifica\u00e7\u00e3o da penalidade tenha registrada a identifica\u00e7\u00e3o do \u00f3rg\u00e3o de tr\u00e2nsito que aplicou a penalidade, o nome da pessoa jur\u00eddica propriet\u00e1ria do ve\u00edculo, descri\u00e7\u00e3o da penalidade e valor da multa, entre outras informa\u00e7\u00f5es.<\/span><\/p>\n<p style=\"text-align: justify;\"><a href=\"http:\/\/senoticias.com.br\/se\/wp-content\/uploads\/2017\/10\/Logo-fone-1-2-1-2-4-6-1-1-1-2-1-1.jpg\"><img loading=\"lazy\" decoding=\"async\" class=\"aligncenter size-full wp-image-107713\" src=\"http:\/\/senoticias.com.br\/se\/wp-content\/uploads\/2017\/10\/Logo-fone-1-2-1-2-4-6-1-1-1-2-1-1.jpg\" alt=\"Logo-fone-1-2-1-2-4-6-1-1-1-2-1\" width=\"599\" height=\"78\" srcset=\"https:\/\/senoticias.com.br\/se\/wp-content\/uploads\/2017\/10\/Logo-fone-1-2-1-2-4-6-1-1-1-2-1-1.jpg 599w, https:\/\/senoticias.com.br\/se\/wp-content\/uploads\/2017\/10\/Logo-fone-1-2-1-2-4-6-1-1-1-2-1-1-300x39.jpg 300w\" sizes=\"(max-width: 599px) 100vw, 599px\" \/><\/a><\/p>\n<p><em><strong>Acompanhe tamb\u00e9m o SE Not\u00edcias no\u00a0<a href=\"https:\/\/twitter.com\/Senoticias\" target=\"_blank\">Twitter<\/a>,\u00a0<a href=\"https:\/\/www.facebook.com\/senoticias1\" target=\"_blank\">Facebook<\/a>\u00a0e no\u00a0<a href=\"https:\/\/www.instagram.com\/senoticias\/\" target=\"_blank\">Instagram<\/a><\/strong><\/em><\/p>\n<p><em>Da Ag\u00eancia Brasil<\/em><\/p>\n","protected":false},"excerpt":{"rendered":"<p>Quem for multado e quiser identificar o agente de tr\u00e2nsito que aplicou a penalidade poder\u00e1 buscar essa informa\u00e7\u00e3o na internet. Listas com os c\u00f3digos e nomes dos agentes e autoridades de tr\u00e2nsito que atuam na fiscaliza\u00e7\u00e3o e s\u00e3o respons\u00e1veis por autua\u00e7\u00e3o de infra\u00e7\u00f5es dever\u00e3o estar dispon\u00edveis na internet para pesquisa. A determina\u00e7\u00e3o est\u00e1 na Resolu\u00e7\u00e3o [&hellip;]<\/p>\n","protected":false},"author":2,"featured_media":0,"comment_status":"closed","ping_status":"closed","sticky":false,"template":"","format":"standard","meta":{"footnotes":""},"categories":[2961],"tags":[6783,339,6784,1828,4080,2979],"class_list":{"0":"post-107825","1":"post","2":"type-post","3":"status-publish","4":"format-standard","6":"category-nacional","7":"tag-agentesdetransito","8":"tag-aracaju","9":"tag-contrand","10":"tag-detran","11":"tag-multas","12":"tag-smtt"},"_links":{"self":[{"href":"https:\/\/senoticias.com.br\/se\/wp-json\/wp\/v2\/posts\/107825"}],"collection":[{"href":"https:\/\/senoticias.com.br\/se\/wp-json\/wp\/v2\/posts"}],"about":[{"href":"https:\/\/senoticias.com.br\/se\/wp-json\/wp\/v2\/types\/post"}],"author":[{"embeddable":true,"href":"https:\/\/senoticias.com.br\/se\/wp-json\/wp\/v2\/users\/2"}],"replies":[{"embeddable":true,"href":"https:\/\/senoticias.com.br\/se\/wp-json\/wp\/v2\/comments?post=107825"}],"version-history":[{"count":0,"href":"https:\/\/senoticias.com.br\/se\/wp-json\/wp\/v2\/posts\/107825\/revisions"}],"wp:attachment":[{"href":"https:\/\/senoticias.com.br\/se\/wp-json\/wp\/v2\/media?parent=107825"}],"wp:term":[{"taxonomy":"category","embeddable":true,"href":"https:\/\/senoticias.com.br\/se\/wp-json\/wp\/v2\/categories?post=107825"},{"taxonomy":"post_tag","embeddable":true,"href":"https:\/\/senoticias.com.br\/se\/wp-json\/wp\/v2\/tags?post=107825"}],"curies":[{"name":"wp","href":"https:\/\/api.w.org\/{rel}","templated":true}]}}